{"id":1110,"date":"2021-08-15T09:45:54","date_gmt":"2021-08-15T07:45:54","guid":{"rendered":"https:\/\/odettekocht.de\/de\/?p=1110"},"modified":"2021-08-17T06:10:46","modified_gmt":"2021-08-17T04:10:46","slug":"artischocken-mit-joghurt-kraeuter-dip","status":"publish","type":"post","link":"https:\/\/odettekocht.de\/de\/2021\/rezepte\/artischocken-mit-joghurt-kraeuter-dip\/","title":{"rendered":"Artischocken mit Joghurt-Kr\u00e4uter-Dip"},"content":{"rendered":"\n<figure class=\"wp-block-image size-large\"><img loading=\"lazy\" decoding=\"async\" width=\"1024\" height=\"1024\" src=\"https:\/\/odettekocht.de\/de\/wp-content\/uploads\/2021\/08\/98C8F0C4-65B4-4BBE-82A7-9FBF2CD07ED3-1024x1024.jpeg\" alt=\"Ein mit einer hellblau-wei\u00df gemusterten Tischdecke gedeckter Tisch. Auf dem wei\u00dfen Teller liegt eine gekochte Artischocke. Geschnittenes Baguette und ein Joghurt-Kr\u00e4uter-Dip steht bereit. Dazu ein Glas Wei\u00dfwein.\" class=\"wp-image-1111\" srcset=\"https:\/\/odettekocht.de\/de\/wp-content\/uploads\/2021\/08\/98C8F0C4-65B4-4BBE-82A7-9FBF2CD07ED3-1024x1024.jpeg 1024w, https:\/\/odettekocht.de\/de\/wp-content\/uploads\/2021\/08\/98C8F0C4-65B4-4BBE-82A7-9FBF2CD07ED3-300x300.jpeg 300w, https:\/\/odettekocht.de\/de\/wp-content\/uploads\/2021\/08\/98C8F0C4-65B4-4BBE-82A7-9FBF2CD07ED3-150x150.jpeg 150w, https:\/\/odettekocht.de\/de\/wp-content\/uploads\/2021\/08\/98C8F0C4-65B4-4BBE-82A7-9FBF2CD07ED3-768x768.jpeg 768w, https:\/\/odettekocht.de\/de\/wp-content\/uploads\/2021\/08\/98C8F0C4-65B4-4BBE-82A7-9FBF2CD07ED3-1536x1536.jpeg 1536w, https:\/\/odettekocht.de\/de\/wp-content\/uploads\/2021\/08\/98C8F0C4-65B4-4BBE-82A7-9FBF2CD07ED3-2048x2048.jpeg 2048w, https:\/\/odettekocht.de\/de\/wp-content\/uploads\/2021\/08\/98C8F0C4-65B4-4BBE-82A7-9FBF2CD07ED3-1140x1140.jpeg 1140w, https:\/\/odettekocht.de\/de\/wp-content\/uploads\/2021\/08\/98C8F0C4-65B4-4BBE-82A7-9FBF2CD07ED3-75x75.jpeg 75w, https:\/\/odettekocht.de\/de\/wp-content\/uploads\/2021\/08\/98C8F0C4-65B4-4BBE-82A7-9FBF2CD07ED3-1320x1320.jpeg 1320w\" sizes=\"auto, (max-width: 1024px) 100vw, 1024px\" \/><\/figure>\n\n\n\n<p>Schon oft habe ich bei <a href=\"https:\/\/www.instagram.com\/odettekocht\" target=\"_blank\" rel=\"noreferrer noopener\">Instagram<\/a> Bilder von unseren Artischocken-Essen in meinen Stories gezeigt. Und immer, wirklich immer gab es Anfragen, wie man die zubereitet und isst. Wenn Du Dich das auch schon oft gefragt hast und Dich bislang nie daran getraut hast, kommt hier die ultimative Anleitung! Ich schw\u00f6re, das ist \u00fcberhaupt nicht so be\u00e4ngstigend wie es scheint. Und dieses Essen ist nicht nur super lecker, sondern macht auch noch total viel Spa\u00df! Ich koche Artischocken wirklich regelm\u00e4\u00dfig und mehrmals im Jahr, denn sie haben tats\u00e4chlich immer Saison. Allerdings schmecken Sie im Sommer und Herbst angeblich am besten. Ich kann das so nicht best\u00e4tigen; uns schmecken sie immer!<\/p>\n\n\n\n<!--more-->\n\n\n\n<p>Ich bin mit Artischocken gro\u00df geworden. Meine Mama liebt sie bis heute und hat sie f\u00fcr sich und mich schon in den 70er\/80er Jahren gekocht. Mein Vater, der (nicht nur kulinarisch) eher konservativ war und mit so \u2018nem neumodischen Kram nichts anfangen konnte, war an solchen Abenden in der Regel auf Dienstreisen. Diese exklusiven Mutter-Tochter-Abende habe ich immer sehr genossen, denn da gab\u2018s immer &#8211; f\u00fcr diese Zeit zumindest &#8211; ausgefallenes Essen, das Papi nicht mochte. Schnecken in Kr\u00e4uterbutter zum Beispiel, Pasta (damals war die italienische K\u00fcche noch exotisch &#8211; wer erinnert sich?) oder eben Artischocken mit Dip. Die Neugier auf besondere Gerichte habe ich wohl von ihr geerbt.<\/p>\n\n\n\n<p>Der beste Mann von allen hingegen hat seine erste Artischocke erst mit 19 Jahren gegessen und das wohl auch nur, weil er eine Liebe zu Frankreich hegt. Bei ihm zu Hause gab\u2018s sowas nicht und ich denke, dass das nicht so ungew\u00f6hnlich ist. Unsere Kinder hingegen sind logischerweise ebenfalls mit Artischocken aufgewachsen und haben ihre ersten Bl\u00e4tter durch die Z\u00e4hne gezogen, sobald sie welche hatten. Interessant dabei war, dass ihnen der Geschmack nie zu herb war; wahrscheinlich \u00fcberwog der Spa\u00dffaktor beim Essen.<\/p>\n\n\n\n<p>Grunds\u00e4tzlich gibt es zwei verschiedene Arten von Artischocken. Einmal die hier besprochenen gro\u00dfen, kugeligen, gr\u00fcnen Exemplare aus Frankreich, bei denen man nur den unteren fleischigen Teil der Bl\u00e4tter und den Boden isst und dann gibt es noch die kleinen schmalen, oftmals violetten Artischocken aus Italien oder Spanien, die so zart sind, dass man sie im Ganzen essen kann. Die kennst Du garantiert als Pizzabelag oder eingelegt als Antipasti beim Italiener. Oder &#8211; nicht zu vergessen &#8211; von <strong><a href=\"https:\/\/odettekocht.de\/de\/2020\/rezepte\/artischockencreme-mit-tomaten-und-basilikum\/\">hier<\/a><\/strong>! <\/p>\n\n\n\n<p>Noch ein paar gute Gr\u00fcnde gef\u00e4llig, warum Du Artischocken \u00f6fter mal in Deinen Speiseplan integrieren solltest? Sie sind nat\u00fcrlich super gesund, voller Vitamine und Mineralstoffe! Und kalorienarm! Die enthaltenen Bitterstoffe wirken sich positiv auf Deine Verdauung aus und das ebenfalls enthaltene Cynarin wirkt antioxidativ, ist gut f\u00fcr Deine Gallent\u00e4tigkeit und steht in dem Ruf, den Cholesterinspiegel zu senken. Na dann\u2026 Los geht\u2018s!<\/p>\n\n\n\n<h4 class=\"wp-block-heading\">Man nehme<\/h4>\n\n\n\n<ul class=\"wp-block-list\"><li>1 gro\u00dfe Artischocke pro Person<\/li><li>1\/2 Bio-Zitrone, gewaschen und geviertelt<\/li><li>Salz<\/li><\/ul>\n\n\n\n<h4 class=\"wp-block-heading\">F\u00fcr den Joghurt-Kr\u00e4uter-Dip<\/h4>\n\n\n\n<ul class=\"wp-block-list\"><li>1 Becher griechischer Joghurt mit 10% Fett<\/li><li>Saft der anderen H\u00e4lfte der Bio-Zitrone<\/li><li>4-5 EL frische Kr\u00e4uter, hier Schnittlauch, Dill und Kresse<\/li><li>1 kleine Knoblauchzehe, gepresst<\/li><li>Salz und schwarzer Pfeffer aus der M\u00fchle <\/li><li>1 Prise Zucker<\/li><li>2 EL Oliven\u00f6l<\/li><\/ul>\n\n\n\n<h4 class=\"wp-block-heading\">Alternativ: Senf-Basilikum-Dip<\/h4>\n\n\n\n<ul class=\"wp-block-list\"><li>1 Becher Cr\u00e8me Fraiche<\/li><li>1-2 EL k\u00f6rniger Senf<\/li><li>1 EL Orangensaft<\/li><li>optional 1 EL Brandy oder Sherry (kann man auch weglassen, wenn Kinder mitessen oder wenn Du nichts davon im Haus hast. Dann nimmst Du einfach 2 EL Orangensaft.)<\/li><li>1 Handvoll Basilikumbl\u00e4ttchen, fein geschnitten<\/li><li>Salz und schwarzer Pfeffer aus der M\u00fchle <\/li><\/ul>\n\n\n\n<h4 class=\"wp-block-heading\">So geht\u2018s<\/h4>\n\n\n\n<p>Am schnellsten lassen sich Artischocken im Schnellkochtopf (der Name ist Programm\u2026) zubereiten. Wenn Du keinen hast, ist das kein Problem, dauert halt nur l\u00e4nger.<\/p>\n\n\n\n<p>Zun\u00e4chst brichst Du den Stiel der Artischocken (am besten \u00fcber einer Tischkante) m\u00f6glichst nah an den Bl\u00e4ttern ab. Beim Abbrechen ziehst Du gleichzeitig harte F\u00e4den aus dem Boden, daher bitte wirklich brechen und nicht abschneiden.<\/p>\n\n\n\n<p>F\u00fclle Deinen Schnellkochtopf ca. 5 cm hoch mit Wasser (bei einem normalen Topf w\u00fcrde ich etwas mehr Wasser nehmen, die Artischocken sollten dann etwa zur H\u00e4lfte im Wasser liegen). In das Wasser wirfst Du die Zitronenst\u00fccke, w\u00fcrzt mit Salz und legst die Artischocken hinein. Deckel drauf und im Schnellkochtopf ca. 18 &#8211; 20 Minuten kochen. Im normalen Kochtopf betr\u00e4gt die Kochzeit etwa 40 Minuten. Die Artischocken sind gar, wenn sich die mittleren Bl\u00e4tter m\u00fchelos herausziehen lassen<\/p>\n\n\n\n<p>Parallel r\u00fchrst Du den Dip an. F\u00fcr zwei Personen reicht ein Dip, ab drei oder vier Personen lohnen sich dann schon zwei Dips.<\/p>\n\n\n\n<p>Am Ende der Kochzeit nimmst Du die Artischocken aus dem Wasser und l\u00e4sst sie &#8211; am besten \u00fcber Kopf &#8211; gut abtropfen. Und servierst sie wie oben auf dem Bild. <\/p>\n\n\n\n<p>Und jetzt folgt die Schritt-f\u00fcr-Schritt-Anleitung, wie man Artischocken zu Leibe r\u00fcckt:<\/p>\n\n\n\n<figure class=\"wp-block-image size-large\"><img loading=\"lazy\" decoding=\"async\" width=\"1024\" height=\"1024\" src=\"https:\/\/odettekocht.de\/de\/wp-content\/uploads\/2021\/08\/BCFFCFC8-6E72-4C3F-8F65-27EF38128EBB-1024x1024.jpeg\" alt=\"So isst man Artischocken: Die Bl\u00e4tter abzupfen und den unteren fleischigen Teil in den Dip tunken.\" class=\"wp-image-1112\" srcset=\"https:\/\/odettekocht.de\/de\/wp-content\/uploads\/2021\/08\/BCFFCFC8-6E72-4C3F-8F65-27EF38128EBB-1024x1024.jpeg 1024w, https:\/\/odettekocht.de\/de\/wp-content\/uploads\/2021\/08\/BCFFCFC8-6E72-4C3F-8F65-27EF38128EBB-300x300.jpeg 300w, https:\/\/odettekocht.de\/de\/wp-content\/uploads\/2021\/08\/BCFFCFC8-6E72-4C3F-8F65-27EF38128EBB-150x150.jpeg 150w, https:\/\/odettekocht.de\/de\/wp-content\/uploads\/2021\/08\/BCFFCFC8-6E72-4C3F-8F65-27EF38128EBB-768x768.jpeg 768w, https:\/\/odettekocht.de\/de\/wp-content\/uploads\/2021\/08\/BCFFCFC8-6E72-4C3F-8F65-27EF38128EBB-1536x1536.jpeg 1536w, https:\/\/odettekocht.de\/de\/wp-content\/uploads\/2021\/08\/BCFFCFC8-6E72-4C3F-8F65-27EF38128EBB-2048x2048.jpeg 2048w, https:\/\/odettekocht.de\/de\/wp-content\/uploads\/2021\/08\/BCFFCFC8-6E72-4C3F-8F65-27EF38128EBB-1140x1140.jpeg 1140w, https:\/\/odettekocht.de\/de\/wp-content\/uploads\/2021\/08\/BCFFCFC8-6E72-4C3F-8F65-27EF38128EBB-75x75.jpeg 75w, https:\/\/odettekocht.de\/de\/wp-content\/uploads\/2021\/08\/BCFFCFC8-6E72-4C3F-8F65-27EF38128EBB-1320x1320.jpeg 1320w\" sizes=\"auto, (max-width: 1024px) 100vw, 1024px\" \/><figcaption>Umdrehen und von unten her die Bl\u00e4tter einzeln abl\u00f6sen und in den Dip tauchen.<\/figcaption><\/figure>\n\n\n\n<figure class=\"wp-block-image size-large\"><img loading=\"lazy\" decoding=\"async\" width=\"1024\" height=\"1024\" src=\"https:\/\/odettekocht.de\/de\/wp-content\/uploads\/2021\/08\/990C8DBF-D278-4A1D-9F90-567924F0F206-1024x1024.jpeg\" alt=\"Den unteren Teil der Bl\u00e4tter \u00fcber die unteren Z\u00e4hne abziehen.\" class=\"wp-image-1113\" srcset=\"https:\/\/odettekocht.de\/de\/wp-content\/uploads\/2021\/08\/990C8DBF-D278-4A1D-9F90-567924F0F206-1024x1024.jpeg 1024w, https:\/\/odettekocht.de\/de\/wp-content\/uploads\/2021\/08\/990C8DBF-D278-4A1D-9F90-567924F0F206-300x300.jpeg 300w, https:\/\/odettekocht.de\/de\/wp-content\/uploads\/2021\/08\/990C8DBF-D278-4A1D-9F90-567924F0F206-150x150.jpeg 150w, https:\/\/odettekocht.de\/de\/wp-content\/uploads\/2021\/08\/990C8DBF-D278-4A1D-9F90-567924F0F206-768x768.jpeg 768w, https:\/\/odettekocht.de\/de\/wp-content\/uploads\/2021\/08\/990C8DBF-D278-4A1D-9F90-567924F0F206-1536x1536.jpeg 1536w, https:\/\/odettekocht.de\/de\/wp-content\/uploads\/2021\/08\/990C8DBF-D278-4A1D-9F90-567924F0F206-2048x2048.jpeg 2048w, https:\/\/odettekocht.de\/de\/wp-content\/uploads\/2021\/08\/990C8DBF-D278-4A1D-9F90-567924F0F206-1140x1140.jpeg 1140w, https:\/\/odettekocht.de\/de\/wp-content\/uploads\/2021\/08\/990C8DBF-D278-4A1D-9F90-567924F0F206-75x75.jpeg 75w, https:\/\/odettekocht.de\/de\/wp-content\/uploads\/2021\/08\/990C8DBF-D278-4A1D-9F90-567924F0F206-1320x1320.jpeg 1320w\" sizes=\"auto, (max-width: 1024px) 100vw, 1024px\" \/><figcaption>Den fleischigen unteren Teil des Blattes \u00fcber die unteren Z\u00e4hne abziehen.<\/figcaption><\/figure>\n\n\n\n<figure class=\"wp-block-image size-large\"><img loading=\"lazy\" decoding=\"async\" width=\"1024\" height=\"1024\" src=\"https:\/\/odettekocht.de\/de\/wp-content\/uploads\/2021\/08\/22B57839-B374-4C80-8349-DACD50865AF6-1024x1024.jpeg\" alt=\"Eine Sch\u00fcssel mit abgezogenen Artischockenbl\u00e4ttern; der Abfall.\" class=\"wp-image-1114\" srcset=\"https:\/\/odettekocht.de\/de\/wp-content\/uploads\/2021\/08\/22B57839-B374-4C80-8349-DACD50865AF6-1024x1024.jpeg 1024w, https:\/\/odettekocht.de\/de\/wp-content\/uploads\/2021\/08\/22B57839-B374-4C80-8349-DACD50865AF6-300x300.jpeg 300w, https:\/\/odettekocht.de\/de\/wp-content\/uploads\/2021\/08\/22B57839-B374-4C80-8349-DACD50865AF6-150x150.jpeg 150w, https:\/\/odettekocht.de\/de\/wp-content\/uploads\/2021\/08\/22B57839-B374-4C80-8349-DACD50865AF6-768x768.jpeg 768w, https:\/\/odettekocht.de\/de\/wp-content\/uploads\/2021\/08\/22B57839-B374-4C80-8349-DACD50865AF6-1140x1140.jpeg 1140w, https:\/\/odettekocht.de\/de\/wp-content\/uploads\/2021\/08\/22B57839-B374-4C80-8349-DACD50865AF6-75x75.jpeg 75w, https:\/\/odettekocht.de\/de\/wp-content\/uploads\/2021\/08\/22B57839-B374-4C80-8349-DACD50865AF6.jpeg 1280w\" sizes=\"auto, (max-width: 1024px) 100vw, 1024px\" \/><figcaption>Abgezogene Bl\u00e4tter entsorgen.<\/figcaption><\/figure>\n\n\n\n<figure class=\"wp-block-image size-large\"><img loading=\"lazy\" decoding=\"async\" width=\"1024\" height=\"1024\" src=\"https:\/\/odettekocht.de\/de\/wp-content\/uploads\/2021\/08\/582E90F2-523C-4E61-84F0-55C0016E6E21-1024x1024.jpeg\" alt=\"Zum Boden hin werden die Bl\u00e4tter immer feiner und heller.\" class=\"wp-image-1115\" srcset=\"https:\/\/odettekocht.de\/de\/wp-content\/uploads\/2021\/08\/582E90F2-523C-4E61-84F0-55C0016E6E21-1024x1024.jpeg 1024w, https:\/\/odettekocht.de\/de\/wp-content\/uploads\/2021\/08\/582E90F2-523C-4E61-84F0-55C0016E6E21-300x300.jpeg 300w, https:\/\/odettekocht.de\/de\/wp-content\/uploads\/2021\/08\/582E90F2-523C-4E61-84F0-55C0016E6E21-150x150.jpeg 150w, https:\/\/odettekocht.de\/de\/wp-content\/uploads\/2021\/08\/582E90F2-523C-4E61-84F0-55C0016E6E21-768x768.jpeg 768w, https:\/\/odettekocht.de\/de\/wp-content\/uploads\/2021\/08\/582E90F2-523C-4E61-84F0-55C0016E6E21-1536x1536.jpeg 1536w, https:\/\/odettekocht.de\/de\/wp-content\/uploads\/2021\/08\/582E90F2-523C-4E61-84F0-55C0016E6E21-2048x2048.jpeg 2048w, https:\/\/odettekocht.de\/de\/wp-content\/uploads\/2021\/08\/582E90F2-523C-4E61-84F0-55C0016E6E21-1140x1140.jpeg 1140w, https:\/\/odettekocht.de\/de\/wp-content\/uploads\/2021\/08\/582E90F2-523C-4E61-84F0-55C0016E6E21-75x75.jpeg 75w, https:\/\/odettekocht.de\/de\/wp-content\/uploads\/2021\/08\/582E90F2-523C-4E61-84F0-55C0016E6E21-1320x1320.jpeg 1320w\" sizes=\"auto, (max-width: 1024px) 100vw, 1024px\" \/><figcaption>Zum Schluss, zur Mitte hin, werden die Bl\u00e4tter immer feiner und es ist kaum noch was dran.<\/figcaption><\/figure>\n\n\n\n<figure class=\"wp-block-image size-large\"><img loading=\"lazy\" decoding=\"async\" width=\"1024\" height=\"1024\" src=\"https:\/\/odettekocht.de\/de\/wp-content\/uploads\/2021\/08\/AA3C0F90-0297-49D7-8BE6-684F2DAC85DB-1024x1024.jpeg\" alt=\"Das \u201eHeu\u201c im Inneren der Artischocke ist ungenie\u00dfbar.\" class=\"wp-image-1116\" srcset=\"https:\/\/odettekocht.de\/de\/wp-content\/uploads\/2021\/08\/AA3C0F90-0297-49D7-8BE6-684F2DAC85DB-1024x1024.jpeg 1024w, https:\/\/odettekocht.de\/de\/wp-content\/uploads\/2021\/08\/AA3C0F90-0297-49D7-8BE6-684F2DAC85DB-300x300.jpeg 300w, https:\/\/odettekocht.de\/de\/wp-content\/uploads\/2021\/08\/AA3C0F90-0297-49D7-8BE6-684F2DAC85DB-150x150.jpeg 150w, https:\/\/odettekocht.de\/de\/wp-content\/uploads\/2021\/08\/AA3C0F90-0297-49D7-8BE6-684F2DAC85DB-768x768.jpeg 768w, https:\/\/odettekocht.de\/de\/wp-content\/uploads\/2021\/08\/AA3C0F90-0297-49D7-8BE6-684F2DAC85DB-1536x1536.jpeg 1536w, https:\/\/odettekocht.de\/de\/wp-content\/uploads\/2021\/08\/AA3C0F90-0297-49D7-8BE6-684F2DAC85DB-2048x2048.jpeg 2048w, https:\/\/odettekocht.de\/de\/wp-content\/uploads\/2021\/08\/AA3C0F90-0297-49D7-8BE6-684F2DAC85DB-1140x1140.jpeg 1140w, https:\/\/odettekocht.de\/de\/wp-content\/uploads\/2021\/08\/AA3C0F90-0297-49D7-8BE6-684F2DAC85DB-75x75.jpeg 75w, https:\/\/odettekocht.de\/de\/wp-content\/uploads\/2021\/08\/AA3C0F90-0297-49D7-8BE6-684F2DAC85DB-1320x1320.jpeg 1320w\" sizes=\"auto, (max-width: 1024px) 100vw, 1024px\" \/><figcaption>Das \u201eHeu\u201c auf dem Boden. Das muss weg.<\/figcaption><\/figure>\n\n\n\n<figure class=\"wp-block-image size-large\"><img loading=\"lazy\" decoding=\"async\" width=\"1024\" height=\"1024\" src=\"https:\/\/odettekocht.de\/de\/wp-content\/uploads\/2021\/08\/664BBC63-D9DA-4B18-AAAF-811BC8E37221-1024x1024.jpeg\" alt=\"Das Heu l\u00e4sst sich mit einem Messer abheben.\" class=\"wp-image-1117\" srcset=\"https:\/\/odettekocht.de\/de\/wp-content\/uploads\/2021\/08\/664BBC63-D9DA-4B18-AAAF-811BC8E37221-1024x1024.jpeg 1024w, https:\/\/odettekocht.de\/de\/wp-content\/uploads\/2021\/08\/664BBC63-D9DA-4B18-AAAF-811BC8E37221-300x300.jpeg 300w, https:\/\/odettekocht.de\/de\/wp-content\/uploads\/2021\/08\/664BBC63-D9DA-4B18-AAAF-811BC8E37221-150x150.jpeg 150w, https:\/\/odettekocht.de\/de\/wp-content\/uploads\/2021\/08\/664BBC63-D9DA-4B18-AAAF-811BC8E37221-768x768.jpeg 768w, https:\/\/odettekocht.de\/de\/wp-content\/uploads\/2021\/08\/664BBC63-D9DA-4B18-AAAF-811BC8E37221-1536x1536.jpeg 1536w, https:\/\/odettekocht.de\/de\/wp-content\/uploads\/2021\/08\/664BBC63-D9DA-4B18-AAAF-811BC8E37221-2048x2048.jpeg 2048w, https:\/\/odettekocht.de\/de\/wp-content\/uploads\/2021\/08\/664BBC63-D9DA-4B18-AAAF-811BC8E37221-1140x1140.jpeg 1140w, https:\/\/odettekocht.de\/de\/wp-content\/uploads\/2021\/08\/664BBC63-D9DA-4B18-AAAF-811BC8E37221-75x75.jpeg 75w, https:\/\/odettekocht.de\/de\/wp-content\/uploads\/2021\/08\/664BBC63-D9DA-4B18-AAAF-811BC8E37221-1320x1320.jpeg 1320w\" sizes=\"auto, (max-width: 1024px) 100vw, 1024px\" \/><figcaption>Das Heu l\u00e4sst sich ganz gut mit einem Messer abheben.<\/figcaption><\/figure>\n\n\n\n<figure class=\"wp-block-image size-large\"><img loading=\"lazy\" decoding=\"async\" width=\"1024\" height=\"1024\" src=\"https:\/\/odettekocht.de\/de\/wp-content\/uploads\/2021\/08\/738140A8-6CDB-4A2C-A624-083E6A8C2216-1024x1024.jpeg\" alt=\"Der nackte Artischockenboden, bereit zum Verzehr.\" class=\"wp-image-1118\" srcset=\"https:\/\/odettekocht.de\/de\/wp-content\/uploads\/2021\/08\/738140A8-6CDB-4A2C-A624-083E6A8C2216-1024x1024.jpeg 1024w, https:\/\/odettekocht.de\/de\/wp-content\/uploads\/2021\/08\/738140A8-6CDB-4A2C-A624-083E6A8C2216-300x300.jpeg 300w, https:\/\/odettekocht.de\/de\/wp-content\/uploads\/2021\/08\/738140A8-6CDB-4A2C-A624-083E6A8C2216-150x150.jpeg 150w, https:\/\/odettekocht.de\/de\/wp-content\/uploads\/2021\/08\/738140A8-6CDB-4A2C-A624-083E6A8C2216-768x768.jpeg 768w, https:\/\/odettekocht.de\/de\/wp-content\/uploads\/2021\/08\/738140A8-6CDB-4A2C-A624-083E6A8C2216-1536x1536.jpeg 1536w, https:\/\/odettekocht.de\/de\/wp-content\/uploads\/2021\/08\/738140A8-6CDB-4A2C-A624-083E6A8C2216-2048x2048.jpeg 2048w, https:\/\/odettekocht.de\/de\/wp-content\/uploads\/2021\/08\/738140A8-6CDB-4A2C-A624-083E6A8C2216-1140x1140.jpeg 1140w, https:\/\/odettekocht.de\/de\/wp-content\/uploads\/2021\/08\/738140A8-6CDB-4A2C-A624-083E6A8C2216-75x75.jpeg 75w, https:\/\/odettekocht.de\/de\/wp-content\/uploads\/2021\/08\/738140A8-6CDB-4A2C-A624-083E6A8C2216-1320x1320.jpeg 1320w\" sizes=\"auto, (max-width: 1024px) 100vw, 1024px\" \/><figcaption>Voil\u00e0, der Artischockenboden. Den schneidest Du in St\u00fccke und isst ihn mit dem Dip. Leeecker!<\/figcaption><\/figure>\n\n\n\n<p>Lass es Dir schmecken!<\/p>\n","protected":false},"excerpt":{"rendered":"<p>Schon oft habe ich bei Instagram Bilder von unseren Artischocken-Essen in meinen Stories gezeigt. Und immer, wirklich immer gab es Anfragen, wie man die zubereitet und isst. Wenn Du Dich das auch schon oft gefragt hast und Dich bislang nie daran getraut hast, kommt hier die ultimative Anleitung! Ich schw\u00f6re, das ist \u00fcberhaupt nicht so be\u00e4ngstigend wie es scheint. Und dieses Essen ist nicht nur super lecker, sondern macht auch noch total viel Spa\u00df! Ich koche Artischocken wirklich regelm\u00e4\u00dfig und mehrmals im Jahr, denn sie haben tats\u00e4chlich immer Saison. Allerdings schmecken Sie im Sommer und Herbst angeblich am besten. Ich kann das so nicht best\u00e4tigen; uns schmecken sie immer!<\/p>\n","protected":false},"author":1,"featured_media":0,"comment_status":"open","ping_status":"open","sticky":false,"template":"","format":"standard","meta":{"footnotes":""},"categories":[222,1,38],"tags":[307],"class_list":["post-1110","post","type-post","status-publish","format-standard","hentry","category-gemuese","category-rezepte","category-vegetarisch","tag-artischocke"],"yoast_head":"<!-- This site is optimized with the Yoast SEO plugin v27.5 - https:\/\/yoast.com\/product\/yoast-seo-wordpress\/ -->\n<title>Artischocken mit Joghurt-Kr\u00e4uter-Dip - ODETTE KOCHT<\/title>\n<meta name=\"description\" content=\"Wolltest Du immer schon wissen, wie man Artischocken zubereitet und isst? Hier kommt die ultimative Schritt-f\u00fcr-Schritt-Anleitung! Los geht\u2018s!\" \/>\n<meta name=\"robots\" content=\"index, follow, max-snippet:-1, max-image-preview:large, max-video-preview:-1\" \/>\n<link rel=\"canonical\" href=\"https:\/\/odettekocht.de\/de\/2021\/rezepte\/artischocken-mit-joghurt-kraeuter-dip\/\" \/>\n<meta property=\"og:locale\" content=\"de_DE\" \/>\n<meta property=\"og:type\" content=\"article\" \/>\n<meta property=\"og:title\" content=\"Artischocken mit Joghurt-Kr\u00e4uter-Dip - ODETTE KOCHT\" \/>\n<meta property=\"og:description\" content=\"Wolltest Du immer schon wissen, wie man Artischocken zubereitet und isst? Hier kommt die ultimative Schritt-f\u00fcr-Schritt-Anleitung! Los geht\u2018s!\" \/>\n<meta property=\"og:url\" content=\"https:\/\/odettekocht.de\/de\/2021\/rezepte\/artischocken-mit-joghurt-kraeuter-dip\/\" \/>\n<meta property=\"og:site_name\" content=\"ODETTE KOCHT\" \/>\n<meta property=\"article:published_time\" content=\"2021-08-15T07:45:54+00:00\" \/>\n<meta property=\"article:modified_time\" content=\"2021-08-17T04:10:46+00:00\" \/>\n<meta property=\"og:image\" content=\"https:\/\/odettekocht.de\/de\/wp-content\/uploads\/2021\/08\/98C8F0C4-65B4-4BBE-82A7-9FBF2CD07ED3-1024x1024.jpeg\" \/>\n<meta name=\"author\" content=\"Odette\" \/>\n<meta name=\"twitter:card\" content=\"summary_large_image\" \/>\n<meta name=\"twitter:label1\" content=\"Verfasst von\" \/>\n\t<meta name=\"twitter:data1\" content=\"Odette\" \/>\n\t<meta name=\"twitter:label2\" content=\"Gesch\u00e4tzte Lesezeit\" \/>\n\t<meta name=\"twitter:data2\" content=\"6\u00a0Minuten\" \/>\n<script type=\"application\/ld+json\" class=\"yoast-schema-graph\">{\"@context\":\"https:\\\/\\\/schema.org\",\"@graph\":[{\"@type\":\"Article\",\"@id\":\"https:\\\/\\\/odettekocht.de\\\/de\\\/2021\\\/rezepte\\\/artischocken-mit-joghurt-kraeuter-dip\\\/#article\",\"isPartOf\":{\"@id\":\"https:\\\/\\\/odettekocht.de\\\/de\\\/2021\\\/rezepte\\\/artischocken-mit-joghurt-kraeuter-dip\\\/\"},\"author\":{\"name\":\"Odette\",\"@id\":\"https:\\\/\\\/odettekocht.de\\\/de\\\/#\\\/schema\\\/person\\\/a18de4234a9756c34375e14890d733f7\"},\"headline\":\"Artischocken mit Joghurt-Kr\u00e4uter-Dip\",\"datePublished\":\"2021-08-15T07:45:54+00:00\",\"dateModified\":\"2021-08-17T04:10:46+00:00\",\"mainEntityOfPage\":{\"@id\":\"https:\\\/\\\/odettekocht.de\\\/de\\\/2021\\\/rezepte\\\/artischocken-mit-joghurt-kraeuter-dip\\\/\"},\"wordCount\":881,\"commentCount\":1,\"publisher\":{\"@id\":\"https:\\\/\\\/odettekocht.de\\\/de\\\/#\\\/schema\\\/person\\\/a18de4234a9756c34375e14890d733f7\"},\"image\":{\"@id\":\"https:\\\/\\\/odettekocht.de\\\/de\\\/2021\\\/rezepte\\\/artischocken-mit-joghurt-kraeuter-dip\\\/#primaryimage\"},\"thumbnailUrl\":\"https:\\\/\\\/odettekocht.de\\\/de\\\/wp-content\\\/uploads\\\/2021\\\/08\\\/98C8F0C4-65B4-4BBE-82A7-9FBF2CD07ED3-1024x1024.jpeg\",\"keywords\":[\"Artischocke\"],\"articleSection\":[\"Gem\u00fcse\",\"Rezepte\",\"Vegetarisch\"],\"inLanguage\":\"de\",\"potentialAction\":[{\"@type\":\"CommentAction\",\"name\":\"Comment\",\"target\":[\"https:\\\/\\\/odettekocht.de\\\/de\\\/2021\\\/rezepte\\\/artischocken-mit-joghurt-kraeuter-dip\\\/#respond\"]}]},{\"@type\":\"WebPage\",\"@id\":\"https:\\\/\\\/odettekocht.de\\\/de\\\/2021\\\/rezepte\\\/artischocken-mit-joghurt-kraeuter-dip\\\/\",\"url\":\"https:\\\/\\\/odettekocht.de\\\/de\\\/2021\\\/rezepte\\\/artischocken-mit-joghurt-kraeuter-dip\\\/\",\"name\":\"Artischocken mit Joghurt-Kr\u00e4uter-Dip - ODETTE KOCHT\",\"isPartOf\":{\"@id\":\"https:\\\/\\\/odettekocht.de\\\/de\\\/#website\"},\"primaryImageOfPage\":{\"@id\":\"https:\\\/\\\/odettekocht.de\\\/de\\\/2021\\\/rezepte\\\/artischocken-mit-joghurt-kraeuter-dip\\\/#primaryimage\"},\"image\":{\"@id\":\"https:\\\/\\\/odettekocht.de\\\/de\\\/2021\\\/rezepte\\\/artischocken-mit-joghurt-kraeuter-dip\\\/#primaryimage\"},\"thumbnailUrl\":\"https:\\\/\\\/odettekocht.de\\\/de\\\/wp-content\\\/uploads\\\/2021\\\/08\\\/98C8F0C4-65B4-4BBE-82A7-9FBF2CD07ED3-1024x1024.jpeg\",\"datePublished\":\"2021-08-15T07:45:54+00:00\",\"dateModified\":\"2021-08-17T04:10:46+00:00\",\"description\":\"Wolltest Du immer schon wissen, wie man Artischocken zubereitet und isst? Hier kommt die ultimative Schritt-f\u00fcr-Schritt-Anleitung! Los geht\u2018s!\",\"breadcrumb\":{\"@id\":\"https:\\\/\\\/odettekocht.de\\\/de\\\/2021\\\/rezepte\\\/artischocken-mit-joghurt-kraeuter-dip\\\/#breadcrumb\"},\"inLanguage\":\"de\",\"potentialAction\":[{\"@type\":\"ReadAction\",\"target\":[\"https:\\\/\\\/odettekocht.de\\\/de\\\/2021\\\/rezepte\\\/artischocken-mit-joghurt-kraeuter-dip\\\/\"]}]},{\"@type\":\"ImageObject\",\"inLanguage\":\"de\",\"@id\":\"https:\\\/\\\/odettekocht.de\\\/de\\\/2021\\\/rezepte\\\/artischocken-mit-joghurt-kraeuter-dip\\\/#primaryimage\",\"url\":\"https:\\\/\\\/odettekocht.de\\\/de\\\/wp-content\\\/uploads\\\/2021\\\/08\\\/98C8F0C4-65B4-4BBE-82A7-9FBF2CD07ED3-1024x1024.jpeg\",\"contentUrl\":\"https:\\\/\\\/odettekocht.de\\\/de\\\/wp-content\\\/uploads\\\/2021\\\/08\\\/98C8F0C4-65B4-4BBE-82A7-9FBF2CD07ED3-1024x1024.jpeg\"},{\"@type\":\"BreadcrumbList\",\"@id\":\"https:\\\/\\\/odettekocht.de\\\/de\\\/2021\\\/rezepte\\\/artischocken-mit-joghurt-kraeuter-dip\\\/#breadcrumb\",\"itemListElement\":[{\"@type\":\"ListItem\",\"position\":1,\"name\":\"Startseite\",\"item\":\"https:\\\/\\\/odettekocht.de\\\/de\\\/\"},{\"@type\":\"ListItem\",\"position\":2,\"name\":\"Artischocken mit Joghurt-Kr\u00e4uter-Dip\"}]},{\"@type\":\"WebSite\",\"@id\":\"https:\\\/\\\/odettekocht.de\\\/de\\\/#website\",\"url\":\"https:\\\/\\\/odettekocht.de\\\/de\\\/\",\"name\":\"ODETTE KOCHT\",\"description\":\"QUERBEET | KREATIV | NEUGIERIG\",\"publisher\":{\"@id\":\"https:\\\/\\\/odettekocht.de\\\/de\\\/#\\\/schema\\\/person\\\/a18de4234a9756c34375e14890d733f7\"},\"potentialAction\":[{\"@type\":\"SearchAction\",\"target\":{\"@type\":\"EntryPoint\",\"urlTemplate\":\"https:\\\/\\\/odettekocht.de\\\/de\\\/?s={search_term_string}\"},\"query-input\":{\"@type\":\"PropertyValueSpecification\",\"valueRequired\":true,\"valueName\":\"search_term_string\"}}],\"inLanguage\":\"de\"},{\"@type\":[\"Person\",\"Organization\"],\"@id\":\"https:\\\/\\\/odettekocht.de\\\/de\\\/#\\\/schema\\\/person\\\/a18de4234a9756c34375e14890d733f7\",\"name\":\"Odette\",\"logo\":{\"@id\":\"https:\\\/\\\/odettekocht.de\\\/de\\\/#\\\/schema\\\/person\\\/image\\\/\"}}]}<\/script>\n<!-- \/ Yoast SEO plugin. -->","yoast_head_json":{"title":"Artischocken mit Joghurt-Kr\u00e4uter-Dip - ODETTE KOCHT","description":"Wolltest Du immer schon wissen, wie man Artischocken zubereitet und isst? Hier kommt die ultimative Schritt-f\u00fcr-Schritt-Anleitung! Los geht\u2018s!","robots":{"index":"index","follow":"follow","max-snippet":"max-snippet:-1","max-image-preview":"max-image-preview:large","max-video-preview":"max-video-preview:-1"},"canonical":"https:\/\/odettekocht.de\/de\/2021\/rezepte\/artischocken-mit-joghurt-kraeuter-dip\/","og_locale":"de_DE","og_type":"article","og_title":"Artischocken mit Joghurt-Kr\u00e4uter-Dip - ODETTE KOCHT","og_description":"Wolltest Du immer schon wissen, wie man Artischocken zubereitet und isst? Hier kommt die ultimative Schritt-f\u00fcr-Schritt-Anleitung! Los geht\u2018s!","og_url":"https:\/\/odettekocht.de\/de\/2021\/rezepte\/artischocken-mit-joghurt-kraeuter-dip\/","og_site_name":"ODETTE KOCHT","article_published_time":"2021-08-15T07:45:54+00:00","article_modified_time":"2021-08-17T04:10:46+00:00","og_image":[{"url":"https:\/\/odettekocht.de\/de\/wp-content\/uploads\/2021\/08\/98C8F0C4-65B4-4BBE-82A7-9FBF2CD07ED3-1024x1024.jpeg","type":"","width":"","height":""}],"author":"Odette","twitter_card":"summary_large_image","twitter_misc":{"Verfasst von":"Odette","Gesch\u00e4tzte Lesezeit":"6\u00a0Minuten"},"schema":{"@context":"https:\/\/schema.org","@graph":[{"@type":"Article","@id":"https:\/\/odettekocht.de\/de\/2021\/rezepte\/artischocken-mit-joghurt-kraeuter-dip\/#article","isPartOf":{"@id":"https:\/\/odettekocht.de\/de\/2021\/rezepte\/artischocken-mit-joghurt-kraeuter-dip\/"},"author":{"name":"Odette","@id":"https:\/\/odettekocht.de\/de\/#\/schema\/person\/a18de4234a9756c34375e14890d733f7"},"headline":"Artischocken mit Joghurt-Kr\u00e4uter-Dip","datePublished":"2021-08-15T07:45:54+00:00","dateModified":"2021-08-17T04:10:46+00:00","mainEntityOfPage":{"@id":"https:\/\/odettekocht.de\/de\/2021\/rezepte\/artischocken-mit-joghurt-kraeuter-dip\/"},"wordCount":881,"commentCount":1,"publisher":{"@id":"https:\/\/odettekocht.de\/de\/#\/schema\/person\/a18de4234a9756c34375e14890d733f7"},"image":{"@id":"https:\/\/odettekocht.de\/de\/2021\/rezepte\/artischocken-mit-joghurt-kraeuter-dip\/#primaryimage"},"thumbnailUrl":"https:\/\/odettekocht.de\/de\/wp-content\/uploads\/2021\/08\/98C8F0C4-65B4-4BBE-82A7-9FBF2CD07ED3-1024x1024.jpeg","keywords":["Artischocke"],"articleSection":["Gem\u00fcse","Rezepte","Vegetarisch"],"inLanguage":"de","potentialAction":[{"@type":"CommentAction","name":"Comment","target":["https:\/\/odettekocht.de\/de\/2021\/rezepte\/artischocken-mit-joghurt-kraeuter-dip\/#respond"]}]},{"@type":"WebPage","@id":"https:\/\/odettekocht.de\/de\/2021\/rezepte\/artischocken-mit-joghurt-kraeuter-dip\/","url":"https:\/\/odettekocht.de\/de\/2021\/rezepte\/artischocken-mit-joghurt-kraeuter-dip\/","name":"Artischocken mit Joghurt-Kr\u00e4uter-Dip - ODETTE KOCHT","isPartOf":{"@id":"https:\/\/odettekocht.de\/de\/#website"},"primaryImageOfPage":{"@id":"https:\/\/odettekocht.de\/de\/2021\/rezepte\/artischocken-mit-joghurt-kraeuter-dip\/#primaryimage"},"image":{"@id":"https:\/\/odettekocht.de\/de\/2021\/rezepte\/artischocken-mit-joghurt-kraeuter-dip\/#primaryimage"},"thumbnailUrl":"https:\/\/odettekocht.de\/de\/wp-content\/uploads\/2021\/08\/98C8F0C4-65B4-4BBE-82A7-9FBF2CD07ED3-1024x1024.jpeg","datePublished":"2021-08-15T07:45:54+00:00","dateModified":"2021-08-17T04:10:46+00:00","description":"Wolltest Du immer schon wissen, wie man Artischocken zubereitet und isst? Hier kommt die ultimative Schritt-f\u00fcr-Schritt-Anleitung! Los geht\u2018s!","breadcrumb":{"@id":"https:\/\/odettekocht.de\/de\/2021\/rezepte\/artischocken-mit-joghurt-kraeuter-dip\/#breadcrumb"},"inLanguage":"de","potentialAction":[{"@type":"ReadAction","target":["https:\/\/odettekocht.de\/de\/2021\/rezepte\/artischocken-mit-joghurt-kraeuter-dip\/"]}]},{"@type":"ImageObject","inLanguage":"de","@id":"https:\/\/odettekocht.de\/de\/2021\/rezepte\/artischocken-mit-joghurt-kraeuter-dip\/#primaryimage","url":"https:\/\/odettekocht.de\/de\/wp-content\/uploads\/2021\/08\/98C8F0C4-65B4-4BBE-82A7-9FBF2CD07ED3-1024x1024.jpeg","contentUrl":"https:\/\/odettekocht.de\/de\/wp-content\/uploads\/2021\/08\/98C8F0C4-65B4-4BBE-82A7-9FBF2CD07ED3-1024x1024.jpeg"},{"@type":"BreadcrumbList","@id":"https:\/\/odettekocht.de\/de\/2021\/rezepte\/artischocken-mit-joghurt-kraeuter-dip\/#breadcrumb","itemListElement":[{"@type":"ListItem","position":1,"name":"Startseite","item":"https:\/\/odettekocht.de\/de\/"},{"@type":"ListItem","position":2,"name":"Artischocken mit Joghurt-Kr\u00e4uter-Dip"}]},{"@type":"WebSite","@id":"https:\/\/odettekocht.de\/de\/#website","url":"https:\/\/odettekocht.de\/de\/","name":"ODETTE KOCHT","description":"QUERBEET | KREATIV | NEUGIERIG","publisher":{"@id":"https:\/\/odettekocht.de\/de\/#\/schema\/person\/a18de4234a9756c34375e14890d733f7"},"potentialAction":[{"@type":"SearchAction","target":{"@type":"EntryPoint","urlTemplate":"https:\/\/odettekocht.de\/de\/?s={search_term_string}"},"query-input":{"@type":"PropertyValueSpecification","valueRequired":true,"valueName":"search_term_string"}}],"inLanguage":"de"},{"@type":["Person","Organization"],"@id":"https:\/\/odettekocht.de\/de\/#\/schema\/person\/a18de4234a9756c34375e14890d733f7","name":"Odette","logo":{"@id":"https:\/\/odettekocht.de\/de\/#\/schema\/person\/image\/"}}]}},"acf":[],"_links":{"self":[{"href":"https:\/\/odettekocht.de\/de\/wp-json\/wp\/v2\/posts\/1110","targetHints":{"allow":["GET"]}}],"collection":[{"href":"https:\/\/odettekocht.de\/de\/wp-json\/wp\/v2\/posts"}],"about":[{"href":"https:\/\/odettekocht.de\/de\/wp-json\/wp\/v2\/types\/post"}],"author":[{"embeddable":true,"href":"https:\/\/odettekocht.de\/de\/wp-json\/wp\/v2\/users\/1"}],"replies":[{"embeddable":true,"href":"https:\/\/odettekocht.de\/de\/wp-json\/wp\/v2\/comments?post=1110"}],"version-history":[{"count":9,"href":"https:\/\/odettekocht.de\/de\/wp-json\/wp\/v2\/posts\/1110\/revisions"}],"predecessor-version":[{"id":1128,"href":"https:\/\/odettekocht.de\/de\/wp-json\/wp\/v2\/posts\/1110\/revisions\/1128"}],"wp:attachment":[{"href":"https:\/\/odettekocht.de\/de\/wp-json\/wp\/v2\/media?parent=1110"}],"wp:term":[{"taxonomy":"category","embeddable":true,"href":"https:\/\/odettekocht.de\/de\/wp-json\/wp\/v2\/categories?post=1110"},{"taxonomy":"post_tag","embeddable":true,"href":"https:\/\/odettekocht.de\/de\/wp-json\/wp\/v2\/tags?post=1110"}],"curies":[{"name":"wp","href":"https:\/\/api.w.org\/{rel}","templated":true}]}}