{"id":1202,"date":"2021-12-05T08:55:00","date_gmt":"2021-12-05T07:55:00","guid":{"rendered":"https:\/\/odettekocht.de\/de\/?p=1202"},"modified":"2021-12-18T14:39:48","modified_gmt":"2021-12-18T13:39:48","slug":"monatsrueckblick-bye-bye-november-und-oktober","status":"publish","type":"post","link":"https:\/\/odettekocht.de\/de\/2021\/persoenliches\/monatsrueckblick\/monatsrueckblick-bye-bye-november-und-oktober\/","title":{"rendered":"Monatsr\u00fcckblick: Bye bye November (und Oktober)"},"content":{"rendered":"\n<figure class=\"wp-block-image size-large\"><img loading=\"lazy\" decoding=\"async\" width=\"768\" height=\"1024\" src=\"https:\/\/odettekocht.de\/de\/wp-content\/uploads\/2021\/11\/C84BFC5F-A6FB-4B78-97DD-B0379E88F90D-768x1024.jpeg\" alt=\"Blick von einer Aussichtsplattform zwischen zwei B\u00e4umen durch auf den Petersdom und die D\u00e4cher von Rom. Abendd\u00e4mmerung, der Himmel ist wolkenverhangen.\" class=\"wp-image-1203\" srcset=\"https:\/\/odettekocht.de\/de\/wp-content\/uploads\/2021\/11\/C84BFC5F-A6FB-4B78-97DD-B0379E88F90D-768x1024.jpeg 768w, https:\/\/odettekocht.de\/de\/wp-content\/uploads\/2021\/11\/C84BFC5F-A6FB-4B78-97DD-B0379E88F90D-225x300.jpeg 225w, https:\/\/odettekocht.de\/de\/wp-content\/uploads\/2021\/11\/C84BFC5F-A6FB-4B78-97DD-B0379E88F90D-1152x1536.jpeg 1152w, https:\/\/odettekocht.de\/de\/wp-content\/uploads\/2021\/11\/C84BFC5F-A6FB-4B78-97DD-B0379E88F90D-1536x2048.jpeg 1536w, https:\/\/odettekocht.de\/de\/wp-content\/uploads\/2021\/11\/C84BFC5F-A6FB-4B78-97DD-B0379E88F90D-1140x1520.jpeg 1140w, https:\/\/odettekocht.de\/de\/wp-content\/uploads\/2021\/11\/C84BFC5F-A6FB-4B78-97DD-B0379E88F90D-1320x1760.jpeg 1320w, https:\/\/odettekocht.de\/de\/wp-content\/uploads\/2021\/11\/C84BFC5F-A6FB-4B78-97DD-B0379E88F90D-scaled.jpeg 1920w\" sizes=\"auto, (max-width: 768px) 100vw, 768px\" \/><\/figure>\n\n\n\n<p>Ende Oktober haben wir uns einen Traum erf\u00fcllt und haben einen Da-wollte-ich-immer-schon-mal-hin-Sehnsuchtsort besucht: Wir waren in Rom! Und da im Oktober au\u00dfer der Reiseplanung nicht viel Berichtenswertes passiert ist, habe ich mir (und Dir) diesen R\u00fcckblick erspart und fasse das hier einfach mal zusammen. Reiseplanung an sich ist ja eh schon immer ein bisschen aufregend, vor allem, wenn man eher kein Pauschalreisebucher ist, sondern normalerweise den Wohnwagen hintendran h\u00e4ngt und einfach losf\u00e4hrt. Dahin, wo das Wetter gerade sch\u00f6n ist. Diese Form des spontanen Reisens ist durch Corona sicherlich etwas schwieriger geworden und eine Woche Rom macht man sowieso nicht mit dem Wohnwagen. Also <em>wir<\/em> jedenfalls nicht. Also Unterkunft und Flug buchen. Corona-Reiseregeln checken. Am besten t\u00e4glich.<\/p>\n\n\n\n<!--more-->\n\n\n\n<p>Bin ich sonst nur aufgeregt, war ich diesmal am Rande mehrerer Panikattacken. Schon bei der Buchung wird man vom freundlichen Internetz darauf hingewiesen, dass man doch besser eine Reiser\u00fccktrittsversicherung abschlie\u00dfen sollte. Oder eine Covid-all-in-Versicherung, falls man am Urlaubsort erkrankt und dort in Quarant\u00e4ne, auf die Intensivstation und was wei\u00df ich noch alles muss. Horrorszenarien werden entworfen, was alles passieren k\u00f6nnte, wenn Du vorher oder w\u00e4hrenddessen krank wirst. Also Versicherung f\u00fcr die Fl\u00fcge abgeschlossen und ein Hotel gebucht, das ich (nat\u00fcrlich gegen Aufpreis) bis eine Woche vorher kostenfrei h\u00e4tte stornieren k\u00f6nnen. Hinterher dachte ich mir, dass das eigentlich Quatsch war. Aber hinterher ist man ja immer kl\u00fcger.<\/p>\n\n\n\n<p>Tagelang (wirklich, ich \u00fcbertreibe nicht!) schlecht geschlafen vor Aufregung. F\u00fcr die Einreise nach Rom muss man sich online anmelden, best\u00e4tigen, dass man kein Corona einschleppen wird und bekommt dann einen QR-Code, den man auf Verlangen vorzeigen muss. Danach hat vor Ort \u00fcbrigens nie wieder jemand gefragt. Am Flughafen D\u00fcsseldorf mussten wir die Impfausweise vorzeigen und dann das \u00fcbliche Sicherheitstrara durchlaufen. Soweit, so normal. Bei Ankunft in Rom kommt man dann von Bord und bekommt erstmal mit einer Art Laserpistole Fieber gemessen. Gut, dass ich das nicht vorher wusste! (Vor dem R\u00fcckflug habe mich schon am Vortag immer wieder daraufhin \u00fcberpr\u00fcft, ob ich wohl Fieber bekomme. Geht doch nichts \u00fcber eine ordentliche Neurose, hahaha.)<\/p>\n\n\n\n<p>Das Ding mit dem Fiebermessen wird \u00fcbrigens an vielen wichtigen Sehensw\u00fcrdigkeiten durchgezogen. Vor dem Besuch im Petersdom, im Pantheon, in Museen. Wir hatten also regelm\u00e4\u00dfige Temperaturkontrollen\u2026 Die Impfausweise wurden in allen \u00f6ffentlichen Einrichtungen kontrolliert; in Restaurants meistens, aber auch nicht immer. Irgendwie hatten wir das Gef\u00fchl, dass die Italiener das besser im Griff haben als wir Deutschen. Aber Italien war ja letztes Jahr auch ziemlich gebeutelt und hat daraus offensichtlich gelernt. Trotzdem f\u00fchlte sich das Leben leicht und unbeschwert an. Und wieviel Leben dort war!<\/p>\n\n\n\n<figure class=\"wp-block-image size-large\"><img loading=\"lazy\" decoding=\"async\" width=\"1024\" height=\"1024\" src=\"https:\/\/odettekocht.de\/de\/wp-content\/uploads\/2021\/11\/4140B228-A869-4060-BEA3-38E93B3D093E-1024x1024.jpeg\" alt=\"Nachts im J\u00fcdischen Ghetto. Unz\u00e4hlige Restaurants haben Tische und St\u00fchle auf die Stra\u00dfe gestellt. Menschen sitzen dort und essen.\" class=\"wp-image-1218\" srcset=\"https:\/\/odettekocht.de\/de\/wp-content\/uploads\/2021\/11\/4140B228-A869-4060-BEA3-38E93B3D093E-1024x1024.jpeg 1024w, https:\/\/odettekocht.de\/de\/wp-content\/uploads\/2021\/11\/4140B228-A869-4060-BEA3-38E93B3D093E-300x300.jpeg 300w, https:\/\/odettekocht.de\/de\/wp-content\/uploads\/2021\/11\/4140B228-A869-4060-BEA3-38E93B3D093E-150x150.jpeg 150w, https:\/\/odettekocht.de\/de\/wp-content\/uploads\/2021\/11\/4140B228-A869-4060-BEA3-38E93B3D093E-768x768.jpeg 768w, https:\/\/odettekocht.de\/de\/wp-content\/uploads\/2021\/11\/4140B228-A869-4060-BEA3-38E93B3D093E-1536x1536.jpeg 1536w, https:\/\/odettekocht.de\/de\/wp-content\/uploads\/2021\/11\/4140B228-A869-4060-BEA3-38E93B3D093E-2048x2048.jpeg 2048w, https:\/\/odettekocht.de\/de\/wp-content\/uploads\/2021\/11\/4140B228-A869-4060-BEA3-38E93B3D093E-1140x1140.jpeg 1140w, https:\/\/odettekocht.de\/de\/wp-content\/uploads\/2021\/11\/4140B228-A869-4060-BEA3-38E93B3D093E-75x75.jpeg 75w, https:\/\/odettekocht.de\/de\/wp-content\/uploads\/2021\/11\/4140B228-A869-4060-BEA3-38E93B3D093E-1320x1320.jpeg 1320w\" sizes=\"auto, (max-width: 1024px) 100vw, 1024px\" \/><figcaption>Nachtleben im J\u00fcdischen Ghetto<\/figcaption><\/figure>\n\n\n\n<p>Nicht nur, dass wir an einem (auch f\u00fcr Italiener) langen Wochenende angekommen sind &#8211; nein, es war auch noch G20 Gipfeltreffen. Es waren also wirklich <em>sehr<\/em> viele Menschen in Rom\u2026.! Aber wie sch\u00f6n das nachts ist! Bei vergleichsweise milden Temperaturen waren die Restaurants voll. Wo immer es m\u00f6glich war, hatten die Besitzer Tische und St\u00fchle auf die Stra\u00dfe gestellt und \u00fcberall wurde gegessen und getrunken und gelacht und erz\u00e4hlt. Wie ich diese Atmosph\u00e4re liebe! In meinem n\u00e4chsten Leben komme ich in einer mediterranen Gro\u00dfstadt auf die Welt. In <strong><a href=\"https:\/\/odettekocht.de\/de\/2021\/rezepte\/monatsrueckblick-bye-bye-september\/\">Avignon<\/a><\/strong> oder Rom. Egal. <\/p>\n\n\n\n<figure class=\"wp-block-image size-large\"><img loading=\"lazy\" decoding=\"async\" width=\"768\" height=\"1024\" src=\"https:\/\/odettekocht.de\/de\/wp-content\/uploads\/2021\/11\/67F4045D-AD61-4F04-A65A-C6E0E8C64B8A-768x1024.jpeg\" alt=\"Nachts in Rom. Unter einer Markise einer Osteria sitzen Menschen und essen. Alles ist warm beleuchtet und sieht so gem\u00fctlich aus.\" class=\"wp-image-1224\" srcset=\"https:\/\/odettekocht.de\/de\/wp-content\/uploads\/2021\/11\/67F4045D-AD61-4F04-A65A-C6E0E8C64B8A-768x1024.jpeg 768w, https:\/\/odettekocht.de\/de\/wp-content\/uploads\/2021\/11\/67F4045D-AD61-4F04-A65A-C6E0E8C64B8A-225x300.jpeg 225w, https:\/\/odettekocht.de\/de\/wp-content\/uploads\/2021\/11\/67F4045D-AD61-4F04-A65A-C6E0E8C64B8A-1152x1536.jpeg 1152w, https:\/\/odettekocht.de\/de\/wp-content\/uploads\/2021\/11\/67F4045D-AD61-4F04-A65A-C6E0E8C64B8A-1536x2048.jpeg 1536w, https:\/\/odettekocht.de\/de\/wp-content\/uploads\/2021\/11\/67F4045D-AD61-4F04-A65A-C6E0E8C64B8A-1140x1520.jpeg 1140w, https:\/\/odettekocht.de\/de\/wp-content\/uploads\/2021\/11\/67F4045D-AD61-4F04-A65A-C6E0E8C64B8A-1320x1760.jpeg 1320w, https:\/\/odettekocht.de\/de\/wp-content\/uploads\/2021\/11\/67F4045D-AD61-4F04-A65A-C6E0E8C64B8A-scaled.jpeg 1920w\" sizes=\"auto, (max-width: 768px) 100vw, 768px\" \/><figcaption>Anderswo nachts in Rom<\/figcaption><\/figure>\n\n\n\n<p>Rom ist wirklich eine zauberhafte Stadt! Ich glaube, ich habe zuvor noch niemals derart geschichtstr\u00e4chtigen Boden betreten; auch wenn man als <strong><a href=\"https:\/\/de.wikipedia.org\/wiki\/Novaesium\">Neusser<\/a><\/strong> ja quasi entfernt verwandt ist. Oder so. Ich habe mein Herz schon am ersten Tag verloren. Es war so ein bisschen wie in New York ankommen, nur ohne die Hochh\u00e4user. Ich lief durch die Stra\u00dfen und dachte immerzu \u201eWow, ich bin im Rom! Kneif mich bitte mal!\u201c. Alte H\u00e4user, alle 100 Meter eine noch \u00e4ltere Kirche (\u00fcber 900 insgesamt), Kopfsteinpflastergassen. Inhabergef\u00fchrte kleine Gesch\u00e4fte, unz\u00e4hlige Caf\u00e9s, Restaurants und Bars.<\/p>\n\n\n\n<figure class=\"wp-block-image size-large\"><img loading=\"lazy\" decoding=\"async\" width=\"768\" height=\"1024\" src=\"https:\/\/odettekocht.de\/de\/wp-content\/uploads\/2021\/11\/0C6427A4-0277-4D7C-9398-08040F25E764-768x1024.jpeg\" alt=\"Eine Hinterhof-Idylle. Mit Wein bewachsene terracottafarbene W\u00e4nde, begr\u00fcnte Balkone, ein kleiner Tisch mit St\u00fchlen, ein Fahrrad.\" class=\"wp-image-1221\" srcset=\"https:\/\/odettekocht.de\/de\/wp-content\/uploads\/2021\/11\/0C6427A4-0277-4D7C-9398-08040F25E764-768x1024.jpeg 768w, https:\/\/odettekocht.de\/de\/wp-content\/uploads\/2021\/11\/0C6427A4-0277-4D7C-9398-08040F25E764-225x300.jpeg 225w, https:\/\/odettekocht.de\/de\/wp-content\/uploads\/2021\/11\/0C6427A4-0277-4D7C-9398-08040F25E764-1152x1536.jpeg 1152w, https:\/\/odettekocht.de\/de\/wp-content\/uploads\/2021\/11\/0C6427A4-0277-4D7C-9398-08040F25E764-1536x2048.jpeg 1536w, https:\/\/odettekocht.de\/de\/wp-content\/uploads\/2021\/11\/0C6427A4-0277-4D7C-9398-08040F25E764-1140x1520.jpeg 1140w, https:\/\/odettekocht.de\/de\/wp-content\/uploads\/2021\/11\/0C6427A4-0277-4D7C-9398-08040F25E764-1320x1760.jpeg 1320w, https:\/\/odettekocht.de\/de\/wp-content\/uploads\/2021\/11\/0C6427A4-0277-4D7C-9398-08040F25E764-scaled.jpeg 1920w\" sizes=\"auto, (max-width: 768px) 100vw, 768px\" \/><figcaption>Hinterhof-Idylle<\/figcaption><\/figure>\n\n\n\n<figure class=\"wp-block-image size-large is-resized\"><img loading=\"lazy\" decoding=\"async\" src=\"https:\/\/odettekocht.de\/de\/wp-content\/uploads\/2021\/11\/85F86636-643F-4E87-9E79-3812FBBAD127-768x1024.jpeg\" alt=\"Zwei Schweizer Gardisten in ihren blau-gelb-rot gestreiften Uniformen stehen Wache am Petersdom.\" class=\"wp-image-1222\" width=\"752\" height=\"1003\" srcset=\"https:\/\/odettekocht.de\/de\/wp-content\/uploads\/2021\/11\/85F86636-643F-4E87-9E79-3812FBBAD127-768x1024.jpeg 768w, https:\/\/odettekocht.de\/de\/wp-content\/uploads\/2021\/11\/85F86636-643F-4E87-9E79-3812FBBAD127-225x300.jpeg 225w, https:\/\/odettekocht.de\/de\/wp-content\/uploads\/2021\/11\/85F86636-643F-4E87-9E79-3812FBBAD127-1152x1536.jpeg 1152w, https:\/\/odettekocht.de\/de\/wp-content\/uploads\/2021\/11\/85F86636-643F-4E87-9E79-3812FBBAD127-1536x2048.jpeg 1536w, https:\/\/odettekocht.de\/de\/wp-content\/uploads\/2021\/11\/85F86636-643F-4E87-9E79-3812FBBAD127-1140x1520.jpeg 1140w, https:\/\/odettekocht.de\/de\/wp-content\/uploads\/2021\/11\/85F86636-643F-4E87-9E79-3812FBBAD127-1320x1760.jpeg 1320w, https:\/\/odettekocht.de\/de\/wp-content\/uploads\/2021\/11\/85F86636-643F-4E87-9E79-3812FBBAD127-scaled.jpeg 1920w\" sizes=\"auto, (max-width: 752px) 100vw, 752px\" \/><figcaption>Schweizer Garde am Petersdom<\/figcaption><\/figure>\n\n\n\n<figure class=\"wp-block-image size-large\"><img loading=\"lazy\" decoding=\"async\" width=\"1024\" height=\"1024\" src=\"https:\/\/odettekocht.de\/de\/wp-content\/uploads\/2021\/11\/FEC5A0A9-3703-4CA2-AE84-A4A99B9D457A-1024x1024.jpeg\" alt=\"Ein Priester im Talar steht am Rande einer Altstadtgasse und tippt in sein Handy. Zwei Welten prallen aufeinander\u2026\" class=\"wp-image-1225\" srcset=\"https:\/\/odettekocht.de\/de\/wp-content\/uploads\/2021\/11\/FEC5A0A9-3703-4CA2-AE84-A4A99B9D457A-1024x1024.jpeg 1024w, https:\/\/odettekocht.de\/de\/wp-content\/uploads\/2021\/11\/FEC5A0A9-3703-4CA2-AE84-A4A99B9D457A-300x300.jpeg 300w, https:\/\/odettekocht.de\/de\/wp-content\/uploads\/2021\/11\/FEC5A0A9-3703-4CA2-AE84-A4A99B9D457A-150x150.jpeg 150w, https:\/\/odettekocht.de\/de\/wp-content\/uploads\/2021\/11\/FEC5A0A9-3703-4CA2-AE84-A4A99B9D457A-768x768.jpeg 768w, https:\/\/odettekocht.de\/de\/wp-content\/uploads\/2021\/11\/FEC5A0A9-3703-4CA2-AE84-A4A99B9D457A-1536x1536.jpeg 1536w, https:\/\/odettekocht.de\/de\/wp-content\/uploads\/2021\/11\/FEC5A0A9-3703-4CA2-AE84-A4A99B9D457A-2048x2048.jpeg 2048w, https:\/\/odettekocht.de\/de\/wp-content\/uploads\/2021\/11\/FEC5A0A9-3703-4CA2-AE84-A4A99B9D457A-1140x1140.jpeg 1140w, https:\/\/odettekocht.de\/de\/wp-content\/uploads\/2021\/11\/FEC5A0A9-3703-4CA2-AE84-A4A99B9D457A-75x75.jpeg 75w, https:\/\/odettekocht.de\/de\/wp-content\/uploads\/2021\/11\/FEC5A0A9-3703-4CA2-AE84-A4A99B9D457A-1320x1320.jpeg 1320w\" sizes=\"auto, (max-width: 1024px) 100vw, 1024px\" \/><figcaption>Monsignore chattet vermutlich mit dem Papst\u2026<\/figcaption><\/figure>\n\n\n\n<figure class=\"wp-block-image size-large\"><img loading=\"lazy\" decoding=\"async\" width=\"768\" height=\"1024\" src=\"https:\/\/odettekocht.de\/de\/wp-content\/uploads\/2021\/11\/E4EA7192-15BC-4D75-AA51-150836944372-768x1024.jpeg\" alt=\"Eine Alusch\u00fcssel mit zwei goldbraun frittierten Artischocken darin, die auf einem St\u00fcck hebr\u00e4ischer Zeitung liegen.\" class=\"wp-image-1228\" srcset=\"https:\/\/odettekocht.de\/de\/wp-content\/uploads\/2021\/11\/E4EA7192-15BC-4D75-AA51-150836944372-768x1024.jpeg 768w, https:\/\/odettekocht.de\/de\/wp-content\/uploads\/2021\/11\/E4EA7192-15BC-4D75-AA51-150836944372-225x300.jpeg 225w, https:\/\/odettekocht.de\/de\/wp-content\/uploads\/2021\/11\/E4EA7192-15BC-4D75-AA51-150836944372-1152x1536.jpeg 1152w, https:\/\/odettekocht.de\/de\/wp-content\/uploads\/2021\/11\/E4EA7192-15BC-4D75-AA51-150836944372-1536x2048.jpeg 1536w, https:\/\/odettekocht.de\/de\/wp-content\/uploads\/2021\/11\/E4EA7192-15BC-4D75-AA51-150836944372-1140x1520.jpeg 1140w, https:\/\/odettekocht.de\/de\/wp-content\/uploads\/2021\/11\/E4EA7192-15BC-4D75-AA51-150836944372-1320x1760.jpeg 1320w, https:\/\/odettekocht.de\/de\/wp-content\/uploads\/2021\/11\/E4EA7192-15BC-4D75-AA51-150836944372-scaled.jpeg 1920w\" sizes=\"auto, (max-width: 768px) 100vw, 768px\" \/><figcaption>Carciofi alla Giudia &#8211; Frittierte Artischocken auf j\u00fcdische Art. <br>Die isst man so, wie sie serviert werden. Mit allem drum und dran. Sehr knusprig und sehr lecker!<\/figcaption><\/figure>\n\n\n\n<p>Stolze 122.024 Schritte haben wir in 6 Tagen abgerissen. Und so ziemlich alle Sehensw\u00fcrdigkeiten gesehen. Nur die Vatikanischen Museen mit der Sixtinischen Kapelle konnten wir nicht besuchen. Daf\u00fcr h\u00e4tten wir uns am besten schon einen Woche vorher online anmelden m\u00fcssen, da derzeit die Besucherzahlen eingeschr\u00e4nkt sind. Das hatten wir leider nicht auf dem Schirm. Aber da haben wir doch einen guten Grund, nochmal nach Rom zu fahren! <\/p>\n\n\n\n<p>Muss ich erw\u00e4hnen, dass wir &#8211; mal abgesehen von dem etwas freudlosen Fr\u00fchst\u00fcck im Hotel, aber Italiener fr\u00fchst\u00fccken ja auch nicht wirklich &#8211; fantastisch gegessen haben? Trotzdem waren wir beide nach einer Woche mit italienischem Essen (und man isst in Rom quasi ausschlie\u00dflich italienisch, es gibt fast nichts anderes) ziemlich fertig mit Pizza und Pasta. F\u00fcr alle die, die vielleicht auch bald mal nach Rom wollen, habe ich aber noch drei Restaurant-Tipps:<\/p>\n\n\n\n<p><strong><a href=\"http:\/\/www.trattoriaderpallaro.it\/\">Der Pallaro<\/a><\/strong>. Nein das ist kein Schreibfehler. Es ist <s>vielleicht<\/s> ganz sicher nicht das sch\u00f6nste Restaurant in Rom und es war auch nicht das beste Essen, aber ich liebe das Konzept: Es gibt, was auf den Tisch kommt. Keine Karte, keine Diskussionen. Man muss sich einfach mal einlassen. Vier G\u00e4nge aus dem, was Markt (und Supermarkt) an dem Tag so zu bieten hatte. Die Nonna kocht, verteilt zwischendurch mal kleine H\u00e4ppchen aus der K\u00fcche und schaut nach dem Rechten. Wein gibt\u2018s in der Karaffe, rot oder wei\u00df. Fertig. Und all das f\u00fcr kleines Geld. Wir hatten gro\u00dfen Spa\u00df!<\/p>\n\n\n\n<p><strong><a href=\"https:\/\/www.baghetto.com\/\">Baghetto<\/a><\/strong>. K\u00f6stliche j\u00fcdische K\u00fcche. Da haben wir die frittierten Artischocken gegessen, siehe oben.<\/p>\n\n\n\n<p><strong><a href=\"https:\/\/www.mimiecoco.com\/\">Mimi e Coco<\/a><\/strong> im Ausgeh-Viertel Trastevere. Ein super netter, unkomplizierter und eher preiswerter Laden, der einen fantastischen Aperitivo (ein alkoholisches Getr\u00e4nk nach Wahl, z.B. Aperol Spritz, mit kleinen Snacks dazu) serviert. Die von uns bestellten Hauptgerichte waren ebenfalls k\u00f6stlich und nach dem Aperitivo eigentlich kaum noch zu schaffen. Da w\u00fcrde ich auch unbedingt wieder hinwollen.<\/p>\n\n\n\n<h4 class=\"wp-block-heading\">Was sonst noch so war\u2026<\/h4>\n\n\n\n<p>Corona ereilte uns dann zu Hause. Wie es das Schicksal wollte (oder wer sonst?!), hatte der beste Mann von allen engeren Kontakt zu einer sp\u00e4ter positiv getesteten Person. War ja klar, dass das irgendwann mal passieren musste. Trotzdem ein bl\u00f6der Zeitpunkt, denn wir wollten eigentlich noch ein langes Wochenende in Berlin verbringen. Aber wahrscheinlich ist jeder Zeitpunkt, zu dem so etwas passiert, ein bl\u00f6der Zeitpunkt. Wie auch immer &#8211; wir haben alle Verabredungen erstmal abgesagt, arbeiteten im Homeoffice und hofften darauf, dass alles gut wird. Wurde es dann auch!<\/p>\n\n\n\n<h4 class=\"wp-block-heading\">Gelesen<\/h4>\n\n\n\n<p><strong>Demut<\/strong> von Mats Olsson. Krimi\/Thriller-Freunde aufgepasst: Ein gro\u00dfartiges Buch! Eigentlich will ich gar nicht viel erz\u00e4hlen, um nichts vorweg zu nehmen. Also &#8211; ganz kurz &#8211; ein ehemaliger Journalist ger\u00e4t zuf\u00e4llig an den Tatort eines bizarren Mordes, wittert eine interessante Geschichte und gr\u00e4bt sich immer tiefer. Weitere Morde passieren. Und die Geschichte bleibt, sagen wir mal, pikant. Ich kann Dir au\u00dferdem verraten, dass ich zweimal meine Endhaltestelle verpasst habe, weil das Buch sooo spannend und ich v\u00f6llig versunken war!<\/p>\n\n\n\n<p>Den Reisef\u00fchrer <strong>Rom<\/strong> von Lonely Planet. Kann ich empfehlen! Au\u00dferdem empfehlen kann ich, Reisef\u00fchrer in der \u00f6rtlichen Stadtbibliothek auszuleihen, anstatt sie zu kaufen!<\/p>\n\n\n\n<p><strong>Neujahr<\/strong> von Juli Zeh. Ich muss gestehen, dass ich zuvor noch nichts von Juli Zeh gelesen hatte. Das Buch <strong>Neujahr<\/strong> nahm ich mit nach Rom, weil es nicht so dick ist und ich trotzdem ein bisschen Lesestoff dabeihaben wollte. Was soll ich sagen? In 5 Tagen ausgelesen, die letzte Seite, als das Flugzeug in D\u00fcsseldorf wiederaufgesetzt hat. Von Juli Zeh m\u00f6chte ich definitiv noch mehr lesen. Dieses Buch hier war eine tolle Geschichte von einem gestressten Familienvater, den im Urlaub auf Lanzarote furchtbare Erinnerungen \u00fcberfallen, die er offensichtlich sehr weit in seinem Unterbewusstsein vergraben hatte. Unglaublich packend!<\/p>\n\n\n\n<h4 class=\"wp-block-heading\">Gesehen<\/h4>\n\n\n\n<p>Mit der Tochter <strong>The Morning Show<\/strong> angefangen. Und wieder aufgeh\u00f6rt. Eine gefeierte Serie von und mit Jennifer Aniston und Reese Witherspoon, die zwei Journalistinnen spielen, die eher unfreiwillig zusammenkommen, um die titelgebende Morningshow &#8211; amerikanisches Fr\u00fchst\u00fccksfernsehen &#8211; zu moderieren. Die erste Folge fing schleppend an, die zweite Folge war dann ziemlich gut und wir blieben am Ball. Um dann inmitten der f\u00fcnften Folge festzustellen, dass uns diese Serie leider \u00fcberhaupt nicht abholt. (Apple TV)<\/p>\n\n\n\n<p>Ebenfalls mit der Tochter <strong><a href=\"https:\/\/disney.de\/filme\/soul\">Soul<\/a><\/strong> geguckt. Ein niedlich gemachter Animationsfilm, in dem es darum geht, seine Bestimmung im Leben zu finden. (Disney +)<\/p>\n\n\n\n<p><strong>The Voice of Germany<\/strong> &#8211; Die Blind Auditions. Gucke ich auch traditionellerweise mit der Tochter. Wir sehen aber auch normalerweise wirklich nur die Blind Auditions, in denen die Teams zusammengestellt werden. Wie der Wettbewerb dann ausgeht, interessierte uns bislang nicht weiter. Diesmal brauchten wir eine Weile, um uns mit der neuen Jury &#8211; neu dabei sind Sarah Connor und Johannes Oerding (wer ist das und warum sitzt er da?) &#8211; anzufreunden. Von Sarah Connor habe ich jetzt ein neues Bild.<\/p>\n\n\n\n<p> Lustigerweise habe ich dann zwei, drei Wochen sp\u00e4ter zur Unterhaltung beim Kochen das erste Battle auf dem iPad so nebenbei gesehen, der Mann kam dazu und wir blieben h\u00e4ngen. Hihi. Jetzt gucken der Mann und ich also auch die Battles und bislang macht das Spa\u00df.<\/p>\n\n\n\n<p>Und dann, auch mit der Tochter, eine Mini-Serie namens <strong>Pure<\/strong> gesehen. Im Mittelpunkt steht Marnie, eine junge Frau mit einer Zwangsst\u00f6rung. Ihre Gedanken kreisen permanent um Sex. Einerseits wird das sehr lustig dargestellt, aber es wird auch kein Zweifel daran gelassen, wie unangenehm das eigentlich ist. Marnie flieht aus der Enge ihrer kleinb\u00fcrgerlichen Heimat nach London &#8211; in der Hoffnung, dass sich die St\u00f6rung dort legt. Ich bin etwas zwiegespalten, was diese Serie betrifft. Schon gut gemacht, f\u00fchlte ich mich trotzdem nicht emotional ber\u00fchrt. (ZDF Mediathek)<\/p>\n\n\n\n<p>Dann habe ich ganz alleine die erste Staffel von <strong>The Flight Attendant<\/strong> gesehen. Eine etwas schr\u00e4ge aber sehr unterhaltsame Serie \u00fcber eine Flugbegleiterin, die unversehens in einen Mordfall verwickelt wird. (Prime Video)<\/p>\n\n\n\n<p>Mit dem Mann die dritte Staffel von <strong>Sex Education<\/strong> gesehen. Wer diese Serie noch nicht kennt, hat echt was verpasst! Lass Dich bitte nicht von dem etwas bl\u00f6den Titel abschrecken; ich dachte erst, es sei so eine Art belanglose amerikanische \u201eEis am Stiel\u201c-Teenager-entdecken-die-Liebe-Serie. Ist es aber \u00fcberhaupt nicht. Zun\u00e4chst ist es eine britische Serie. Und das sagt eigentlich schon sehr viel! Witzig, warmherzig und brilliant besetzt. Angucken! (Netflix)<\/p>\n\n\n\n<p>Danach mit dem Mann <strong>Der Kastanienmann<\/strong> gesehen. (Falls Du Dich jetzt fragst, ob ich auch noch was anderes au\u00dfer Serien gucken gemacht habe &#8211; wir reden hier immerhin von zwei Monaten, also bitte! \u00c4hem.) Das ist eine ziemlich spannende und ziemlich d\u00fcstere d\u00e4nische Krimi-Kurzserie. Frauen werden ermordet und der T\u00e4ter hinterl\u00e4sst jeweils ein (wirklich gruseliges) Kastanienm\u00e4nnchen. Eine junge Kommissarin und ein ihr aufgezwungener Partner \u00fcbernehmen die Ermittlungen; die Spur f\u00fchrt zur\u00fcck bis in die 80er Jahre. (Netflix)<\/p>\n\n\n\n<h4 class=\"wp-block-heading\">Neue Kochb\u00fccher<\/h4>\n\n\n\n<p>Ich bin ziemlich sicher, dass ich <em>zwei<\/em> neue Kochb\u00fccher in den vergangenen zwei Monaten gekauft habe. Finde allerdings gerade das zweite nicht und kann mich auch nicht erinnern, welches das war. Stand gerade ratlos vor meinem Regal und lie\u00df den Blick \u00fcber hunderte (tats\u00e4chlich!) Kochbuchr\u00fccken gleiten. Hm. Also vielleicht war es auch doch nur eins\u2026<\/p>\n\n\n\n<p>Dieses eine Buch ist jedenfalls von Tieghan Gerard, die den Blog <strong><a href=\"https:\/\/www.halfbakedharvest.com\/\">Half Baked Harvest<\/a><\/strong> betreibt. Es hei\u00dft <strong>Super Simple<\/strong> und ist untertitelt mit \u201e\u00dcber 125 Rezepte f\u00fcr eine schnelle und einfache Wohlf\u00fchlk\u00fcche\u201c. Und ist das nicht genau das, was wir alle zur Zeit brauchen? Wenn Du auf den Link klickst (aber erst, wenn Du hier fertig bist!), dann siehst Du, was f\u00fcr sch\u00f6ne Rezepte und Bilder dieser Blog bereith\u00e4lt. Wer es liebt, ein Kochbuch in der Hand zu halten und dort vielleicht auch Anmerkungen reinschreiben zu k\u00f6nnen (ich schreibe in alle meine Kochb\u00fccher dauernd irgendwelche Randbemerkungen), oder wer des Englischen nicht so m\u00e4chtig ist und Rezepte und Anleitung lieber auf Deutsch liest, der kaufe sich dieses Buch. Ich mag es sehr!<\/p>\n\n\n\n<div style=\"height:34px\" aria-hidden=\"true\" class=\"wp-block-spacer\"><\/div>\n\n\n\n<p><em>Dieser Beitrag enth\u00e4lt Marken-, Menschen-, Orts- und Produktnennungen sowie Verlinkungen. Dies gilt nach derzeitiger Rechtslage als Werbung und somit kennzeichne ich diesen Beitrag als WERBUNG. Dennoch gilt: Alle hier genannten Produkte, Marken, Menschen oder Orte sind als pers\u00f6nliche und unentgeltliche Empfehlung zu betrachten! Jede bezahlte Kooperation wird immer als solche gekennzeichnet.<\/em><\/p>\n","protected":false},"excerpt":{"rendered":"<p>Ende Oktober haben wir uns einen Traum erf\u00fcllt und haben einen Da-wollte-ich-immer-schon-mal-hin-Sehnsuchtsort besucht: Wir waren in Rom! Und da im Oktober au\u00dfer der Reiseplanung nicht viel Berichtenswertes passiert ist, habe ich mir (und Dir) diesen R\u00fcckblick erspart und fasse das hier einfach mal zusammen. Reiseplanung an sich ist ja eh schon immer ein bisschen aufregend, vor allem, wenn man eher kein Pauschalreisebucher ist, sondern normalerweise den Wohnwagen hintendran h\u00e4ngt und einfach losf\u00e4hrt. Dahin, wo das Wetter gerade sch\u00f6n ist. Diese Form des spontanen Reisens ist durch Corona sicherlich etwas schwieriger geworden und eine Woche Rom macht man sowieso nicht mit dem Wohnwagen. Also wir jedenfalls nicht. Also Unterkunft und Flug buchen. Corona-Reiseregeln checken. Am besten t\u00e4glich.<\/p>\n","protected":false},"author":1,"featured_media":0,"comment_status":"open","ping_status":"open","sticky":false,"template":"","format":"standard","meta":{"footnotes":""},"categories":[301],"tags":[300],"class_list":["post-1202","post","type-post","status-publish","format-standard","hentry","category-monatsrueckblick","tag-monatsrueckblick"],"yoast_head":"<!-- This site is optimized with the Yoast SEO plugin v27.5 - https:\/\/yoast.com\/product\/yoast-seo-wordpress\/ -->\n<title>Monatsr\u00fcckblick: Bye bye November (und Oktober) - ODETTE KOCHT<\/title>\n<meta name=\"description\" content=\"Diesmal im Monatsr\u00fcckblick: Eine Reise nach Rom in schwierigen Zeiten und wie immer ein paar Empfehlungen f\u00fcr Serien, B\u00fccher und Kochb\u00fccher.\" \/>\n<meta name=\"robots\" content=\"index, follow, max-snippet:-1, max-image-preview:large, max-video-preview:-1\" \/>\n<link rel=\"canonical\" href=\"https:\/\/odettekocht.de\/de\/2021\/persoenliches\/monatsrueckblick\/monatsrueckblick-bye-bye-november-und-oktober\/\" \/>\n<meta property=\"og:locale\" content=\"de_DE\" \/>\n<meta property=\"og:type\" content=\"article\" \/>\n<meta property=\"og:title\" content=\"Monatsr\u00fcckblick: Bye bye November (und Oktober) - ODETTE KOCHT\" \/>\n<meta property=\"og:description\" content=\"Diesmal im Monatsr\u00fcckblick: Eine Reise nach Rom in schwierigen Zeiten und wie immer ein paar Empfehlungen f\u00fcr Serien, B\u00fccher und Kochb\u00fccher.\" \/>\n<meta property=\"og:url\" content=\"https:\/\/odettekocht.de\/de\/2021\/persoenliches\/monatsrueckblick\/monatsrueckblick-bye-bye-november-und-oktober\/\" \/>\n<meta property=\"og:site_name\" content=\"ODETTE KOCHT\" \/>\n<meta property=\"article:published_time\" content=\"2021-12-05T07:55:00+00:00\" \/>\n<meta property=\"article:modified_time\" content=\"2021-12-18T13:39:48+00:00\" \/>\n<meta property=\"og:image\" content=\"https:\/\/odettekocht.de\/de\/wp-content\/uploads\/2021\/11\/C84BFC5F-A6FB-4B78-97DD-B0379E88F90D-768x1024.jpeg\" \/>\n<meta name=\"author\" content=\"Odette\" \/>\n<meta name=\"twitter:card\" content=\"summary_large_image\" \/>\n<meta name=\"twitter:label1\" content=\"Verfasst von\" \/>\n\t<meta name=\"twitter:data1\" content=\"Odette\" \/>\n\t<meta name=\"twitter:label2\" content=\"Gesch\u00e4tzte Lesezeit\" \/>\n\t<meta name=\"twitter:data2\" content=\"13\u00a0Minuten\" \/>\n<script type=\"application\/ld+json\" class=\"yoast-schema-graph\">{\"@context\":\"https:\\\/\\\/schema.org\",\"@graph\":[{\"@type\":\"Article\",\"@id\":\"https:\\\/\\\/odettekocht.de\\\/de\\\/2021\\\/persoenliches\\\/monatsrueckblick\\\/monatsrueckblick-bye-bye-november-und-oktober\\\/#article\",\"isPartOf\":{\"@id\":\"https:\\\/\\\/odettekocht.de\\\/de\\\/2021\\\/persoenliches\\\/monatsrueckblick\\\/monatsrueckblick-bye-bye-november-und-oktober\\\/\"},\"author\":{\"name\":\"Odette\",\"@id\":\"https:\\\/\\\/odettekocht.de\\\/de\\\/#\\\/schema\\\/person\\\/a18de4234a9756c34375e14890d733f7\"},\"headline\":\"Monatsr\u00fcckblick: Bye bye November (und Oktober)\",\"datePublished\":\"2021-12-05T07:55:00+00:00\",\"dateModified\":\"2021-12-18T13:39:48+00:00\",\"mainEntityOfPage\":{\"@id\":\"https:\\\/\\\/odettekocht.de\\\/de\\\/2021\\\/persoenliches\\\/monatsrueckblick\\\/monatsrueckblick-bye-bye-november-und-oktober\\\/\"},\"wordCount\":2089,\"commentCount\":8,\"publisher\":{\"@id\":\"https:\\\/\\\/odettekocht.de\\\/de\\\/#\\\/schema\\\/person\\\/a18de4234a9756c34375e14890d733f7\"},\"image\":{\"@id\":\"https:\\\/\\\/odettekocht.de\\\/de\\\/2021\\\/persoenliches\\\/monatsrueckblick\\\/monatsrueckblick-bye-bye-november-und-oktober\\\/#primaryimage\"},\"thumbnailUrl\":\"https:\\\/\\\/odettekocht.de\\\/de\\\/wp-content\\\/uploads\\\/2021\\\/11\\\/C84BFC5F-A6FB-4B78-97DD-B0379E88F90D-768x1024.jpeg\",\"keywords\":[\"Monatsr\u00fcckblick\"],\"articleSection\":[\"Monatsr\u00fcckblick\"],\"inLanguage\":\"de\",\"potentialAction\":[{\"@type\":\"CommentAction\",\"name\":\"Comment\",\"target\":[\"https:\\\/\\\/odettekocht.de\\\/de\\\/2021\\\/persoenliches\\\/monatsrueckblick\\\/monatsrueckblick-bye-bye-november-und-oktober\\\/#respond\"]}]},{\"@type\":\"WebPage\",\"@id\":\"https:\\\/\\\/odettekocht.de\\\/de\\\/2021\\\/persoenliches\\\/monatsrueckblick\\\/monatsrueckblick-bye-bye-november-und-oktober\\\/\",\"url\":\"https:\\\/\\\/odettekocht.de\\\/de\\\/2021\\\/persoenliches\\\/monatsrueckblick\\\/monatsrueckblick-bye-bye-november-und-oktober\\\/\",\"name\":\"Monatsr\u00fcckblick: Bye bye November (und Oktober) - ODETTE KOCHT\",\"isPartOf\":{\"@id\":\"https:\\\/\\\/odettekocht.de\\\/de\\\/#website\"},\"primaryImageOfPage\":{\"@id\":\"https:\\\/\\\/odettekocht.de\\\/de\\\/2021\\\/persoenliches\\\/monatsrueckblick\\\/monatsrueckblick-bye-bye-november-und-oktober\\\/#primaryimage\"},\"image\":{\"@id\":\"https:\\\/\\\/odettekocht.de\\\/de\\\/2021\\\/persoenliches\\\/monatsrueckblick\\\/monatsrueckblick-bye-bye-november-und-oktober\\\/#primaryimage\"},\"thumbnailUrl\":\"https:\\\/\\\/odettekocht.de\\\/de\\\/wp-content\\\/uploads\\\/2021\\\/11\\\/C84BFC5F-A6FB-4B78-97DD-B0379E88F90D-768x1024.jpeg\",\"datePublished\":\"2021-12-05T07:55:00+00:00\",\"dateModified\":\"2021-12-18T13:39:48+00:00\",\"description\":\"Diesmal im Monatsr\u00fcckblick: Eine Reise nach Rom in schwierigen Zeiten und wie immer ein paar Empfehlungen f\u00fcr Serien, B\u00fccher und Kochb\u00fccher.\",\"breadcrumb\":{\"@id\":\"https:\\\/\\\/odettekocht.de\\\/de\\\/2021\\\/persoenliches\\\/monatsrueckblick\\\/monatsrueckblick-bye-bye-november-und-oktober\\\/#breadcrumb\"},\"inLanguage\":\"de\",\"potentialAction\":[{\"@type\":\"ReadAction\",\"target\":[\"https:\\\/\\\/odettekocht.de\\\/de\\\/2021\\\/persoenliches\\\/monatsrueckblick\\\/monatsrueckblick-bye-bye-november-und-oktober\\\/\"]}]},{\"@type\":\"ImageObject\",\"inLanguage\":\"de\",\"@id\":\"https:\\\/\\\/odettekocht.de\\\/de\\\/2021\\\/persoenliches\\\/monatsrueckblick\\\/monatsrueckblick-bye-bye-november-und-oktober\\\/#primaryimage\",\"url\":\"https:\\\/\\\/odettekocht.de\\\/de\\\/wp-content\\\/uploads\\\/2021\\\/11\\\/C84BFC5F-A6FB-4B78-97DD-B0379E88F90D-768x1024.jpeg\",\"contentUrl\":\"https:\\\/\\\/odettekocht.de\\\/de\\\/wp-content\\\/uploads\\\/2021\\\/11\\\/C84BFC5F-A6FB-4B78-97DD-B0379E88F90D-768x1024.jpeg\"},{\"@type\":\"BreadcrumbList\",\"@id\":\"https:\\\/\\\/odettekocht.de\\\/de\\\/2021\\\/persoenliches\\\/monatsrueckblick\\\/monatsrueckblick-bye-bye-november-und-oktober\\\/#breadcrumb\",\"itemListElement\":[{\"@type\":\"ListItem\",\"position\":1,\"name\":\"Startseite\",\"item\":\"https:\\\/\\\/odettekocht.de\\\/de\\\/\"},{\"@type\":\"ListItem\",\"position\":2,\"name\":\"Monatsr\u00fcckblick: Bye bye November (und Oktober)\"}]},{\"@type\":\"WebSite\",\"@id\":\"https:\\\/\\\/odettekocht.de\\\/de\\\/#website\",\"url\":\"https:\\\/\\\/odettekocht.de\\\/de\\\/\",\"name\":\"ODETTE KOCHT\",\"description\":\"QUERBEET | KREATIV | NEUGIERIG\",\"publisher\":{\"@id\":\"https:\\\/\\\/odettekocht.de\\\/de\\\/#\\\/schema\\\/person\\\/a18de4234a9756c34375e14890d733f7\"},\"potentialAction\":[{\"@type\":\"SearchAction\",\"target\":{\"@type\":\"EntryPoint\",\"urlTemplate\":\"https:\\\/\\\/odettekocht.de\\\/de\\\/?s={search_term_string}\"},\"query-input\":{\"@type\":\"PropertyValueSpecification\",\"valueRequired\":true,\"valueName\":\"search_term_string\"}}],\"inLanguage\":\"de\"},{\"@type\":[\"Person\",\"Organization\"],\"@id\":\"https:\\\/\\\/odettekocht.de\\\/de\\\/#\\\/schema\\\/person\\\/a18de4234a9756c34375e14890d733f7\",\"name\":\"Odette\",\"logo\":{\"@id\":\"https:\\\/\\\/odettekocht.de\\\/de\\\/#\\\/schema\\\/person\\\/image\\\/\"}}]}<\/script>\n<!-- \/ Yoast SEO plugin. -->","yoast_head_json":{"title":"Monatsr\u00fcckblick: Bye bye November (und Oktober) - ODETTE KOCHT","description":"Diesmal im Monatsr\u00fcckblick: Eine Reise nach Rom in schwierigen Zeiten und wie immer ein paar Empfehlungen f\u00fcr Serien, B\u00fccher und Kochb\u00fccher.","robots":{"index":"index","follow":"follow","max-snippet":"max-snippet:-1","max-image-preview":"max-image-preview:large","max-video-preview":"max-video-preview:-1"},"canonical":"https:\/\/odettekocht.de\/de\/2021\/persoenliches\/monatsrueckblick\/monatsrueckblick-bye-bye-november-und-oktober\/","og_locale":"de_DE","og_type":"article","og_title":"Monatsr\u00fcckblick: Bye bye November (und Oktober) - ODETTE KOCHT","og_description":"Diesmal im Monatsr\u00fcckblick: Eine Reise nach Rom in schwierigen Zeiten und wie immer ein paar Empfehlungen f\u00fcr Serien, B\u00fccher und Kochb\u00fccher.","og_url":"https:\/\/odettekocht.de\/de\/2021\/persoenliches\/monatsrueckblick\/monatsrueckblick-bye-bye-november-und-oktober\/","og_site_name":"ODETTE KOCHT","article_published_time":"2021-12-05T07:55:00+00:00","article_modified_time":"2021-12-18T13:39:48+00:00","og_image":[{"url":"https:\/\/odettekocht.de\/de\/wp-content\/uploads\/2021\/11\/C84BFC5F-A6FB-4B78-97DD-B0379E88F90D-768x1024.jpeg","type":"","width":"","height":""}],"author":"Odette","twitter_card":"summary_large_image","twitter_misc":{"Verfasst von":"Odette","Gesch\u00e4tzte Lesezeit":"13\u00a0Minuten"},"schema":{"@context":"https:\/\/schema.org","@graph":[{"@type":"Article","@id":"https:\/\/odettekocht.de\/de\/2021\/persoenliches\/monatsrueckblick\/monatsrueckblick-bye-bye-november-und-oktober\/#article","isPartOf":{"@id":"https:\/\/odettekocht.de\/de\/2021\/persoenliches\/monatsrueckblick\/monatsrueckblick-bye-bye-november-und-oktober\/"},"author":{"name":"Odette","@id":"https:\/\/odettekocht.de\/de\/#\/schema\/person\/a18de4234a9756c34375e14890d733f7"},"headline":"Monatsr\u00fcckblick: Bye bye November (und Oktober)","datePublished":"2021-12-05T07:55:00+00:00","dateModified":"2021-12-18T13:39:48+00:00","mainEntityOfPage":{"@id":"https:\/\/odettekocht.de\/de\/2021\/persoenliches\/monatsrueckblick\/monatsrueckblick-bye-bye-november-und-oktober\/"},"wordCount":2089,"commentCount":8,"publisher":{"@id":"https:\/\/odettekocht.de\/de\/#\/schema\/person\/a18de4234a9756c34375e14890d733f7"},"image":{"@id":"https:\/\/odettekocht.de\/de\/2021\/persoenliches\/monatsrueckblick\/monatsrueckblick-bye-bye-november-und-oktober\/#primaryimage"},"thumbnailUrl":"https:\/\/odettekocht.de\/de\/wp-content\/uploads\/2021\/11\/C84BFC5F-A6FB-4B78-97DD-B0379E88F90D-768x1024.jpeg","keywords":["Monatsr\u00fcckblick"],"articleSection":["Monatsr\u00fcckblick"],"inLanguage":"de","potentialAction":[{"@type":"CommentAction","name":"Comment","target":["https:\/\/odettekocht.de\/de\/2021\/persoenliches\/monatsrueckblick\/monatsrueckblick-bye-bye-november-und-oktober\/#respond"]}]},{"@type":"WebPage","@id":"https:\/\/odettekocht.de\/de\/2021\/persoenliches\/monatsrueckblick\/monatsrueckblick-bye-bye-november-und-oktober\/","url":"https:\/\/odettekocht.de\/de\/2021\/persoenliches\/monatsrueckblick\/monatsrueckblick-bye-bye-november-und-oktober\/","name":"Monatsr\u00fcckblick: Bye bye November (und Oktober) - ODETTE KOCHT","isPartOf":{"@id":"https:\/\/odettekocht.de\/de\/#website"},"primaryImageOfPage":{"@id":"https:\/\/odettekocht.de\/de\/2021\/persoenliches\/monatsrueckblick\/monatsrueckblick-bye-bye-november-und-oktober\/#primaryimage"},"image":{"@id":"https:\/\/odettekocht.de\/de\/2021\/persoenliches\/monatsrueckblick\/monatsrueckblick-bye-bye-november-und-oktober\/#primaryimage"},"thumbnailUrl":"https:\/\/odettekocht.de\/de\/wp-content\/uploads\/2021\/11\/C84BFC5F-A6FB-4B78-97DD-B0379E88F90D-768x1024.jpeg","datePublished":"2021-12-05T07:55:00+00:00","dateModified":"2021-12-18T13:39:48+00:00","description":"Diesmal im Monatsr\u00fcckblick: Eine Reise nach Rom in schwierigen Zeiten und wie immer ein paar Empfehlungen f\u00fcr Serien, B\u00fccher und Kochb\u00fccher.","breadcrumb":{"@id":"https:\/\/odettekocht.de\/de\/2021\/persoenliches\/monatsrueckblick\/monatsrueckblick-bye-bye-november-und-oktober\/#breadcrumb"},"inLanguage":"de","potentialAction":[{"@type":"ReadAction","target":["https:\/\/odettekocht.de\/de\/2021\/persoenliches\/monatsrueckblick\/monatsrueckblick-bye-bye-november-und-oktober\/"]}]},{"@type":"ImageObject","inLanguage":"de","@id":"https:\/\/odettekocht.de\/de\/2021\/persoenliches\/monatsrueckblick\/monatsrueckblick-bye-bye-november-und-oktober\/#primaryimage","url":"https:\/\/odettekocht.de\/de\/wp-content\/uploads\/2021\/11\/C84BFC5F-A6FB-4B78-97DD-B0379E88F90D-768x1024.jpeg","contentUrl":"https:\/\/odettekocht.de\/de\/wp-content\/uploads\/2021\/11\/C84BFC5F-A6FB-4B78-97DD-B0379E88F90D-768x1024.jpeg"},{"@type":"BreadcrumbList","@id":"https:\/\/odettekocht.de\/de\/2021\/persoenliches\/monatsrueckblick\/monatsrueckblick-bye-bye-november-und-oktober\/#breadcrumb","itemListElement":[{"@type":"ListItem","position":1,"name":"Startseite","item":"https:\/\/odettekocht.de\/de\/"},{"@type":"ListItem","position":2,"name":"Monatsr\u00fcckblick: Bye bye November (und Oktober)"}]},{"@type":"WebSite","@id":"https:\/\/odettekocht.de\/de\/#website","url":"https:\/\/odettekocht.de\/de\/","name":"ODETTE KOCHT","description":"QUERBEET | KREATIV | NEUGIERIG","publisher":{"@id":"https:\/\/odettekocht.de\/de\/#\/schema\/person\/a18de4234a9756c34375e14890d733f7"},"potentialAction":[{"@type":"SearchAction","target":{"@type":"EntryPoint","urlTemplate":"https:\/\/odettekocht.de\/de\/?s={search_term_string}"},"query-input":{"@type":"PropertyValueSpecification","valueRequired":true,"valueName":"search_term_string"}}],"inLanguage":"de"},{"@type":["Person","Organization"],"@id":"https:\/\/odettekocht.de\/de\/#\/schema\/person\/a18de4234a9756c34375e14890d733f7","name":"Odette","logo":{"@id":"https:\/\/odettekocht.de\/de\/#\/schema\/person\/image\/"}}]}},"acf":[],"_links":{"self":[{"href":"https:\/\/odettekocht.de\/de\/wp-json\/wp\/v2\/posts\/1202","targetHints":{"allow":["GET"]}}],"collection":[{"href":"https:\/\/odettekocht.de\/de\/wp-json\/wp\/v2\/posts"}],"about":[{"href":"https:\/\/odettekocht.de\/de\/wp-json\/wp\/v2\/types\/post"}],"author":[{"embeddable":true,"href":"https:\/\/odettekocht.de\/de\/wp-json\/wp\/v2\/users\/1"}],"replies":[{"embeddable":true,"href":"https:\/\/odettekocht.de\/de\/wp-json\/wp\/v2\/comments?post=1202"}],"version-history":[{"count":15,"href":"https:\/\/odettekocht.de\/de\/wp-json\/wp\/v2\/posts\/1202\/revisions"}],"predecessor-version":[{"id":1258,"href":"https:\/\/odettekocht.de\/de\/wp-json\/wp\/v2\/posts\/1202\/revisions\/1258"}],"wp:attachment":[{"href":"https:\/\/odettekocht.de\/de\/wp-json\/wp\/v2\/media?parent=1202"}],"wp:term":[{"taxonomy":"category","embeddable":true,"href":"https:\/\/odettekocht.de\/de\/wp-json\/wp\/v2\/categories?post=1202"},{"taxonomy":"post_tag","embeddable":true,"href":"https:\/\/odettekocht.de\/de\/wp-json\/wp\/v2\/tags?post=1202"}],"curies":[{"name":"wp","href":"https:\/\/api.w.org\/{rel}","templated":true}]}}