{"id":1332,"date":"2022-02-27T12:58:16","date_gmt":"2022-02-27T11:58:16","guid":{"rendered":"https:\/\/odettekocht.de\/de\/?p=1332"},"modified":"2022-02-27T12:58:18","modified_gmt":"2022-02-27T11:58:18","slug":"moules-au-roquefort-muscheln-in-roquefort-sahnesauce","status":"publish","type":"post","link":"https:\/\/odettekocht.de\/de\/2022\/rezepte\/moules-au-roquefort-muscheln-in-roquefort-sahnesauce\/","title":{"rendered":"Moules au Roquefort &#8211; Muscheln in Roquefort-Sahnesauce"},"content":{"rendered":"\n<figure class=\"wp-block-image size-large\"><img loading=\"lazy\" decoding=\"async\" width=\"1024\" height=\"1024\" src=\"https:\/\/odettekocht.de\/de\/wp-content\/uploads\/2022\/02\/8DF7FAFE-45F4-4F55-B871-A934F0F204B5-1024x1024.jpeg\" alt=\"Auf einem hellen Holztablett steht ein Kupfertop und ein wei\u00dfer tiefer Teller gef\u00fcllt mit Moules au Roquefort - Muscheln in Roquefort-Sahnesauce. Darum herum dekoriert liegen eine wei\u00dfe Stoffserviette, ein Bund Petersilie, zwei Schalotten und frisches Baguette.\" class=\"wp-image-1333\" srcset=\"https:\/\/odettekocht.de\/de\/wp-content\/uploads\/2022\/02\/8DF7FAFE-45F4-4F55-B871-A934F0F204B5-1024x1024.jpeg 1024w, https:\/\/odettekocht.de\/de\/wp-content\/uploads\/2022\/02\/8DF7FAFE-45F4-4F55-B871-A934F0F204B5-300x300.jpeg 300w, https:\/\/odettekocht.de\/de\/wp-content\/uploads\/2022\/02\/8DF7FAFE-45F4-4F55-B871-A934F0F204B5-150x150.jpeg 150w, https:\/\/odettekocht.de\/de\/wp-content\/uploads\/2022\/02\/8DF7FAFE-45F4-4F55-B871-A934F0F204B5-768x768.jpeg 768w, https:\/\/odettekocht.de\/de\/wp-content\/uploads\/2022\/02\/8DF7FAFE-45F4-4F55-B871-A934F0F204B5-1536x1536.jpeg 1536w, https:\/\/odettekocht.de\/de\/wp-content\/uploads\/2022\/02\/8DF7FAFE-45F4-4F55-B871-A934F0F204B5-2048x2048.jpeg 2048w, https:\/\/odettekocht.de\/de\/wp-content\/uploads\/2022\/02\/8DF7FAFE-45F4-4F55-B871-A934F0F204B5-1140x1140.jpeg 1140w, https:\/\/odettekocht.de\/de\/wp-content\/uploads\/2022\/02\/8DF7FAFE-45F4-4F55-B871-A934F0F204B5-75x75.jpeg 75w, https:\/\/odettekocht.de\/de\/wp-content\/uploads\/2022\/02\/8DF7FAFE-45F4-4F55-B871-A934F0F204B5-1320x1320.jpeg 1320w\" sizes=\"auto, (max-width: 1024px) 100vw, 1024px\" \/><\/figure>\n\n\n\n<p>Muscheln in Roquefort-Sahnesauce habe ich zum ersten Mal in Frankreich gegessen. Dass der beste Mann von allen und ich eine Leidenschaft f\u00fcr dieses Land und seine K\u00fcche hegen, habe ich vielleicht schon mal <strong><a href=\"https:\/\/odettekocht.de\/de\/2021\/persoenliches\/monatsrueckblick\/monatsrueckblick-bye-bye-september\/\">hier<\/a><\/strong> oder <strong><a href=\"https:\/\/odettekocht.de\/de\/2021\/rezepte\/haehnchen-in-pastis-ein-ausflung-in-die-provence\/\">da<\/a><\/strong> erw\u00e4hnt. Normalerweise zieht es uns ja &#8211; des verl\u00e4sslich guten Wetters wegen &#8211; in die Provence. Aber manchmal eben auch in andere Regionen. So lieben wir zum Beispiel auch die Normandie, die sich sowohl landschaftlich als auch kulinarisch ganz anders darstellt. Die Normandie ist unter anderem bekannt f\u00fcr den Anbau von \u00c4pfeln; ich sag nur Calvados. Mmmmhhh. Daher empfiehlt sich eine Reise dorthin entweder im Fr\u00fchling, wenn die Apfelbl\u00fclte in vollem Gang ist, oder im fr\u00fchen Herbst, wenn die B\u00e4ume voller \u00c4pfel h\u00e4ngen. Und einer unserer Lieblingsorte &#8211; <strong><a href=\"https:\/\/de.normandie-tourisme.fr\/absolut-sehenswert\/honfleur\/entdecken\/\">Honfleur<\/a><\/strong> &#8211; liegt an der K\u00fcste. Klar, dass die Gegend dort ein Paradies f\u00fcr Liebhaber von Fisch und Meeresfr\u00fcchten ist.<\/p>\n\n\n\n<!--more-->\n\n\n\n<figure class=\"wp-block-image size-large is-resized\"><img loading=\"lazy\" decoding=\"async\" src=\"https:\/\/odettekocht.de\/de\/wp-content\/uploads\/2022\/02\/256F3497-09C2-448E-8474-82B2E25C5F4F-1024x1024.jpeg\" alt=\"Das Hafenbecken von Honfleur in der Normandie. Segelboote liegen im Wasser und rund um die Promenade schmiegen sich alte hohe H\u00e4user mit bunten Sonnenschirmen und Markisen.\" class=\"wp-image-1338\" width=\"850\" height=\"850\" srcset=\"https:\/\/odettekocht.de\/de\/wp-content\/uploads\/2022\/02\/256F3497-09C2-448E-8474-82B2E25C5F4F-1024x1024.jpeg 1024w, https:\/\/odettekocht.de\/de\/wp-content\/uploads\/2022\/02\/256F3497-09C2-448E-8474-82B2E25C5F4F-300x300.jpeg 300w, https:\/\/odettekocht.de\/de\/wp-content\/uploads\/2022\/02\/256F3497-09C2-448E-8474-82B2E25C5F4F-150x150.jpeg 150w, https:\/\/odettekocht.de\/de\/wp-content\/uploads\/2022\/02\/256F3497-09C2-448E-8474-82B2E25C5F4F-768x768.jpeg 768w, https:\/\/odettekocht.de\/de\/wp-content\/uploads\/2022\/02\/256F3497-09C2-448E-8474-82B2E25C5F4F-1536x1536.jpeg 1536w, https:\/\/odettekocht.de\/de\/wp-content\/uploads\/2022\/02\/256F3497-09C2-448E-8474-82B2E25C5F4F-1140x1140.jpeg 1140w, https:\/\/odettekocht.de\/de\/wp-content\/uploads\/2022\/02\/256F3497-09C2-448E-8474-82B2E25C5F4F-75x75.jpeg 75w, https:\/\/odettekocht.de\/de\/wp-content\/uploads\/2022\/02\/256F3497-09C2-448E-8474-82B2E25C5F4F-1320x1320.jpeg 1320w, https:\/\/odettekocht.de\/de\/wp-content\/uploads\/2022\/02\/256F3497-09C2-448E-8474-82B2E25C5F4F.jpeg 1876w\" sizes=\"auto, (max-width: 850px) 100vw, 850px\" \/><figcaption>Honfleur. Unter bunten Schirmen schmiegt sich ein Restaurant an das n\u00e4chste rund um das Hafenbecken.<\/figcaption><\/figure>\n\n\n\n<p>Womit ich den Bogen ganz elegant zur\u00fcck zu den Muscheln schlage. Hast Du gemerkt, ne? Aber vor den Genuss der Muscheln hat das Schicksal noch eine Geschichte gesetzt. Denn als wir vor einigen Jahren mit der <strong><a href=\"https:\/\/www.instagram.com\/die_kuschelbude\">Kuschelbude<\/a><\/strong> hintendran Richtung Honfleur fuhren, zickte &#8211; kurz hinter der Grenze zu Frankreich &#8211; das Auto pl\u00f6tzlich rum. Die Temperatur stieg bedrohlich in den roten Bereich und der Mann dachte sich, fahr ich mal runter von der Autobahn, dann muss ich nicht auf dem Standstreifen nach dem Problem suchen. Wir fuhren also die n\u00e4chste Abfahrt runter und hielten in einer Art Haltebucht an einer Landstra\u00dfe irgendwo in der normannischen Provinz <em>in the middle of nowhere<\/em>. <\/p>\n\n\n\n<figure class=\"wp-block-image size-large is-resized\"><img loading=\"lazy\" decoding=\"async\" src=\"https:\/\/odettekocht.de\/de\/wp-content\/uploads\/2022\/02\/72DCA9C1-81AA-4736-8187-2F6FEF77C845-1024x768.jpeg\" alt=\"Unser kaputtes Auto steht mit offener Motorhaube am Stra\u00dfenrand einer franz\u00f6sischen Landstra\u00dfe. Es ist Sommer und die Sonne schein.\" class=\"wp-image-1339\" width=\"840\" height=\"630\" srcset=\"https:\/\/odettekocht.de\/de\/wp-content\/uploads\/2022\/02\/72DCA9C1-81AA-4736-8187-2F6FEF77C845-1024x768.jpeg 1024w, https:\/\/odettekocht.de\/de\/wp-content\/uploads\/2022\/02\/72DCA9C1-81AA-4736-8187-2F6FEF77C845-300x225.jpeg 300w, https:\/\/odettekocht.de\/de\/wp-content\/uploads\/2022\/02\/72DCA9C1-81AA-4736-8187-2F6FEF77C845-768x576.jpeg 768w, https:\/\/odettekocht.de\/de\/wp-content\/uploads\/2022\/02\/72DCA9C1-81AA-4736-8187-2F6FEF77C845-1140x855.jpeg 1140w, https:\/\/odettekocht.de\/de\/wp-content\/uploads\/2022\/02\/72DCA9C1-81AA-4736-8187-2F6FEF77C845.jpeg 1280w\" sizes=\"auto, (max-width: 840px) 100vw, 840px\" \/><figcaption>Unser kaputtes Auto mit offener Motorhaube irgendwo Jottwede.<\/figcaption><\/figure>\n\n\n\n<p>Der Mann machte also die Motorhaube auf, pr\u00fcfte Wasserstand, Sicherungen und was-wei\u00df-ich-noch-alles, w\u00e4hrend ich dekorativ am Stra\u00dfenrand stand und zuguckte. Und pl\u00f6tzlich hielt ein ziemlich klappriger, etwas runtergekommener Kleinwagen mit einem dicken Mann am Steuer, der uns auf franz\u00f6sisch fragte, ob er helfen k\u00f6nne und wo das Problem sei? Jetzt konnte ich mich n\u00fctzlich machen, denn mein Franz\u00f6sisch ist da doch etwas fundierter als das des G\u00f6ttergatten. Wenn auch mein Pannen-Vokabular etwas zu w\u00fcnschen \u00fcbrig lie\u00df\u2026 Der Mann bot dann jedenfalls an, mich mit in den n\u00e4chsten Ort zu nehmen, dort sei eine Werkstatt, da k\u00f6nnte ja jemand mit rauskommen und sich den Wagen ansehen.<\/p>\n\n\n\n<p>Nach einem kurzen Moment der Unsicherheit &#8211; in dem ich mich vergewaltigt in einem franz\u00f6sischen Stra\u00dfengraben sah &#8211; beschlossen wir, an das Gute im Menschen zu glauben und ich fuhr mit. Der beste Mann von allen machte aber vorsichtshalber ein Foto des Nummernschilds, als wir wegfuhren &#8211; was meinen Fahrer ziemlich am\u00fcsierte, als er es im R\u00fcckspiegel bemerkte. Er lieferte mich unversehrt in der Werkstatt ab, erkl\u00e4rte dem Mechaniker wortreich die Problematik und wir fuhren zu dritt wieder zur\u00fcck zu Mann und Auto. Nach einem kurzen fachm\u00e4nnischen Check war klar, dass das Auto mit in die Werkstatt muss, weil ein Teil ausgewechselt werden musste.<\/p>\n\n\n\n<p>Der freundliche Franzose fuhr zwischendurch kurz weg, kam aber wieder und blieb, bis die Reparatur im Laufe des Nachmittags erfolgreich durchgef\u00fchrt war. Er geleitete uns noch bis zur Autobahn und wir trennten uns winkend. Was f\u00fcr nette Menschen es gibt! <\/p>\n\n\n\n<p>Durch diese ungeplante Verz\u00f6gerung kamen wir allerdings viel sp\u00e4ter als erwartet und ganz knapp vor Schlie\u00dfung der Rezeption auf unserem Campingplatz an. Wir stellten die Kuschelbude ab, k\u00fcmmerten uns um die Basics (gerade ausrichten, Stromversorgung anschlie\u00dfen) und fielen ziemlich m\u00fcde in das Campingplatz-Restaurant ein. Diese Campingplatz-Restaurants sind oft genug auf dem Niveau einer Pommesbude oder huldigen Convenience-Produkten. Nun, nicht so hier. Es gab Moules au Roquefort auf der Karte, Muscheln in Roquefort-Sahnesauce. Das war der Tag, an dem ich das zum allerersten Mal gegessen haben und an dem ich diesem Gericht verfallen bin.<\/p>\n\n\n\n<p>Das Rezept ist f\u00fcr zwei Personen und zum Niederknien gut! Ich schw\u00f6re!<\/p>\n\n\n\n<h3 class=\"wp-block-heading\">Man nehme<\/h3>\n\n\n\n<ul class=\"wp-block-list\"><li>1 kg frische Miesmuscheln, mehrmals gew\u00e4ssert und ges\u00e4ubert, kaputte Exemplare aussortiert<\/li><li>250 ml Wei\u00dfwein f\u00fcr die Muscheln (+ 250 ml Wei\u00dfwein f\u00fcr die K\u00f6chin)<\/li><li>3 Schalotten, fein gew\u00fcrfelt<\/li><li>1 EL Butter<\/li><li>125 g Roquefort<\/li><li>ca. 75 g Creme Fraiche<\/li><li>1 kleine Handvoll glatte Petersilie, gehackt<\/li><li>Salz und schwarzer Pfeffer aus der M\u00fchle<\/li><li>Baguette zum Servieren<\/li><\/ul>\n\n\n\n<h3 class=\"wp-block-heading\">So geht\u2018s<\/h3>\n\n\n\n<p>Wir beginnen mit der Sauce. Zerlasse die Butter in einem kleinen Topf und schwitze die Schalotten mit einer guten Prise Salz darin glasig an. Gib dann die Creme Fraiche und den etwas zerbr\u00f6ckelten Roquefort zu und lasse alles bei mittlerer Temperatur schmelzen. Du hast dann eine ziemlich dickfl\u00fcssige Creme im Topf. Bei niedriger Temperatur warm halten.<\/p>\n\n\n\n<p>Gib den Wei\u00dfwein in einen (Muschel-) Topf und lasse ihn bei gro\u00dfer Hitze aufkochen. Gib die abgetropften Muscheln zu und lege sofort den Deckel auf. Die Muscheln \u00f6ffnen sich innerhalb von 5 Minuten.<\/p>\n\n\n\n<p>Gie\u00dfe die Muscheln ab und fange etwas von dem Kochsud auf. Mit dem verl\u00e4ngerst Du die Sauce bis zur gew\u00fcnschten Konsistenz. Ich mag\u2018s gerne cremig und gebe nicht so viel Sud zur Sauce. Mit frisch gemahlenem Pfeffer w\u00fcrzen und die Petersilie unterr\u00fchren.<\/p>\n\n\n\n<p>Verteile die Muscheln auf zwei Tellern und sch\u00f6pfe die Sauce dar\u00fcber. Mit frischem Baguette servieren und genie\u00dfen.<\/p>\n\n\n\n<p>Lass es Dir schmecken!<\/p>\n","protected":false},"excerpt":{"rendered":"<p>Muscheln in Roquefort-Sahnesauce habe ich zum ersten Mal in Frankreich gegessen. Dass der beste Mann von allen und ich eine Leidenschaft f\u00fcr dieses Land und seine K\u00fcche hegen, habe ich vielleicht schon mal hier oder da erw\u00e4hnt. Normalerweise zieht es uns ja &#8211; des verl\u00e4sslich guten Wetters wegen &#8211; in die Provence. Aber manchmal eben auch in andere Regionen. So lieben wir zum Beispiel auch die Normandie, die sich sowohl landschaftlich als auch kulinarisch ganz anders darstellt. Die Normandie ist unter anderem bekannt f\u00fcr den Anbau von \u00c4pfeln; ich sag nur Calvados. Mmmmhhh. Daher empfiehlt sich eine Reise dorthin entweder im Fr\u00fchling, wenn die Apfelbl\u00fclte in vollem Gang ist, oder im fr\u00fchen Herbst, wenn die B\u00e4ume voller \u00c4pfel h\u00e4ngen. Und einer unserer Lieblingsorte &#8211; Honfleur &#8211; liegt an der K\u00fcste. Klar, dass die Gegend dort ein Paradies f\u00fcr Liebhaber von Fisch und Meeresfr\u00fcchten ist.<\/p>\n","protected":false},"author":1,"featured_media":0,"comment_status":"open","ping_status":"open","sticky":false,"template":"","format":"standard","meta":{"footnotes":""},"categories":[42,1],"tags":[256,255],"class_list":["post-1332","post","type-post","status-publish","format-standard","hentry","category-fisch-und-meeresgetier","category-rezepte","tag-miesmuscheln","tag-muscheln"],"yoast_head":"<!-- This site is optimized with the Yoast SEO plugin v27.5 - https:\/\/yoast.com\/product\/yoast-seo-wordpress\/ -->\n<title>Moules au Roquefort - Muscheln in Roquefort-Sahnesauce - ODETTE KOCHT<\/title>\n<meta name=\"description\" content=\"Eine kulinarische Urlaubserinnerung an die Normandie. Alles begann mit einer Autopanne und zum Trost gab es abends diese k\u00f6stlichen Muscheln!\" \/>\n<meta name=\"robots\" content=\"index, follow, max-snippet:-1, max-image-preview:large, max-video-preview:-1\" \/>\n<link rel=\"canonical\" href=\"https:\/\/odettekocht.de\/de\/2022\/rezepte\/moules-au-roquefort-muscheln-in-roquefort-sahnesauce\/\" \/>\n<meta property=\"og:locale\" content=\"de_DE\" \/>\n<meta property=\"og:type\" content=\"article\" \/>\n<meta property=\"og:title\" content=\"Moules au Roquefort - Muscheln in Roquefort-Sahnesauce - ODETTE KOCHT\" \/>\n<meta property=\"og:description\" content=\"Eine kulinarische Urlaubserinnerung an die Normandie. Alles begann mit einer Autopanne und zum Trost gab es abends diese k\u00f6stlichen Muscheln!\" \/>\n<meta property=\"og:url\" content=\"https:\/\/odettekocht.de\/de\/2022\/rezepte\/moules-au-roquefort-muscheln-in-roquefort-sahnesauce\/\" \/>\n<meta property=\"og:site_name\" content=\"ODETTE KOCHT\" \/>\n<meta property=\"article:published_time\" content=\"2022-02-27T11:58:16+00:00\" \/>\n<meta property=\"article:modified_time\" content=\"2022-02-27T11:58:18+00:00\" \/>\n<meta property=\"og:image\" content=\"https:\/\/odettekocht.de\/de\/wp-content\/uploads\/2022\/02\/8DF7FAFE-45F4-4F55-B871-A934F0F204B5-1024x1024.jpeg\" \/>\n<meta name=\"author\" content=\"Odette\" \/>\n<meta name=\"twitter:card\" content=\"summary_large_image\" \/>\n<meta name=\"twitter:label1\" content=\"Verfasst von\" \/>\n\t<meta name=\"twitter:data1\" content=\"Odette\" \/>\n\t<meta name=\"twitter:label2\" content=\"Gesch\u00e4tzte Lesezeit\" \/>\n\t<meta name=\"twitter:data2\" content=\"6\u00a0Minuten\" \/>\n<script type=\"application\/ld+json\" class=\"yoast-schema-graph\">{\"@context\":\"https:\\\/\\\/schema.org\",\"@graph\":[{\"@type\":\"Article\",\"@id\":\"https:\\\/\\\/odettekocht.de\\\/de\\\/2022\\\/rezepte\\\/moules-au-roquefort-muscheln-in-roquefort-sahnesauce\\\/#article\",\"isPartOf\":{\"@id\":\"https:\\\/\\\/odettekocht.de\\\/de\\\/2022\\\/rezepte\\\/moules-au-roquefort-muscheln-in-roquefort-sahnesauce\\\/\"},\"author\":{\"name\":\"Odette\",\"@id\":\"https:\\\/\\\/odettekocht.de\\\/de\\\/#\\\/schema\\\/person\\\/a18de4234a9756c34375e14890d733f7\"},\"headline\":\"Moules au Roquefort &#8211; Muscheln in Roquefort-Sahnesauce\",\"datePublished\":\"2022-02-27T11:58:16+00:00\",\"dateModified\":\"2022-02-27T11:58:18+00:00\",\"mainEntityOfPage\":{\"@id\":\"https:\\\/\\\/odettekocht.de\\\/de\\\/2022\\\/rezepte\\\/moules-au-roquefort-muscheln-in-roquefort-sahnesauce\\\/\"},\"wordCount\":911,\"commentCount\":10,\"publisher\":{\"@id\":\"https:\\\/\\\/odettekocht.de\\\/de\\\/#\\\/schema\\\/person\\\/a18de4234a9756c34375e14890d733f7\"},\"image\":{\"@id\":\"https:\\\/\\\/odettekocht.de\\\/de\\\/2022\\\/rezepte\\\/moules-au-roquefort-muscheln-in-roquefort-sahnesauce\\\/#primaryimage\"},\"thumbnailUrl\":\"https:\\\/\\\/odettekocht.de\\\/de\\\/wp-content\\\/uploads\\\/2022\\\/02\\\/8DF7FAFE-45F4-4F55-B871-A934F0F204B5-1024x1024.jpeg\",\"keywords\":[\"Miesmuscheln\",\"Muscheln\"],\"articleSection\":[\"Fisch und Meeresgetier\",\"Rezepte\"],\"inLanguage\":\"de\",\"potentialAction\":[{\"@type\":\"CommentAction\",\"name\":\"Comment\",\"target\":[\"https:\\\/\\\/odettekocht.de\\\/de\\\/2022\\\/rezepte\\\/moules-au-roquefort-muscheln-in-roquefort-sahnesauce\\\/#respond\"]}]},{\"@type\":\"WebPage\",\"@id\":\"https:\\\/\\\/odettekocht.de\\\/de\\\/2022\\\/rezepte\\\/moules-au-roquefort-muscheln-in-roquefort-sahnesauce\\\/\",\"url\":\"https:\\\/\\\/odettekocht.de\\\/de\\\/2022\\\/rezepte\\\/moules-au-roquefort-muscheln-in-roquefort-sahnesauce\\\/\",\"name\":\"Moules au Roquefort - Muscheln in Roquefort-Sahnesauce - ODETTE KOCHT\",\"isPartOf\":{\"@id\":\"https:\\\/\\\/odettekocht.de\\\/de\\\/#website\"},\"primaryImageOfPage\":{\"@id\":\"https:\\\/\\\/odettekocht.de\\\/de\\\/2022\\\/rezepte\\\/moules-au-roquefort-muscheln-in-roquefort-sahnesauce\\\/#primaryimage\"},\"image\":{\"@id\":\"https:\\\/\\\/odettekocht.de\\\/de\\\/2022\\\/rezepte\\\/moules-au-roquefort-muscheln-in-roquefort-sahnesauce\\\/#primaryimage\"},\"thumbnailUrl\":\"https:\\\/\\\/odettekocht.de\\\/de\\\/wp-content\\\/uploads\\\/2022\\\/02\\\/8DF7FAFE-45F4-4F55-B871-A934F0F204B5-1024x1024.jpeg\",\"datePublished\":\"2022-02-27T11:58:16+00:00\",\"dateModified\":\"2022-02-27T11:58:18+00:00\",\"description\":\"Eine kulinarische Urlaubserinnerung an die Normandie. Alles begann mit einer Autopanne und zum Trost gab es abends diese k\u00f6stlichen Muscheln!\",\"breadcrumb\":{\"@id\":\"https:\\\/\\\/odettekocht.de\\\/de\\\/2022\\\/rezepte\\\/moules-au-roquefort-muscheln-in-roquefort-sahnesauce\\\/#breadcrumb\"},\"inLanguage\":\"de\",\"potentialAction\":[{\"@type\":\"ReadAction\",\"target\":[\"https:\\\/\\\/odettekocht.de\\\/de\\\/2022\\\/rezepte\\\/moules-au-roquefort-muscheln-in-roquefort-sahnesauce\\\/\"]}]},{\"@type\":\"ImageObject\",\"inLanguage\":\"de\",\"@id\":\"https:\\\/\\\/odettekocht.de\\\/de\\\/2022\\\/rezepte\\\/moules-au-roquefort-muscheln-in-roquefort-sahnesauce\\\/#primaryimage\",\"url\":\"https:\\\/\\\/odettekocht.de\\\/de\\\/wp-content\\\/uploads\\\/2022\\\/02\\\/8DF7FAFE-45F4-4F55-B871-A934F0F204B5-1024x1024.jpeg\",\"contentUrl\":\"https:\\\/\\\/odettekocht.de\\\/de\\\/wp-content\\\/uploads\\\/2022\\\/02\\\/8DF7FAFE-45F4-4F55-B871-A934F0F204B5-1024x1024.jpeg\"},{\"@type\":\"BreadcrumbList\",\"@id\":\"https:\\\/\\\/odettekocht.de\\\/de\\\/2022\\\/rezepte\\\/moules-au-roquefort-muscheln-in-roquefort-sahnesauce\\\/#breadcrumb\",\"itemListElement\":[{\"@type\":\"ListItem\",\"position\":1,\"name\":\"Startseite\",\"item\":\"https:\\\/\\\/odettekocht.de\\\/de\\\/\"},{\"@type\":\"ListItem\",\"position\":2,\"name\":\"Moules au Roquefort &#8211; Muscheln in Roquefort-Sahnesauce\"}]},{\"@type\":\"WebSite\",\"@id\":\"https:\\\/\\\/odettekocht.de\\\/de\\\/#website\",\"url\":\"https:\\\/\\\/odettekocht.de\\\/de\\\/\",\"name\":\"ODETTE KOCHT\",\"description\":\"QUERBEET | KREATIV | NEUGIERIG\",\"publisher\":{\"@id\":\"https:\\\/\\\/odettekocht.de\\\/de\\\/#\\\/schema\\\/person\\\/a18de4234a9756c34375e14890d733f7\"},\"potentialAction\":[{\"@type\":\"SearchAction\",\"target\":{\"@type\":\"EntryPoint\",\"urlTemplate\":\"https:\\\/\\\/odettekocht.de\\\/de\\\/?s={search_term_string}\"},\"query-input\":{\"@type\":\"PropertyValueSpecification\",\"valueRequired\":true,\"valueName\":\"search_term_string\"}}],\"inLanguage\":\"de\"},{\"@type\":[\"Person\",\"Organization\"],\"@id\":\"https:\\\/\\\/odettekocht.de\\\/de\\\/#\\\/schema\\\/person\\\/a18de4234a9756c34375e14890d733f7\",\"name\":\"Odette\",\"logo\":{\"@id\":\"https:\\\/\\\/odettekocht.de\\\/de\\\/#\\\/schema\\\/person\\\/image\\\/\"}}]}<\/script>\n<!-- \/ Yoast SEO plugin. -->","yoast_head_json":{"title":"Moules au Roquefort - Muscheln in Roquefort-Sahnesauce - ODETTE KOCHT","description":"Eine kulinarische Urlaubserinnerung an die Normandie. Alles begann mit einer Autopanne und zum Trost gab es abends diese k\u00f6stlichen Muscheln!","robots":{"index":"index","follow":"follow","max-snippet":"max-snippet:-1","max-image-preview":"max-image-preview:large","max-video-preview":"max-video-preview:-1"},"canonical":"https:\/\/odettekocht.de\/de\/2022\/rezepte\/moules-au-roquefort-muscheln-in-roquefort-sahnesauce\/","og_locale":"de_DE","og_type":"article","og_title":"Moules au Roquefort - Muscheln in Roquefort-Sahnesauce - ODETTE KOCHT","og_description":"Eine kulinarische Urlaubserinnerung an die Normandie. Alles begann mit einer Autopanne und zum Trost gab es abends diese k\u00f6stlichen Muscheln!","og_url":"https:\/\/odettekocht.de\/de\/2022\/rezepte\/moules-au-roquefort-muscheln-in-roquefort-sahnesauce\/","og_site_name":"ODETTE KOCHT","article_published_time":"2022-02-27T11:58:16+00:00","article_modified_time":"2022-02-27T11:58:18+00:00","og_image":[{"url":"https:\/\/odettekocht.de\/de\/wp-content\/uploads\/2022\/02\/8DF7FAFE-45F4-4F55-B871-A934F0F204B5-1024x1024.jpeg","type":"","width":"","height":""}],"author":"Odette","twitter_card":"summary_large_image","twitter_misc":{"Verfasst von":"Odette","Gesch\u00e4tzte Lesezeit":"6\u00a0Minuten"},"schema":{"@context":"https:\/\/schema.org","@graph":[{"@type":"Article","@id":"https:\/\/odettekocht.de\/de\/2022\/rezepte\/moules-au-roquefort-muscheln-in-roquefort-sahnesauce\/#article","isPartOf":{"@id":"https:\/\/odettekocht.de\/de\/2022\/rezepte\/moules-au-roquefort-muscheln-in-roquefort-sahnesauce\/"},"author":{"name":"Odette","@id":"https:\/\/odettekocht.de\/de\/#\/schema\/person\/a18de4234a9756c34375e14890d733f7"},"headline":"Moules au Roquefort &#8211; Muscheln in Roquefort-Sahnesauce","datePublished":"2022-02-27T11:58:16+00:00","dateModified":"2022-02-27T11:58:18+00:00","mainEntityOfPage":{"@id":"https:\/\/odettekocht.de\/de\/2022\/rezepte\/moules-au-roquefort-muscheln-in-roquefort-sahnesauce\/"},"wordCount":911,"commentCount":10,"publisher":{"@id":"https:\/\/odettekocht.de\/de\/#\/schema\/person\/a18de4234a9756c34375e14890d733f7"},"image":{"@id":"https:\/\/odettekocht.de\/de\/2022\/rezepte\/moules-au-roquefort-muscheln-in-roquefort-sahnesauce\/#primaryimage"},"thumbnailUrl":"https:\/\/odettekocht.de\/de\/wp-content\/uploads\/2022\/02\/8DF7FAFE-45F4-4F55-B871-A934F0F204B5-1024x1024.jpeg","keywords":["Miesmuscheln","Muscheln"],"articleSection":["Fisch und Meeresgetier","Rezepte"],"inLanguage":"de","potentialAction":[{"@type":"CommentAction","name":"Comment","target":["https:\/\/odettekocht.de\/de\/2022\/rezepte\/moules-au-roquefort-muscheln-in-roquefort-sahnesauce\/#respond"]}]},{"@type":"WebPage","@id":"https:\/\/odettekocht.de\/de\/2022\/rezepte\/moules-au-roquefort-muscheln-in-roquefort-sahnesauce\/","url":"https:\/\/odettekocht.de\/de\/2022\/rezepte\/moules-au-roquefort-muscheln-in-roquefort-sahnesauce\/","name":"Moules au Roquefort - Muscheln in Roquefort-Sahnesauce - ODETTE KOCHT","isPartOf":{"@id":"https:\/\/odettekocht.de\/de\/#website"},"primaryImageOfPage":{"@id":"https:\/\/odettekocht.de\/de\/2022\/rezepte\/moules-au-roquefort-muscheln-in-roquefort-sahnesauce\/#primaryimage"},"image":{"@id":"https:\/\/odettekocht.de\/de\/2022\/rezepte\/moules-au-roquefort-muscheln-in-roquefort-sahnesauce\/#primaryimage"},"thumbnailUrl":"https:\/\/odettekocht.de\/de\/wp-content\/uploads\/2022\/02\/8DF7FAFE-45F4-4F55-B871-A934F0F204B5-1024x1024.jpeg","datePublished":"2022-02-27T11:58:16+00:00","dateModified":"2022-02-27T11:58:18+00:00","description":"Eine kulinarische Urlaubserinnerung an die Normandie. Alles begann mit einer Autopanne und zum Trost gab es abends diese k\u00f6stlichen Muscheln!","breadcrumb":{"@id":"https:\/\/odettekocht.de\/de\/2022\/rezepte\/moules-au-roquefort-muscheln-in-roquefort-sahnesauce\/#breadcrumb"},"inLanguage":"de","potentialAction":[{"@type":"ReadAction","target":["https:\/\/odettekocht.de\/de\/2022\/rezepte\/moules-au-roquefort-muscheln-in-roquefort-sahnesauce\/"]}]},{"@type":"ImageObject","inLanguage":"de","@id":"https:\/\/odettekocht.de\/de\/2022\/rezepte\/moules-au-roquefort-muscheln-in-roquefort-sahnesauce\/#primaryimage","url":"https:\/\/odettekocht.de\/de\/wp-content\/uploads\/2022\/02\/8DF7FAFE-45F4-4F55-B871-A934F0F204B5-1024x1024.jpeg","contentUrl":"https:\/\/odettekocht.de\/de\/wp-content\/uploads\/2022\/02\/8DF7FAFE-45F4-4F55-B871-A934F0F204B5-1024x1024.jpeg"},{"@type":"BreadcrumbList","@id":"https:\/\/odettekocht.de\/de\/2022\/rezepte\/moules-au-roquefort-muscheln-in-roquefort-sahnesauce\/#breadcrumb","itemListElement":[{"@type":"ListItem","position":1,"name":"Startseite","item":"https:\/\/odettekocht.de\/de\/"},{"@type":"ListItem","position":2,"name":"Moules au Roquefort &#8211; Muscheln in Roquefort-Sahnesauce"}]},{"@type":"WebSite","@id":"https:\/\/odettekocht.de\/de\/#website","url":"https:\/\/odettekocht.de\/de\/","name":"ODETTE KOCHT","description":"QUERBEET | KREATIV | NEUGIERIG","publisher":{"@id":"https:\/\/odettekocht.de\/de\/#\/schema\/person\/a18de4234a9756c34375e14890d733f7"},"potentialAction":[{"@type":"SearchAction","target":{"@type":"EntryPoint","urlTemplate":"https:\/\/odettekocht.de\/de\/?s={search_term_string}"},"query-input":{"@type":"PropertyValueSpecification","valueRequired":true,"valueName":"search_term_string"}}],"inLanguage":"de"},{"@type":["Person","Organization"],"@id":"https:\/\/odettekocht.de\/de\/#\/schema\/person\/a18de4234a9756c34375e14890d733f7","name":"Odette","logo":{"@id":"https:\/\/odettekocht.de\/de\/#\/schema\/person\/image\/"}}]}},"acf":[],"_links":{"self":[{"href":"https:\/\/odettekocht.de\/de\/wp-json\/wp\/v2\/posts\/1332","targetHints":{"allow":["GET"]}}],"collection":[{"href":"https:\/\/odettekocht.de\/de\/wp-json\/wp\/v2\/posts"}],"about":[{"href":"https:\/\/odettekocht.de\/de\/wp-json\/wp\/v2\/types\/post"}],"author":[{"embeddable":true,"href":"https:\/\/odettekocht.de\/de\/wp-json\/wp\/v2\/users\/1"}],"replies":[{"embeddable":true,"href":"https:\/\/odettekocht.de\/de\/wp-json\/wp\/v2\/comments?post=1332"}],"version-history":[{"count":7,"href":"https:\/\/odettekocht.de\/de\/wp-json\/wp\/v2\/posts\/1332\/revisions"}],"predecessor-version":[{"id":1342,"href":"https:\/\/odettekocht.de\/de\/wp-json\/wp\/v2\/posts\/1332\/revisions\/1342"}],"wp:attachment":[{"href":"https:\/\/odettekocht.de\/de\/wp-json\/wp\/v2\/media?parent=1332"}],"wp:term":[{"taxonomy":"category","embeddable":true,"href":"https:\/\/odettekocht.de\/de\/wp-json\/wp\/v2\/categories?post=1332"},{"taxonomy":"post_tag","embeddable":true,"href":"https:\/\/odettekocht.de\/de\/wp-json\/wp\/v2\/tags?post=1332"}],"curies":[{"name":"wp","href":"https:\/\/api.w.org\/{rel}","templated":true}]}}