{"id":1385,"date":"2022-06-06T07:45:00","date_gmt":"2022-06-06T05:45:00","guid":{"rendered":"https:\/\/odettekocht.de\/de\/?p=1385"},"modified":"2022-06-06T07:44:58","modified_gmt":"2022-06-06T05:44:58","slug":"panzanella","status":"publish","type":"post","link":"https:\/\/odettekocht.de\/de\/2022\/rezepte\/panzanella\/","title":{"rendered":"Panzanella"},"content":{"rendered":"\n<figure class=\"wp-block-image size-large\"><img loading=\"lazy\" decoding=\"async\" width=\"1024\" height=\"1024\" src=\"https:\/\/odettekocht.de\/de\/wp-content\/uploads\/2022\/06\/1D0DC005-A7CA-41D0-9522-76C369F17D2B-1024x1024.jpeg\" alt=\"Links steht eine wei\u00dfe Sch\u00fcssel mit Panzanella, einem toskanischen Brotsalat, bestehend aus zerzupftem Wei\u00dfbrot, Tomatenw\u00fcrfel, Zwiebelstreifen, Basilikumbl\u00e4ttchen und zerzupftem Mozzarella. Rechts daneben stehen wei\u00dfe Teller mit Salatbesteck und Rispentomaten darauf. Ein Basilikumtopf ragt von oben ins Bild.\" class=\"wp-image-1386\" srcset=\"https:\/\/odettekocht.de\/de\/wp-content\/uploads\/2022\/06\/1D0DC005-A7CA-41D0-9522-76C369F17D2B-1024x1024.jpeg 1024w, https:\/\/odettekocht.de\/de\/wp-content\/uploads\/2022\/06\/1D0DC005-A7CA-41D0-9522-76C369F17D2B-300x300.jpeg 300w, https:\/\/odettekocht.de\/de\/wp-content\/uploads\/2022\/06\/1D0DC005-A7CA-41D0-9522-76C369F17D2B-150x150.jpeg 150w, https:\/\/odettekocht.de\/de\/wp-content\/uploads\/2022\/06\/1D0DC005-A7CA-41D0-9522-76C369F17D2B-768x768.jpeg 768w, https:\/\/odettekocht.de\/de\/wp-content\/uploads\/2022\/06\/1D0DC005-A7CA-41D0-9522-76C369F17D2B-1536x1536.jpeg 1536w, https:\/\/odettekocht.de\/de\/wp-content\/uploads\/2022\/06\/1D0DC005-A7CA-41D0-9522-76C369F17D2B-2048x2048.jpeg 2048w, https:\/\/odettekocht.de\/de\/wp-content\/uploads\/2022\/06\/1D0DC005-A7CA-41D0-9522-76C369F17D2B-1140x1140.jpeg 1140w, https:\/\/odettekocht.de\/de\/wp-content\/uploads\/2022\/06\/1D0DC005-A7CA-41D0-9522-76C369F17D2B-75x75.jpeg 75w, https:\/\/odettekocht.de\/de\/wp-content\/uploads\/2022\/06\/1D0DC005-A7CA-41D0-9522-76C369F17D2B-1320x1320.jpeg 1320w\" sizes=\"auto, (max-width: 1024px) 100vw, 1024px\" \/><\/figure>\n\n\n\n<p>Ich habe ja schon lange keinen Monatsr\u00fcckblick mehr geschrieben. Irgendwie ist in den letzten Monaten nicht viel passiert. Mal abgesehen von ausgef\u00fcllten Arbeitstagen und dem t\u00e4glichen Leben drumherum. Alles soweit fein, keine Sensationen und keine Dramen; eben nichts wirklich Berichtenswertes. Aber jetzt sind wir gerade aus der Toskana zur\u00fcckgekehrt und wenn Du magst, teile ich ein paar Urlaubserinnerungen, Bilder und das Rezept f\u00fcr diesen toskanischen Brotsalat namens Panzanella mit Dir. Du magst doch, oder?<\/p>\n\n\n\n<!--more-->\n\n\n\n<p>Die Toskana stand schon ewig auf meiner Da-will-ich-hin-bevor-ich-tot-bin-Liste. Wahrscheinlich ist die Toskana ein Sehnsuchtsort vieler Menschen (und &#8211; \u00dcberraschung &#8211; wir waren dort auch nicht allein\u2026). Wer in S\u00fcddeutschland, \u00d6sterreich oder der Schweiz wohnt, findet dieses Reiseziel wahrscheinlich weniger aufregend, weil ein Trip von dort aus ungef\u00e4hr so ist, wie wenn wir nach Holland fahren. Ist nah, ist sch\u00f6n und macht man so f\u00fcnf- bis zehnmal im Jahr. Aber von uns aus sind es knapp 1.200 km mit dem Auto, das macht man nicht mal so eben.<\/p>\n\n\n\n<p>In Ermangelung sch\u00f6ner Campingpl\u00e4tze in der Gegend von Lucca &#8211; und da wollten wir hin &#8211; haben wir uns f\u00fcr ein H\u00e4uschen im Gr\u00fcnen entschieden. Beste Entscheidung! Die Unterkunft war zauberhaft und f\u00fcr uns ein perfekter Ort.<\/p>\n\n\n\n<figure class=\"wp-block-image size-large is-resized\"><img loading=\"lazy\" decoding=\"async\" src=\"https:\/\/odettekocht.de\/de\/wp-content\/uploads\/2022\/06\/42F95FEC-A05A-45FF-B486-FF3D08D064F8-768x1024.jpeg\" alt=\"Blick auf eine kleine Treppe die zwischen Olivenb\u00e4umen abw\u00e4rts in einen Garten f\u00fchrt. Man sieht nur Gr\u00fcn und Natur.\" class=\"wp-image-1387\" width=\"786\" height=\"1048\" srcset=\"https:\/\/odettekocht.de\/de\/wp-content\/uploads\/2022\/06\/42F95FEC-A05A-45FF-B486-FF3D08D064F8-768x1024.jpeg 768w, https:\/\/odettekocht.de\/de\/wp-content\/uploads\/2022\/06\/42F95FEC-A05A-45FF-B486-FF3D08D064F8-225x300.jpeg 225w, https:\/\/odettekocht.de\/de\/wp-content\/uploads\/2022\/06\/42F95FEC-A05A-45FF-B486-FF3D08D064F8-1152x1536.jpeg 1152w, https:\/\/odettekocht.de\/de\/wp-content\/uploads\/2022\/06\/42F95FEC-A05A-45FF-B486-FF3D08D064F8-1536x2048.jpeg 1536w, https:\/\/odettekocht.de\/de\/wp-content\/uploads\/2022\/06\/42F95FEC-A05A-45FF-B486-FF3D08D064F8-1140x1520.jpeg 1140w, https:\/\/odettekocht.de\/de\/wp-content\/uploads\/2022\/06\/42F95FEC-A05A-45FF-B486-FF3D08D064F8-1320x1760.jpeg 1320w, https:\/\/odettekocht.de\/de\/wp-content\/uploads\/2022\/06\/42F95FEC-A05A-45FF-B486-FF3D08D064F8-scaled.jpeg 1920w\" sizes=\"auto, (max-width: 786px) 100vw, 786px\" \/><figcaption>Der Fu\u00dfweg zu unserem H\u00e4uschen<\/figcaption><\/figure>\n\n\n\n<figure class=\"wp-block-image size-large\"><img loading=\"lazy\" decoding=\"async\" width=\"958\" height=\"1280\" src=\"https:\/\/odettekocht.de\/de\/wp-content\/uploads\/2022\/06\/2F47FE75-FBF1-4625-AEE4-C9666B0FE0D7-edited.jpeg\" alt=\"Am Ende des Fu\u00dfwegs sieht man eine Terrasse mit Terracottafliesen, Gartenm\u00f6beln und dahinter ein gelb gestrichenes kleines Haus.\" class=\"wp-image-1389\" srcset=\"https:\/\/odettekocht.de\/de\/wp-content\/uploads\/2022\/06\/2F47FE75-FBF1-4625-AEE4-C9666B0FE0D7-edited.jpeg 958w, https:\/\/odettekocht.de\/de\/wp-content\/uploads\/2022\/06\/2F47FE75-FBF1-4625-AEE4-C9666B0FE0D7-edited-225x300.jpeg 225w, https:\/\/odettekocht.de\/de\/wp-content\/uploads\/2022\/06\/2F47FE75-FBF1-4625-AEE4-C9666B0FE0D7-edited-766x1024.jpeg 766w, https:\/\/odettekocht.de\/de\/wp-content\/uploads\/2022\/06\/2F47FE75-FBF1-4625-AEE4-C9666B0FE0D7-edited-768x1026.jpeg 768w\" sizes=\"auto, (max-width: 958px) 100vw, 958px\" \/><\/figure>\n\n\n\n<p>Wir haben dann jeden Tag einen Ausflug mit dem Auto gemacht und die Gegend erkundet. Sind jeden Mittag ausgiebig Essen gegangen (mit wenigstens zwei G\u00e4ngen und einem Glas Wein f\u00fcr das ultimative Urlaubsgef\u00fchl!) und haben die Abende auf der Terrasse unserer kleinen <strong><a href=\"https:\/\/de.wikipedia.org\/wiki\/Bonanza\">Ponderosa<\/a><\/strong> verbracht, in den Wald geguckt oder die Eidechsen auf den Terracottafliesen beobachtet und uns nach Einbruch der Dunkelheit \u00fcber das Funkelfeuerwerk der zahlreichen Gl\u00fchw\u00fcrmchen gefreut. Sch\u00f6n war das!<\/p>\n\n\n\n<figure class=\"wp-block-image size-large\"><img loading=\"lazy\" decoding=\"async\" width=\"768\" height=\"1024\" src=\"https:\/\/odettekocht.de\/de\/wp-content\/uploads\/2022\/06\/0DD0BA1F-4134-4ED1-A81A-9610010D6FF8-768x1024.jpeg\" alt=\"Blick von oben auf toskanische Landschaft; am Himmel dramatische Wolken.\" class=\"wp-image-1396\" srcset=\"https:\/\/odettekocht.de\/de\/wp-content\/uploads\/2022\/06\/0DD0BA1F-4134-4ED1-A81A-9610010D6FF8-768x1024.jpeg 768w, https:\/\/odettekocht.de\/de\/wp-content\/uploads\/2022\/06\/0DD0BA1F-4134-4ED1-A81A-9610010D6FF8-225x300.jpeg 225w, https:\/\/odettekocht.de\/de\/wp-content\/uploads\/2022\/06\/0DD0BA1F-4134-4ED1-A81A-9610010D6FF8-1152x1536.jpeg 1152w, https:\/\/odettekocht.de\/de\/wp-content\/uploads\/2022\/06\/0DD0BA1F-4134-4ED1-A81A-9610010D6FF8-1536x2048.jpeg 1536w, https:\/\/odettekocht.de\/de\/wp-content\/uploads\/2022\/06\/0DD0BA1F-4134-4ED1-A81A-9610010D6FF8-1140x1520.jpeg 1140w, https:\/\/odettekocht.de\/de\/wp-content\/uploads\/2022\/06\/0DD0BA1F-4134-4ED1-A81A-9610010D6FF8-1320x1760.jpeg 1320w, https:\/\/odettekocht.de\/de\/wp-content\/uploads\/2022\/06\/0DD0BA1F-4134-4ED1-A81A-9610010D6FF8-scaled.jpeg 1920w\" sizes=\"auto, (max-width: 768px) 100vw, 768px\" \/><\/figure>\n\n\n\n<figure class=\"wp-block-image size-large is-resized\"><img loading=\"lazy\" decoding=\"async\" src=\"https:\/\/odettekocht.de\/de\/wp-content\/uploads\/2022\/06\/1EC807A0-CBE7-41D4-9BB5-B7DF012917FD-768x1024.jpeg\" alt=\"Eine Wiese voll mit rotem Mohn.\" class=\"wp-image-1397\" width=\"749\" height=\"999\" srcset=\"https:\/\/odettekocht.de\/de\/wp-content\/uploads\/2022\/06\/1EC807A0-CBE7-41D4-9BB5-B7DF012917FD-768x1024.jpeg 768w, https:\/\/odettekocht.de\/de\/wp-content\/uploads\/2022\/06\/1EC807A0-CBE7-41D4-9BB5-B7DF012917FD-225x300.jpeg 225w, https:\/\/odettekocht.de\/de\/wp-content\/uploads\/2022\/06\/1EC807A0-CBE7-41D4-9BB5-B7DF012917FD-1152x1536.jpeg 1152w, https:\/\/odettekocht.de\/de\/wp-content\/uploads\/2022\/06\/1EC807A0-CBE7-41D4-9BB5-B7DF012917FD-1536x2048.jpeg 1536w, https:\/\/odettekocht.de\/de\/wp-content\/uploads\/2022\/06\/1EC807A0-CBE7-41D4-9BB5-B7DF012917FD-1140x1520.jpeg 1140w, https:\/\/odettekocht.de\/de\/wp-content\/uploads\/2022\/06\/1EC807A0-CBE7-41D4-9BB5-B7DF012917FD-1320x1760.jpeg 1320w, https:\/\/odettekocht.de\/de\/wp-content\/uploads\/2022\/06\/1EC807A0-CBE7-41D4-9BB5-B7DF012917FD-scaled.jpeg 1920w\" sizes=\"auto, (max-width: 749px) 100vw, 749px\" \/><\/figure>\n\n\n\n<p>Dass man in Italien toll essen kann, d\u00fcrfte allseits bekannt sein. Ich liebe es, in Urlaubsl\u00e4ndern und deren Regionen die lokale K\u00fcche auszuprobieren. In Italien also Gerichte jenseits von Pizza und Pasta. Pasta hatten wir nat\u00fcrlich auch, aber eben welche, deren Zubereitung typisch f\u00fcr die Gegend ist. Mit regionalen Produkten von kleinen Produzenten. Der beste Mann von allen hat in Fleischgerichten (Wildschwein in allen Varianten, Ossobuco, Kalbsb\u00e4ckchen) geschwelgt, denn die toskanische K\u00fcche ist traditionell sehr fleischlastig. Selbst ich habe f\u00fcr meine Verh\u00e4ltnisse viel Fleisch gegessen. War halt lecker.<\/p>\n\n\n\n<p>Und dann, an unserem vorletzten Mittag, waren wir in Lucca in der Trattoria <strong><a href=\"https:\/\/www.trattoriadagiulio.it\/\">Da Giulio in Pelleria<\/a><\/strong> und dort gab es Panzanella auf der Karte. Nur im Sommer verf\u00fcgbar. Klar, das macht Sinn, denn eine Panzanella braucht aromatische Tomaten. Ich wusste, dass es dieses Gericht gibt, war aber bislang zugegebenerma\u00dfen skeptisch. Aus eingeweichtem altbackenen Brot einen Salat zu machen, klingt erstmal nicht so geil, hab ich recht?! Aber weil dieser Tag ein hei\u00dfer Sommertag war und ich bei diesem Restaurant sofort das Wenn-nicht-hier-wo-dann?-Gef\u00fchl hatte, habe ich die Panzanella bestellt. Und was soll ich sagen? Es war Liebe auf den ersten Bissen.<\/p>\n\n\n\n<figure class=\"wp-block-image size-large\"><img loading=\"lazy\" decoding=\"async\" width=\"768\" height=\"1024\" src=\"https:\/\/odettekocht.de\/de\/wp-content\/uploads\/2022\/06\/327E9ECD-08EF-41F2-98E8-EFD76F2ECA81-768x1024.jpeg\" alt=\"Blick auf die Au\u00dfenterrasse der Trattoria Da Giulio unter alten Gew\u00f6lbebogen. Ein wundersch\u00f6nes Restaurant.\" class=\"wp-image-1391\" srcset=\"https:\/\/odettekocht.de\/de\/wp-content\/uploads\/2022\/06\/327E9ECD-08EF-41F2-98E8-EFD76F2ECA81-768x1024.jpeg 768w, https:\/\/odettekocht.de\/de\/wp-content\/uploads\/2022\/06\/327E9ECD-08EF-41F2-98E8-EFD76F2ECA81-225x300.jpeg 225w, https:\/\/odettekocht.de\/de\/wp-content\/uploads\/2022\/06\/327E9ECD-08EF-41F2-98E8-EFD76F2ECA81-1152x1536.jpeg 1152w, https:\/\/odettekocht.de\/de\/wp-content\/uploads\/2022\/06\/327E9ECD-08EF-41F2-98E8-EFD76F2ECA81-1536x2048.jpeg 1536w, https:\/\/odettekocht.de\/de\/wp-content\/uploads\/2022\/06\/327E9ECD-08EF-41F2-98E8-EFD76F2ECA81-1140x1520.jpeg 1140w, https:\/\/odettekocht.de\/de\/wp-content\/uploads\/2022\/06\/327E9ECD-08EF-41F2-98E8-EFD76F2ECA81-1320x1760.jpeg 1320w, https:\/\/odettekocht.de\/de\/wp-content\/uploads\/2022\/06\/327E9ECD-08EF-41F2-98E8-EFD76F2ECA81-scaled.jpeg 1920w\" sizes=\"auto, (max-width: 768px) 100vw, 768px\" \/><figcaption>So sch\u00f6n sitzt man auf der Au\u00dfenterrasse bei Da Giulio in Lucca<\/figcaption><\/figure>\n\n\n\n<figure class=\"wp-block-image size-large\"><img loading=\"lazy\" decoding=\"async\" width=\"903\" height=\"1024\" src=\"https:\/\/odettekocht.de\/de\/wp-content\/uploads\/2022\/06\/C232F3E2-D7A2-45FD-B720-944007A61F52-903x1024.jpeg\" alt=\"Die original Panzanella im Restaurant.\" class=\"wp-image-1390\" srcset=\"https:\/\/odettekocht.de\/de\/wp-content\/uploads\/2022\/06\/C232F3E2-D7A2-45FD-B720-944007A61F52-903x1024.jpeg 903w, https:\/\/odettekocht.de\/de\/wp-content\/uploads\/2022\/06\/C232F3E2-D7A2-45FD-B720-944007A61F52-265x300.jpeg 265w, https:\/\/odettekocht.de\/de\/wp-content\/uploads\/2022\/06\/C232F3E2-D7A2-45FD-B720-944007A61F52-768x871.jpeg 768w, https:\/\/odettekocht.de\/de\/wp-content\/uploads\/2022\/06\/C232F3E2-D7A2-45FD-B720-944007A61F52-1140x1293.jpeg 1140w, https:\/\/odettekocht.de\/de\/wp-content\/uploads\/2022\/06\/C232F3E2-D7A2-45FD-B720-944007A61F52.jpeg 1284w\" sizes=\"auto, (max-width: 903px) 100vw, 903px\" \/><figcaption>Die originale Panzanella, so wie im Restaurant serviert<\/figcaption><\/figure>\n\n\n\n<p>Es gibt in der Toskana verschiedene Gerichte, die altbackenes Brot als Grundlage haben. Das ist Nachhaltigkeit, bevor es das Wort gab. F\u00fcr eine Panzanella wird das Brot in Wasser eingeweicht, gut ausgedr\u00fcckt, mit frischen Tomaten, Zwiebeln und Basilikum vermischt und mit Essig und Oliven\u00f6l serviert. Wer Lust hat, kann noch Gurke untermischen. Ich war so frei und habe zerzupften B\u00fcffelmozzarella erg\u00e4nzt und das ist richtig gut.&nbsp;<\/p>\n\n\n\n<p>Die Panzanella ist unglaublich saftig und schmeckt sch\u00f6n frisch. Und &#8211; Zitat der Lieblingstochter &#8211; \u201eDas eingeweichte Brot nervt gar nicht!\u201c. Den Rest wollte sie gerne f\u00fcr den n\u00e4chsten Tag mit nach Hause nehmen. Bestes Kompliment, wie ich finde!<\/p>\n\n\n\n<p>Das Rezept ist bewusst ohne Mengenangabe. Du kannst den Salat nur f\u00fcr Dich oder f\u00fcr eine 20k\u00f6pfige Gesellschaft machen; dosiere die Menge einfach nach Gef\u00fchl.<\/p>\n\n\n\n<h3 class=\"wp-block-heading\">Man nehme<\/h3>\n\n\n\n<ul class=\"wp-block-list\"><li>Altbackenes Wei\u00dfbrot oder Ciabatta<\/li><li>Frische und reife Tomaten, die auch danach schmecken<\/li><li>Rote Zwiebel<\/li><li>Basilikum<\/li><li>Rotweinessig<\/li><li>Oliven\u00f6l<\/li><li>Salz und schwarzer Pfeffer aus der M\u00fchle<\/li><li>optional B\u00fcffelmozzarella<\/li><\/ul>\n\n\n\n<h3 class=\"wp-block-heading\">So geht\u2018s<\/h3>\n\n\n\n<p>Zerrei\u00dfe das Brot mit Rinde in mundgerechte St\u00fccke und weiche es in kaltem Leitungswasser ca. 20 Minuten ein.<\/p>\n\n\n\n<p>In der Zwischenzeit w\u00fcrfelst Du die Tomaten. Es gibt Rezepte, die empfehlen, die Tomaten zu entkernen. Ich verwende sie unbedingt mit, denn dort ist das meiste Umami drin.<\/p>\n\n\n\n<p>Halbiere die Zwiebel und schneide sie in feine Streifen.<\/p>\n\n\n\n<p>Zupfe die Basilikumbl\u00e4tter ab. Ich hatte kleinbl\u00e4ttriges Basilikum und konnte die Bl\u00e4tter daher ganz lassen. Wenn Du gro\u00dfe Bl\u00e4tter hast, w\u00fcrde ich sie kleiner zupfen oder schneiden.<\/p>\n\n\n\n<p>Dr\u00fccke das Brot mit den H\u00e4nden gut aus und gib es in eine Sch\u00fcssel. Gib die Tomaten, die Zwiebel und das Basilikum dazu, w\u00fcrze mit Salz und Pfeffer und vermenge alles. Dann gibst Du eine gro\u00dfz\u00fcgige Runde Oliven\u00f6l dazu und hebst den Salat nochmal durch.<\/p>\n\n\n\n<p>Etwa eine Stunde durchziehen lassen!<\/p>\n\n\n\n<p>Vor dem Servieren gibst Du eine guten Schuss Rotweinessig \u00fcber den Salat und mischst nochmal. Abschmecken und evtl. nachw\u00fcrzen. Der Salat sollte ausgewogen frisch und leicht s\u00e4uerlich schmecken.<\/p>\n\n\n\n<p>Wenn Du den Salat mit Mozzarella servieren m\u00f6chtest, ist jetzt der richtige Zeitpunkt, den K\u00e4se zu zerzupfen und darauf anzurichten.<\/p>\n\n\n\n<p>Lass es Dir schmecken!<\/p>\n","protected":false},"excerpt":{"rendered":"<p>Ich habe ja schon lange keinen Monatsr\u00fcckblick mehr geschrieben. Irgendwie ist in den letzten Monaten nicht viel passiert. Mal abgesehen von ausgef\u00fcllten Arbeitstagen und dem t\u00e4glichen Leben drumherum. Alles soweit fein, keine Sensationen und keine Dramen; eben nichts wirklich Berichtenswertes. Aber jetzt sind wir gerade aus der Toskana zur\u00fcckgekehrt und wenn Du magst, teile ich ein paar Urlaubserinnerungen, Bilder und das Rezept f\u00fcr diesen toskanischen Brotsalat namens Panzanella mit Dir. Du magst doch, oder?<\/p>\n","protected":false},"author":1,"featured_media":0,"comment_status":"open","ping_status":"open","sticky":false,"template":"","format":"standard","meta":{"footnotes":""},"categories":[1,30,38],"tags":[323,39,324],"class_list":["post-1385","post","type-post","status-publish","format-standard","hentry","category-rezepte","category-salate","category-vegetarisch","tag-panzanella","tag-salat","tag-toskana"],"yoast_head":"<!-- This site is optimized with the Yoast SEO plugin v27.5 - https:\/\/yoast.com\/product\/yoast-seo-wordpress\/ -->\n<title>Panzanella - ODETTE KOCHT<\/title>\n<meta name=\"description\" content=\"Panzanella ist ein toskanischer Brotsalat, der nur im Sommer serviert wird, wenn es vollreife, aromatische Tomaten gibt. Also jetzt!\" \/>\n<meta name=\"robots\" content=\"index, follow, max-snippet:-1, max-image-preview:large, max-video-preview:-1\" \/>\n<link rel=\"canonical\" href=\"https:\/\/odettekocht.de\/de\/2022\/rezepte\/panzanella\/\" \/>\n<meta property=\"og:locale\" content=\"de_DE\" \/>\n<meta property=\"og:type\" content=\"article\" \/>\n<meta property=\"og:title\" content=\"Panzanella - ODETTE KOCHT\" \/>\n<meta property=\"og:description\" content=\"Panzanella ist ein toskanischer Brotsalat, der nur im Sommer serviert wird, wenn es vollreife, aromatische Tomaten gibt. Also jetzt!\" \/>\n<meta property=\"og:url\" content=\"https:\/\/odettekocht.de\/de\/2022\/rezepte\/panzanella\/\" \/>\n<meta property=\"og:site_name\" content=\"ODETTE KOCHT\" \/>\n<meta property=\"article:published_time\" content=\"2022-06-06T05:45:00+00:00\" \/>\n<meta property=\"og:image\" content=\"https:\/\/odettekocht.de\/de\/wp-content\/uploads\/2022\/06\/1D0DC005-A7CA-41D0-9522-76C369F17D2B-1024x1024.jpeg\" \/>\n<meta name=\"author\" content=\"Odette\" \/>\n<meta name=\"twitter:card\" content=\"summary_large_image\" \/>\n<meta name=\"twitter:label1\" content=\"Verfasst von\" \/>\n\t<meta name=\"twitter:data1\" content=\"Odette\" \/>\n\t<meta name=\"twitter:label2\" content=\"Gesch\u00e4tzte Lesezeit\" \/>\n\t<meta name=\"twitter:data2\" content=\"6\u00a0Minuten\" \/>\n<script type=\"application\/ld+json\" class=\"yoast-schema-graph\">{\"@context\":\"https:\\\/\\\/schema.org\",\"@graph\":[{\"@type\":\"Article\",\"@id\":\"https:\\\/\\\/odettekocht.de\\\/de\\\/2022\\\/rezepte\\\/panzanella\\\/#article\",\"isPartOf\":{\"@id\":\"https:\\\/\\\/odettekocht.de\\\/de\\\/2022\\\/rezepte\\\/panzanella\\\/\"},\"author\":{\"name\":\"Odette\",\"@id\":\"https:\\\/\\\/odettekocht.de\\\/de\\\/#\\\/schema\\\/person\\\/a18de4234a9756c34375e14890d733f7\"},\"headline\":\"Panzanella\",\"datePublished\":\"2022-06-06T05:45:00+00:00\",\"mainEntityOfPage\":{\"@id\":\"https:\\\/\\\/odettekocht.de\\\/de\\\/2022\\\/rezepte\\\/panzanella\\\/\"},\"wordCount\":903,\"commentCount\":8,\"publisher\":{\"@id\":\"https:\\\/\\\/odettekocht.de\\\/de\\\/#\\\/schema\\\/person\\\/a18de4234a9756c34375e14890d733f7\"},\"image\":{\"@id\":\"https:\\\/\\\/odettekocht.de\\\/de\\\/2022\\\/rezepte\\\/panzanella\\\/#primaryimage\"},\"thumbnailUrl\":\"https:\\\/\\\/odettekocht.de\\\/de\\\/wp-content\\\/uploads\\\/2022\\\/06\\\/1D0DC005-A7CA-41D0-9522-76C369F17D2B-1024x1024.jpeg\",\"keywords\":[\"Panzanella\",\"Salat\",\"Toskana\"],\"articleSection\":[\"Rezepte\",\"Salate\",\"Vegetarisch\"],\"inLanguage\":\"de\",\"potentialAction\":[{\"@type\":\"CommentAction\",\"name\":\"Comment\",\"target\":[\"https:\\\/\\\/odettekocht.de\\\/de\\\/2022\\\/rezepte\\\/panzanella\\\/#respond\"]}]},{\"@type\":\"WebPage\",\"@id\":\"https:\\\/\\\/odettekocht.de\\\/de\\\/2022\\\/rezepte\\\/panzanella\\\/\",\"url\":\"https:\\\/\\\/odettekocht.de\\\/de\\\/2022\\\/rezepte\\\/panzanella\\\/\",\"name\":\"Panzanella - ODETTE KOCHT\",\"isPartOf\":{\"@id\":\"https:\\\/\\\/odettekocht.de\\\/de\\\/#website\"},\"primaryImageOfPage\":{\"@id\":\"https:\\\/\\\/odettekocht.de\\\/de\\\/2022\\\/rezepte\\\/panzanella\\\/#primaryimage\"},\"image\":{\"@id\":\"https:\\\/\\\/odettekocht.de\\\/de\\\/2022\\\/rezepte\\\/panzanella\\\/#primaryimage\"},\"thumbnailUrl\":\"https:\\\/\\\/odettekocht.de\\\/de\\\/wp-content\\\/uploads\\\/2022\\\/06\\\/1D0DC005-A7CA-41D0-9522-76C369F17D2B-1024x1024.jpeg\",\"datePublished\":\"2022-06-06T05:45:00+00:00\",\"description\":\"Panzanella ist ein toskanischer Brotsalat, der nur im Sommer serviert wird, wenn es vollreife, aromatische Tomaten gibt. Also jetzt!\",\"breadcrumb\":{\"@id\":\"https:\\\/\\\/odettekocht.de\\\/de\\\/2022\\\/rezepte\\\/panzanella\\\/#breadcrumb\"},\"inLanguage\":\"de\",\"potentialAction\":[{\"@type\":\"ReadAction\",\"target\":[\"https:\\\/\\\/odettekocht.de\\\/de\\\/2022\\\/rezepte\\\/panzanella\\\/\"]}]},{\"@type\":\"ImageObject\",\"inLanguage\":\"de\",\"@id\":\"https:\\\/\\\/odettekocht.de\\\/de\\\/2022\\\/rezepte\\\/panzanella\\\/#primaryimage\",\"url\":\"https:\\\/\\\/odettekocht.de\\\/de\\\/wp-content\\\/uploads\\\/2022\\\/06\\\/1D0DC005-A7CA-41D0-9522-76C369F17D2B-1024x1024.jpeg\",\"contentUrl\":\"https:\\\/\\\/odettekocht.de\\\/de\\\/wp-content\\\/uploads\\\/2022\\\/06\\\/1D0DC005-A7CA-41D0-9522-76C369F17D2B-1024x1024.jpeg\"},{\"@type\":\"BreadcrumbList\",\"@id\":\"https:\\\/\\\/odettekocht.de\\\/de\\\/2022\\\/rezepte\\\/panzanella\\\/#breadcrumb\",\"itemListElement\":[{\"@type\":\"ListItem\",\"position\":1,\"name\":\"Startseite\",\"item\":\"https:\\\/\\\/odettekocht.de\\\/de\\\/\"},{\"@type\":\"ListItem\",\"position\":2,\"name\":\"Panzanella\"}]},{\"@type\":\"WebSite\",\"@id\":\"https:\\\/\\\/odettekocht.de\\\/de\\\/#website\",\"url\":\"https:\\\/\\\/odettekocht.de\\\/de\\\/\",\"name\":\"ODETTE KOCHT\",\"description\":\"QUERBEET | KREATIV | NEUGIERIG\",\"publisher\":{\"@id\":\"https:\\\/\\\/odettekocht.de\\\/de\\\/#\\\/schema\\\/person\\\/a18de4234a9756c34375e14890d733f7\"},\"potentialAction\":[{\"@type\":\"SearchAction\",\"target\":{\"@type\":\"EntryPoint\",\"urlTemplate\":\"https:\\\/\\\/odettekocht.de\\\/de\\\/?s={search_term_string}\"},\"query-input\":{\"@type\":\"PropertyValueSpecification\",\"valueRequired\":true,\"valueName\":\"search_term_string\"}}],\"inLanguage\":\"de\"},{\"@type\":[\"Person\",\"Organization\"],\"@id\":\"https:\\\/\\\/odettekocht.de\\\/de\\\/#\\\/schema\\\/person\\\/a18de4234a9756c34375e14890d733f7\",\"name\":\"Odette\",\"logo\":{\"@id\":\"https:\\\/\\\/odettekocht.de\\\/de\\\/#\\\/schema\\\/person\\\/image\\\/\"}}]}<\/script>\n<!-- \/ Yoast SEO plugin. -->","yoast_head_json":{"title":"Panzanella - ODETTE KOCHT","description":"Panzanella ist ein toskanischer Brotsalat, der nur im Sommer serviert wird, wenn es vollreife, aromatische Tomaten gibt. Also jetzt!","robots":{"index":"index","follow":"follow","max-snippet":"max-snippet:-1","max-image-preview":"max-image-preview:large","max-video-preview":"max-video-preview:-1"},"canonical":"https:\/\/odettekocht.de\/de\/2022\/rezepte\/panzanella\/","og_locale":"de_DE","og_type":"article","og_title":"Panzanella - ODETTE KOCHT","og_description":"Panzanella ist ein toskanischer Brotsalat, der nur im Sommer serviert wird, wenn es vollreife, aromatische Tomaten gibt. Also jetzt!","og_url":"https:\/\/odettekocht.de\/de\/2022\/rezepte\/panzanella\/","og_site_name":"ODETTE KOCHT","article_published_time":"2022-06-06T05:45:00+00:00","og_image":[{"url":"https:\/\/odettekocht.de\/de\/wp-content\/uploads\/2022\/06\/1D0DC005-A7CA-41D0-9522-76C369F17D2B-1024x1024.jpeg","type":"","width":"","height":""}],"author":"Odette","twitter_card":"summary_large_image","twitter_misc":{"Verfasst von":"Odette","Gesch\u00e4tzte Lesezeit":"6\u00a0Minuten"},"schema":{"@context":"https:\/\/schema.org","@graph":[{"@type":"Article","@id":"https:\/\/odettekocht.de\/de\/2022\/rezepte\/panzanella\/#article","isPartOf":{"@id":"https:\/\/odettekocht.de\/de\/2022\/rezepte\/panzanella\/"},"author":{"name":"Odette","@id":"https:\/\/odettekocht.de\/de\/#\/schema\/person\/a18de4234a9756c34375e14890d733f7"},"headline":"Panzanella","datePublished":"2022-06-06T05:45:00+00:00","mainEntityOfPage":{"@id":"https:\/\/odettekocht.de\/de\/2022\/rezepte\/panzanella\/"},"wordCount":903,"commentCount":8,"publisher":{"@id":"https:\/\/odettekocht.de\/de\/#\/schema\/person\/a18de4234a9756c34375e14890d733f7"},"image":{"@id":"https:\/\/odettekocht.de\/de\/2022\/rezepte\/panzanella\/#primaryimage"},"thumbnailUrl":"https:\/\/odettekocht.de\/de\/wp-content\/uploads\/2022\/06\/1D0DC005-A7CA-41D0-9522-76C369F17D2B-1024x1024.jpeg","keywords":["Panzanella","Salat","Toskana"],"articleSection":["Rezepte","Salate","Vegetarisch"],"inLanguage":"de","potentialAction":[{"@type":"CommentAction","name":"Comment","target":["https:\/\/odettekocht.de\/de\/2022\/rezepte\/panzanella\/#respond"]}]},{"@type":"WebPage","@id":"https:\/\/odettekocht.de\/de\/2022\/rezepte\/panzanella\/","url":"https:\/\/odettekocht.de\/de\/2022\/rezepte\/panzanella\/","name":"Panzanella - ODETTE KOCHT","isPartOf":{"@id":"https:\/\/odettekocht.de\/de\/#website"},"primaryImageOfPage":{"@id":"https:\/\/odettekocht.de\/de\/2022\/rezepte\/panzanella\/#primaryimage"},"image":{"@id":"https:\/\/odettekocht.de\/de\/2022\/rezepte\/panzanella\/#primaryimage"},"thumbnailUrl":"https:\/\/odettekocht.de\/de\/wp-content\/uploads\/2022\/06\/1D0DC005-A7CA-41D0-9522-76C369F17D2B-1024x1024.jpeg","datePublished":"2022-06-06T05:45:00+00:00","description":"Panzanella ist ein toskanischer Brotsalat, der nur im Sommer serviert wird, wenn es vollreife, aromatische Tomaten gibt. Also jetzt!","breadcrumb":{"@id":"https:\/\/odettekocht.de\/de\/2022\/rezepte\/panzanella\/#breadcrumb"},"inLanguage":"de","potentialAction":[{"@type":"ReadAction","target":["https:\/\/odettekocht.de\/de\/2022\/rezepte\/panzanella\/"]}]},{"@type":"ImageObject","inLanguage":"de","@id":"https:\/\/odettekocht.de\/de\/2022\/rezepte\/panzanella\/#primaryimage","url":"https:\/\/odettekocht.de\/de\/wp-content\/uploads\/2022\/06\/1D0DC005-A7CA-41D0-9522-76C369F17D2B-1024x1024.jpeg","contentUrl":"https:\/\/odettekocht.de\/de\/wp-content\/uploads\/2022\/06\/1D0DC005-A7CA-41D0-9522-76C369F17D2B-1024x1024.jpeg"},{"@type":"BreadcrumbList","@id":"https:\/\/odettekocht.de\/de\/2022\/rezepte\/panzanella\/#breadcrumb","itemListElement":[{"@type":"ListItem","position":1,"name":"Startseite","item":"https:\/\/odettekocht.de\/de\/"},{"@type":"ListItem","position":2,"name":"Panzanella"}]},{"@type":"WebSite","@id":"https:\/\/odettekocht.de\/de\/#website","url":"https:\/\/odettekocht.de\/de\/","name":"ODETTE KOCHT","description":"QUERBEET | KREATIV | NEUGIERIG","publisher":{"@id":"https:\/\/odettekocht.de\/de\/#\/schema\/person\/a18de4234a9756c34375e14890d733f7"},"potentialAction":[{"@type":"SearchAction","target":{"@type":"EntryPoint","urlTemplate":"https:\/\/odettekocht.de\/de\/?s={search_term_string}"},"query-input":{"@type":"PropertyValueSpecification","valueRequired":true,"valueName":"search_term_string"}}],"inLanguage":"de"},{"@type":["Person","Organization"],"@id":"https:\/\/odettekocht.de\/de\/#\/schema\/person\/a18de4234a9756c34375e14890d733f7","name":"Odette","logo":{"@id":"https:\/\/odettekocht.de\/de\/#\/schema\/person\/image\/"}}]}},"acf":[],"_links":{"self":[{"href":"https:\/\/odettekocht.de\/de\/wp-json\/wp\/v2\/posts\/1385","targetHints":{"allow":["GET"]}}],"collection":[{"href":"https:\/\/odettekocht.de\/de\/wp-json\/wp\/v2\/posts"}],"about":[{"href":"https:\/\/odettekocht.de\/de\/wp-json\/wp\/v2\/types\/post"}],"author":[{"embeddable":true,"href":"https:\/\/odettekocht.de\/de\/wp-json\/wp\/v2\/users\/1"}],"replies":[{"embeddable":true,"href":"https:\/\/odettekocht.de\/de\/wp-json\/wp\/v2\/comments?post=1385"}],"version-history":[{"count":5,"href":"https:\/\/odettekocht.de\/de\/wp-json\/wp\/v2\/posts\/1385\/revisions"}],"predecessor-version":[{"id":1403,"href":"https:\/\/odettekocht.de\/de\/wp-json\/wp\/v2\/posts\/1385\/revisions\/1403"}],"wp:attachment":[{"href":"https:\/\/odettekocht.de\/de\/wp-json\/wp\/v2\/media?parent=1385"}],"wp:term":[{"taxonomy":"category","embeddable":true,"href":"https:\/\/odettekocht.de\/de\/wp-json\/wp\/v2\/categories?post=1385"},{"taxonomy":"post_tag","embeddable":true,"href":"https:\/\/odettekocht.de\/de\/wp-json\/wp\/v2\/tags?post=1385"}],"curies":[{"name":"wp","href":"https:\/\/api.w.org\/{rel}","templated":true}]}}