{"id":1463,"date":"2023-01-15T08:06:57","date_gmt":"2023-01-15T07:06:57","guid":{"rendered":"https:\/\/odettekocht.de\/de\/?p=1463"},"modified":"2023-01-15T08:09:39","modified_gmt":"2023-01-15T07:09:39","slug":"schweinefilet-mit-aepfeln-in-calvados-sahne","status":"publish","type":"post","link":"https:\/\/odettekocht.de\/de\/2023\/rezepte\/schweinefilet-mit-aepfeln-in-calvados-sahne\/","title":{"rendered":"Schweinefilet mit \u00c4pfeln in Calvados-Sahne"},"content":{"rendered":"\n<figure class=\"wp-block-image size-large\"><img loading=\"lazy\" decoding=\"async\" width=\"1024\" height=\"1024\" src=\"https:\/\/odettekocht.de\/de\/wp-content\/uploads\/2023\/01\/39B96C13-0D03-45E6-AF2D-59EE19A170CD-1024x1024.jpeg\" alt=\"Eine Nahaufnahme in die Pfanne mit aufgeschnittenem, zartrosa Schweinefilet mit \u00c4pfeln in Calvados-Sahne.\" class=\"wp-image-1464\" srcset=\"https:\/\/odettekocht.de\/de\/wp-content\/uploads\/2023\/01\/39B96C13-0D03-45E6-AF2D-59EE19A170CD.jpeg 1024w, https:\/\/odettekocht.de\/de\/wp-content\/uploads\/2023\/01\/39B96C13-0D03-45E6-AF2D-59EE19A170CD-300x300.jpeg 300w, https:\/\/odettekocht.de\/de\/wp-content\/uploads\/2023\/01\/39B96C13-0D03-45E6-AF2D-59EE19A170CD-150x150.jpeg 150w, https:\/\/odettekocht.de\/de\/wp-content\/uploads\/2023\/01\/39B96C13-0D03-45E6-AF2D-59EE19A170CD-768x768.jpeg 768w, https:\/\/odettekocht.de\/de\/wp-content\/uploads\/2023\/01\/39B96C13-0D03-45E6-AF2D-59EE19A170CD-75x75.jpeg 75w\" sizes=\"auto, (max-width: 1024px) 100vw, 1024px\" \/><\/figure>\n\n\n\n<p>Du musst verzeihen, dass es hier immer noch so ruhig ist. Aber die letzten Monate waren aus <a href=\"https:\/\/odettekocht.de\/de\/2022\/rezepte\/mamis-super-einfaches-rezept-fuer-knusprige-waffeln\/\">diesem<\/a> und <a href=\"https:\/\/odettekocht.de\/de\/2022\/rezepte\/haehnchenschenkel-mit-lauch-und-weintrauben\/\">diesem<\/a> Grund ganz sch\u00f6n anstrengend. Und irgendwo muss ich Priorit\u00e4ten setzen\u2026 Aber jetzt, wo der beste Mann von allen und ich gut angekommen, wo Weihnachten und Silvester geschafft sind und ein neues Jahr vor uns liegt, m\u00f6chte ich meinem kleinen Foodblog-Baby hier wieder ein bisschen mehr Aufmerksamkeit widmen! Das w\u00e4re dann aber auch so ziemlich der einzige gute Vorsatz, den ich f\u00fcr 2023 gefasst habe. Und starte mit diesem ganz wundervollen Schweinefilet mit \u00c4pfeln in Calvados-Sahne. Nix #veganuary hier. (Falls Dir der Hashtag nichts sagt: Ich glaube, man kann hier schon fast von einer Tradition sprechen, dass ganz viele Foodblogger und deren Follower den Januar &#8211; nach der Weihnachtsschlemmerei &#8211; vegan gestalten. Vegan + January = Veganuary.)<\/p>\n\n\n\n<!--more-->\n\n\n\n<p>Grunds\u00e4tzlich habe ich ja eine gewisse Sympathie f\u00fcr Veganismus, wobei ich mich dann in letzter Konsequenz immer lieber vegetarisch als vegan ern\u00e4hren w\u00fcrde, wenn ich mich denn f\u00fcr eins entscheiden m\u00fcsste. Da hat man doch deutlich weniger Einschr\u00e4nkungen, bzw. einfach mehr M\u00f6glichkeiten. Und als Sternzeichen Zwilling liebe ich es, viele M\u00f6glichkeiten zu haben. Um mich dann nicht entscheiden zu k\u00f6nnen. Der Mann k\u00f6nnte da ein klagevolles Lied von singen. Das w\u00e4re vielleicht eine Inspiration f\u00fcr seinen n\u00e4chsten gro\u00dfen Hit?! Aber vielleicht auch lieber nicht\u2026<\/p>\n\n\n\n<p>Zur\u00fcck zum Fleisch im Allgemeinen und zu diesem wunderbaren (sagte ich das schon?) Schweinefilet im Besonderen. Im Winter ist mir nach Fleisch. Jedenfalls deutlich \u00f6fter als im Sommer. Das ist vermutlich die Neandertalerin tief in mir. Aber im Winter gibt es so viele traditionelle und k\u00f6stliche Eintopf- und Schmorgerichte, die mit Fleisch oder ger\u00e4ucherter Wurst einfach geil sind. Sorry, das muss man so sagen! Gr\u00fcnkohl mit R\u00e4uchertofu kann mich da leider nicht so richtig abholen.<\/p>\n\n\n\n<p>Trotzdem esse ich vergleichsweise wenig Schweinefleisch, mal abgesehen von Wurst. Aber Schwein in Form von Kotelett, Schnitzel oder Braten ist mir oft zu trocken. Oder zu durchwachsen. Ich hab\u2018s da lieber \u00fcbersichtlich. Oder eben so un\u00fcbersichtlich, dass es mir egal ist. Aka Wurst. Schweinefilet ist sehr \u00fcbersichtlich. Und zart und \u00fcberhaupt nicht trocken, wenn man es nicht zu Tode br\u00e4t.<\/p>\n\n\n\n<p>Dieses Rezept hat sich der gute <a href=\"https:\/\/de.wikipedia.org\/wiki\/Alfred_Biolek\">Alfred Biolek<\/a> ausgedacht. Kennt den noch jemand? Ein Pionier der TV-Kochshows. Seine Kochsendung <a href=\"https:\/\/de.wikipedia.org\/wiki\/Alfredissimo!\">Alfredissimo!<\/a> (folge mal dem Link, das ist sehr am\u00fcsant zu lesen und sich zu erinnern &#8211; falls Du alt genug bist! Danach kommst Du aber bitte wieder zur\u00fcck, ja?); also Alfredissimo! habe ich jahrelang (damals, vor der W\u00e4hrungsreform) verfolgt. Wer erinnert sich an die bizarr gro\u00dfe Pfefferm\u00fchle, mit der zum Schluss \u00fcber jedes Gericht schwarzer Pfeffer gegeben wurde? Ich glaube Alfred Biolek ist es zu verdanken, dass in sehr vielen deutschen Haushalten der gemahlene schwarze Pfeffer in der Streudose durch Pfefferm\u00fchlen abgel\u00f6st wurde. Danke, Alfred!<\/p>\n\n\n\n<p>In einer Zeit, in der nicht jeden Monat 15 neue Kochb\u00fccher rauskamen, kochte man (ich!) sehr viel intensiver aus den vorhandenen B\u00fcchern. So hatten Gerichte viel eher die Gelegenheit, zum Lieblingsgericht zu werden. So wie dieses hier. Das Schweinefilet badet in einer herrlich cremigen Sauce, und dass ich Fleisch in Kombination mit Obst f\u00fcr eine ziemlich gro\u00dfartige Paarung halte, habe ich ja schon mit dem letzten Blogbeitrag erkl\u00e4rt.<\/p>\n\n\n\n<p>Das Rezept ist f\u00fcr 4 Personen, ich serviere Salzkartoffeln, Kartoffelgratin oder Kartoffelstampf dazu. So viele Optionen\u2026<\/p>\n\n\n\n<h3 class=\"wp-block-heading\">Man nehme<\/h3>\n\n\n\n<ul class=\"wp-block-list\">\n<li>1 Schweinefilet, ca. 700 g (kann auch gerne etwas gr\u00f6\u00dfer sein)<\/li>\n\n\n\n<li>1 TL Rosmarinnadeln, grob gehackt<\/li>\n\n\n\n<li>2 EL Raps\u00f6l<\/li>\n\n\n\n<li>2 gr\u00f6\u00dfere Zwiebeln, in feine Ringe geschnitten<\/li>\n\n\n\n<li>2 gro\u00dfe, s\u00e4uerliche \u00c4pfel (z.B. Boskop), gesch\u00e4lt und in Achtel geschnitten<\/li>\n\n\n\n<li>250 ml Sahne<\/li>\n\n\n\n<li>4 EL Calvados (ich nehme immer einen ordentlichen Schuss)<\/li>\n\n\n\n<li>Salz und schwarzer Pfeffer aus der M\u00fchle (siehe oben!)<\/li>\n<\/ul>\n\n\n\n<h3 class=\"wp-block-heading\">So geht\u2018s<\/h3>\n\n\n\n<p>Den Backofen auf 75 Grad vorheizen.<\/p>\n\n\n\n<p>Das Schweinefilet absp\u00fclen, trocken tupfen und mit Salz und Rosmarinnadeln einreiben. In einer Pfanne das \u00d6l erhitzen und das Fleisch von allen Seiten scharf anbraten. Die Temperatur herunterschalten und das Fleisch weitere 10 &#8211; 15 Minuten braten, bis es fast gar ist. In Alufolie wickeln und im Ofen warm halten.<\/p>\n\n\n\n<p>\u00c4pfel und Zwiebelringe im verbliebenen \u00d6l (evtl. noch etwas \u00d6l hinzuf\u00fcgen) bei mittlerer Temperatur ca. 15 Minuten braten. Dabei ab und zu vorsichtig wenden. <\/p>\n\n\n\n<p>Die Sahne bereitstellen! <\/p>\n\n\n\n<p>Das Filet wieder in die Pfanne zu den \u00c4pfeln und Zwiebeln legen und mit Salz und Pfeffer w\u00fcrzen. Mit Calvados \u00fcbergie\u00dfen und mit einem langen Streichholz (!!! Bitte vorsichtig sein!) flambieren. Mit der Sahne abl\u00f6schen, einmal umr\u00fchren und nochmal ganz kurz aufkochen lassen. Fertig.<\/p>\n\n\n\n<p>Lass es Dir schmecken!<\/p>\n","protected":false},"excerpt":{"rendered":"<p>Du musst verzeihen, dass es hier immer noch so ruhig ist. Aber die letzten Monate waren aus diesem und diesem Grund ganz sch\u00f6n anstrengend. Und irgendwo muss ich Priorit\u00e4ten setzen\u2026 Aber jetzt, wo der beste Mann von allen und ich gut angekommen, wo Weihnachten und Silvester geschafft sind und ein neues Jahr vor uns liegt, m\u00f6chte ich meinem kleinen Foodblog-Baby hier wieder ein bisschen mehr Aufmerksamkeit widmen! Das w\u00e4re dann aber auch so ziemlich der einzige gute Vorsatz, den ich f\u00fcr 2023 gefasst habe. Und starte mit diesem ganz wundervollen Schweinefilet mit \u00c4pfeln in Calvados-Sahne. Nix #veganuary hier. (Falls Dir der Hashtag nichts sagt: Ich glaube, man kann hier schon fast von einer Tradition sprechen, dass ganz viele Foodblogger und deren Follower den Januar &#8211; nach der Weihnachtsschlemmerei &#8211; vegan gestalten. Vegan + January = Veganuary.)<\/p>\n","protected":false},"author":1,"featured_media":0,"comment_status":"open","ping_status":"open","sticky":false,"template":"","format":"standard","meta":{"footnotes":""},"categories":[11,1],"tags":[331],"class_list":["post-1463","post","type-post","status-publish","format-standard","hentry","category-fleischeslust","category-rezepte","tag-schweinefilet"],"yoast_head":"<!-- This site is optimized with the Yoast SEO plugin v27.5 - https:\/\/yoast.com\/product\/yoast-seo-wordpress\/ -->\n<title>Schweinefilet mit \u00c4pfeln in Calvados-Sahne - ODETTE KOCHT<\/title>\n<meta name=\"description\" content=\"Ein herbstlich-winterliches Gericht mit absolutem Wohlf\u00fchlfaktor: Das rosa gebratene Schweinefilet mit \u00c4pfeln begeistert auch G\u00e4ste!\" \/>\n<meta name=\"robots\" content=\"index, follow, max-snippet:-1, max-image-preview:large, max-video-preview:-1\" \/>\n<link rel=\"canonical\" href=\"https:\/\/odettekocht.de\/de\/2023\/rezepte\/schweinefilet-mit-aepfeln-in-calvados-sahne\/\" \/>\n<meta property=\"og:locale\" content=\"de_DE\" \/>\n<meta property=\"og:type\" content=\"article\" \/>\n<meta property=\"og:title\" content=\"Schweinefilet mit \u00c4pfeln in Calvados-Sahne - ODETTE KOCHT\" \/>\n<meta property=\"og:description\" content=\"Ein herbstlich-winterliches Gericht mit absolutem Wohlf\u00fchlfaktor: Das rosa gebratene Schweinefilet mit \u00c4pfeln begeistert auch G\u00e4ste!\" \/>\n<meta property=\"og:url\" content=\"https:\/\/odettekocht.de\/de\/2023\/rezepte\/schweinefilet-mit-aepfeln-in-calvados-sahne\/\" \/>\n<meta property=\"og:site_name\" content=\"ODETTE KOCHT\" \/>\n<meta property=\"article:published_time\" content=\"2023-01-15T07:06:57+00:00\" \/>\n<meta property=\"article:modified_time\" content=\"2023-01-15T07:09:39+00:00\" \/>\n<meta property=\"og:image\" content=\"https:\/\/odettekocht.de\/de\/wp-content\/uploads\/2023\/01\/39B96C13-0D03-45E6-AF2D-59EE19A170CD-1024x1024.jpeg\" \/>\n<meta name=\"author\" content=\"Odette\" \/>\n<meta name=\"twitter:card\" content=\"summary_large_image\" \/>\n<meta name=\"twitter:label1\" content=\"Verfasst von\" \/>\n\t<meta name=\"twitter:data1\" content=\"Odette\" \/>\n\t<meta name=\"twitter:label2\" content=\"Gesch\u00e4tzte Lesezeit\" \/>\n\t<meta name=\"twitter:data2\" content=\"5\u00a0Minuten\" \/>\n<script type=\"application\/ld+json\" class=\"yoast-schema-graph\">{\"@context\":\"https:\\\/\\\/schema.org\",\"@graph\":[{\"@type\":\"Article\",\"@id\":\"https:\\\/\\\/odettekocht.de\\\/de\\\/2023\\\/rezepte\\\/schweinefilet-mit-aepfeln-in-calvados-sahne\\\/#article\",\"isPartOf\":{\"@id\":\"https:\\\/\\\/odettekocht.de\\\/de\\\/2023\\\/rezepte\\\/schweinefilet-mit-aepfeln-in-calvados-sahne\\\/\"},\"author\":{\"name\":\"Odette\",\"@id\":\"https:\\\/\\\/odettekocht.de\\\/de\\\/#\\\/schema\\\/person\\\/a18de4234a9756c34375e14890d733f7\"},\"headline\":\"Schweinefilet mit \u00c4pfeln in Calvados-Sahne\",\"datePublished\":\"2023-01-15T07:06:57+00:00\",\"dateModified\":\"2023-01-15T07:09:39+00:00\",\"mainEntityOfPage\":{\"@id\":\"https:\\\/\\\/odettekocht.de\\\/de\\\/2023\\\/rezepte\\\/schweinefilet-mit-aepfeln-in-calvados-sahne\\\/\"},\"wordCount\":779,\"commentCount\":9,\"publisher\":{\"@id\":\"https:\\\/\\\/odettekocht.de\\\/de\\\/#\\\/schema\\\/person\\\/a18de4234a9756c34375e14890d733f7\"},\"image\":{\"@id\":\"https:\\\/\\\/odettekocht.de\\\/de\\\/2023\\\/rezepte\\\/schweinefilet-mit-aepfeln-in-calvados-sahne\\\/#primaryimage\"},\"thumbnailUrl\":\"https:\\\/\\\/odettekocht.de\\\/de\\\/wp-content\\\/uploads\\\/2023\\\/01\\\/39B96C13-0D03-45E6-AF2D-59EE19A170CD-1024x1024.jpeg\",\"keywords\":[\"Schweinefilet\"],\"articleSection\":[\"Fleischeslust\",\"Rezepte\"],\"inLanguage\":\"de\",\"potentialAction\":[{\"@type\":\"CommentAction\",\"name\":\"Comment\",\"target\":[\"https:\\\/\\\/odettekocht.de\\\/de\\\/2023\\\/rezepte\\\/schweinefilet-mit-aepfeln-in-calvados-sahne\\\/#respond\"]}]},{\"@type\":\"WebPage\",\"@id\":\"https:\\\/\\\/odettekocht.de\\\/de\\\/2023\\\/rezepte\\\/schweinefilet-mit-aepfeln-in-calvados-sahne\\\/\",\"url\":\"https:\\\/\\\/odettekocht.de\\\/de\\\/2023\\\/rezepte\\\/schweinefilet-mit-aepfeln-in-calvados-sahne\\\/\",\"name\":\"Schweinefilet mit \u00c4pfeln in Calvados-Sahne - ODETTE KOCHT\",\"isPartOf\":{\"@id\":\"https:\\\/\\\/odettekocht.de\\\/de\\\/#website\"},\"primaryImageOfPage\":{\"@id\":\"https:\\\/\\\/odettekocht.de\\\/de\\\/2023\\\/rezepte\\\/schweinefilet-mit-aepfeln-in-calvados-sahne\\\/#primaryimage\"},\"image\":{\"@id\":\"https:\\\/\\\/odettekocht.de\\\/de\\\/2023\\\/rezepte\\\/schweinefilet-mit-aepfeln-in-calvados-sahne\\\/#primaryimage\"},\"thumbnailUrl\":\"https:\\\/\\\/odettekocht.de\\\/de\\\/wp-content\\\/uploads\\\/2023\\\/01\\\/39B96C13-0D03-45E6-AF2D-59EE19A170CD-1024x1024.jpeg\",\"datePublished\":\"2023-01-15T07:06:57+00:00\",\"dateModified\":\"2023-01-15T07:09:39+00:00\",\"description\":\"Ein herbstlich-winterliches Gericht mit absolutem Wohlf\u00fchlfaktor: Das rosa gebratene Schweinefilet mit \u00c4pfeln begeistert auch G\u00e4ste!\",\"breadcrumb\":{\"@id\":\"https:\\\/\\\/odettekocht.de\\\/de\\\/2023\\\/rezepte\\\/schweinefilet-mit-aepfeln-in-calvados-sahne\\\/#breadcrumb\"},\"inLanguage\":\"de\",\"potentialAction\":[{\"@type\":\"ReadAction\",\"target\":[\"https:\\\/\\\/odettekocht.de\\\/de\\\/2023\\\/rezepte\\\/schweinefilet-mit-aepfeln-in-calvados-sahne\\\/\"]}]},{\"@type\":\"ImageObject\",\"inLanguage\":\"de\",\"@id\":\"https:\\\/\\\/odettekocht.de\\\/de\\\/2023\\\/rezepte\\\/schweinefilet-mit-aepfeln-in-calvados-sahne\\\/#primaryimage\",\"url\":\"https:\\\/\\\/odettekocht.de\\\/de\\\/wp-content\\\/uploads\\\/2023\\\/01\\\/39B96C13-0D03-45E6-AF2D-59EE19A170CD.jpeg\",\"contentUrl\":\"https:\\\/\\\/odettekocht.de\\\/de\\\/wp-content\\\/uploads\\\/2023\\\/01\\\/39B96C13-0D03-45E6-AF2D-59EE19A170CD.jpeg\",\"width\":1024,\"height\":1024},{\"@type\":\"BreadcrumbList\",\"@id\":\"https:\\\/\\\/odettekocht.de\\\/de\\\/2023\\\/rezepte\\\/schweinefilet-mit-aepfeln-in-calvados-sahne\\\/#breadcrumb\",\"itemListElement\":[{\"@type\":\"ListItem\",\"position\":1,\"name\":\"Startseite\",\"item\":\"https:\\\/\\\/odettekocht.de\\\/de\\\/\"},{\"@type\":\"ListItem\",\"position\":2,\"name\":\"Schweinefilet mit \u00c4pfeln in Calvados-Sahne\"}]},{\"@type\":\"WebSite\",\"@id\":\"https:\\\/\\\/odettekocht.de\\\/de\\\/#website\",\"url\":\"https:\\\/\\\/odettekocht.de\\\/de\\\/\",\"name\":\"ODETTE KOCHT\",\"description\":\"QUERBEET | KREATIV | NEUGIERIG\",\"publisher\":{\"@id\":\"https:\\\/\\\/odettekocht.de\\\/de\\\/#\\\/schema\\\/person\\\/a18de4234a9756c34375e14890d733f7\"},\"potentialAction\":[{\"@type\":\"SearchAction\",\"target\":{\"@type\":\"EntryPoint\",\"urlTemplate\":\"https:\\\/\\\/odettekocht.de\\\/de\\\/?s={search_term_string}\"},\"query-input\":{\"@type\":\"PropertyValueSpecification\",\"valueRequired\":true,\"valueName\":\"search_term_string\"}}],\"inLanguage\":\"de\"},{\"@type\":[\"Person\",\"Organization\"],\"@id\":\"https:\\\/\\\/odettekocht.de\\\/de\\\/#\\\/schema\\\/person\\\/a18de4234a9756c34375e14890d733f7\",\"name\":\"Odette\",\"logo\":{\"@id\":\"https:\\\/\\\/odettekocht.de\\\/de\\\/#\\\/schema\\\/person\\\/image\\\/\"}}]}<\/script>\n<!-- \/ Yoast SEO plugin. -->","yoast_head_json":{"title":"Schweinefilet mit \u00c4pfeln in Calvados-Sahne - ODETTE KOCHT","description":"Ein herbstlich-winterliches Gericht mit absolutem Wohlf\u00fchlfaktor: Das rosa gebratene Schweinefilet mit \u00c4pfeln begeistert auch G\u00e4ste!","robots":{"index":"index","follow":"follow","max-snippet":"max-snippet:-1","max-image-preview":"max-image-preview:large","max-video-preview":"max-video-preview:-1"},"canonical":"https:\/\/odettekocht.de\/de\/2023\/rezepte\/schweinefilet-mit-aepfeln-in-calvados-sahne\/","og_locale":"de_DE","og_type":"article","og_title":"Schweinefilet mit \u00c4pfeln in Calvados-Sahne - ODETTE KOCHT","og_description":"Ein herbstlich-winterliches Gericht mit absolutem Wohlf\u00fchlfaktor: Das rosa gebratene Schweinefilet mit \u00c4pfeln begeistert auch G\u00e4ste!","og_url":"https:\/\/odettekocht.de\/de\/2023\/rezepte\/schweinefilet-mit-aepfeln-in-calvados-sahne\/","og_site_name":"ODETTE KOCHT","article_published_time":"2023-01-15T07:06:57+00:00","article_modified_time":"2023-01-15T07:09:39+00:00","og_image":[{"url":"https:\/\/odettekocht.de\/de\/wp-content\/uploads\/2023\/01\/39B96C13-0D03-45E6-AF2D-59EE19A170CD-1024x1024.jpeg","type":"","width":"","height":""}],"author":"Odette","twitter_card":"summary_large_image","twitter_misc":{"Verfasst von":"Odette","Gesch\u00e4tzte Lesezeit":"5\u00a0Minuten"},"schema":{"@context":"https:\/\/schema.org","@graph":[{"@type":"Article","@id":"https:\/\/odettekocht.de\/de\/2023\/rezepte\/schweinefilet-mit-aepfeln-in-calvados-sahne\/#article","isPartOf":{"@id":"https:\/\/odettekocht.de\/de\/2023\/rezepte\/schweinefilet-mit-aepfeln-in-calvados-sahne\/"},"author":{"name":"Odette","@id":"https:\/\/odettekocht.de\/de\/#\/schema\/person\/a18de4234a9756c34375e14890d733f7"},"headline":"Schweinefilet mit \u00c4pfeln in Calvados-Sahne","datePublished":"2023-01-15T07:06:57+00:00","dateModified":"2023-01-15T07:09:39+00:00","mainEntityOfPage":{"@id":"https:\/\/odettekocht.de\/de\/2023\/rezepte\/schweinefilet-mit-aepfeln-in-calvados-sahne\/"},"wordCount":779,"commentCount":9,"publisher":{"@id":"https:\/\/odettekocht.de\/de\/#\/schema\/person\/a18de4234a9756c34375e14890d733f7"},"image":{"@id":"https:\/\/odettekocht.de\/de\/2023\/rezepte\/schweinefilet-mit-aepfeln-in-calvados-sahne\/#primaryimage"},"thumbnailUrl":"https:\/\/odettekocht.de\/de\/wp-content\/uploads\/2023\/01\/39B96C13-0D03-45E6-AF2D-59EE19A170CD-1024x1024.jpeg","keywords":["Schweinefilet"],"articleSection":["Fleischeslust","Rezepte"],"inLanguage":"de","potentialAction":[{"@type":"CommentAction","name":"Comment","target":["https:\/\/odettekocht.de\/de\/2023\/rezepte\/schweinefilet-mit-aepfeln-in-calvados-sahne\/#respond"]}]},{"@type":"WebPage","@id":"https:\/\/odettekocht.de\/de\/2023\/rezepte\/schweinefilet-mit-aepfeln-in-calvados-sahne\/","url":"https:\/\/odettekocht.de\/de\/2023\/rezepte\/schweinefilet-mit-aepfeln-in-calvados-sahne\/","name":"Schweinefilet mit \u00c4pfeln in Calvados-Sahne - ODETTE KOCHT","isPartOf":{"@id":"https:\/\/odettekocht.de\/de\/#website"},"primaryImageOfPage":{"@id":"https:\/\/odettekocht.de\/de\/2023\/rezepte\/schweinefilet-mit-aepfeln-in-calvados-sahne\/#primaryimage"},"image":{"@id":"https:\/\/odettekocht.de\/de\/2023\/rezepte\/schweinefilet-mit-aepfeln-in-calvados-sahne\/#primaryimage"},"thumbnailUrl":"https:\/\/odettekocht.de\/de\/wp-content\/uploads\/2023\/01\/39B96C13-0D03-45E6-AF2D-59EE19A170CD-1024x1024.jpeg","datePublished":"2023-01-15T07:06:57+00:00","dateModified":"2023-01-15T07:09:39+00:00","description":"Ein herbstlich-winterliches Gericht mit absolutem Wohlf\u00fchlfaktor: Das rosa gebratene Schweinefilet mit \u00c4pfeln begeistert auch G\u00e4ste!","breadcrumb":{"@id":"https:\/\/odettekocht.de\/de\/2023\/rezepte\/schweinefilet-mit-aepfeln-in-calvados-sahne\/#breadcrumb"},"inLanguage":"de","potentialAction":[{"@type":"ReadAction","target":["https:\/\/odettekocht.de\/de\/2023\/rezepte\/schweinefilet-mit-aepfeln-in-calvados-sahne\/"]}]},{"@type":"ImageObject","inLanguage":"de","@id":"https:\/\/odettekocht.de\/de\/2023\/rezepte\/schweinefilet-mit-aepfeln-in-calvados-sahne\/#primaryimage","url":"https:\/\/odettekocht.de\/de\/wp-content\/uploads\/2023\/01\/39B96C13-0D03-45E6-AF2D-59EE19A170CD.jpeg","contentUrl":"https:\/\/odettekocht.de\/de\/wp-content\/uploads\/2023\/01\/39B96C13-0D03-45E6-AF2D-59EE19A170CD.jpeg","width":1024,"height":1024},{"@type":"BreadcrumbList","@id":"https:\/\/odettekocht.de\/de\/2023\/rezepte\/schweinefilet-mit-aepfeln-in-calvados-sahne\/#breadcrumb","itemListElement":[{"@type":"ListItem","position":1,"name":"Startseite","item":"https:\/\/odettekocht.de\/de\/"},{"@type":"ListItem","position":2,"name":"Schweinefilet mit \u00c4pfeln in Calvados-Sahne"}]},{"@type":"WebSite","@id":"https:\/\/odettekocht.de\/de\/#website","url":"https:\/\/odettekocht.de\/de\/","name":"ODETTE KOCHT","description":"QUERBEET | KREATIV | NEUGIERIG","publisher":{"@id":"https:\/\/odettekocht.de\/de\/#\/schema\/person\/a18de4234a9756c34375e14890d733f7"},"potentialAction":[{"@type":"SearchAction","target":{"@type":"EntryPoint","urlTemplate":"https:\/\/odettekocht.de\/de\/?s={search_term_string}"},"query-input":{"@type":"PropertyValueSpecification","valueRequired":true,"valueName":"search_term_string"}}],"inLanguage":"de"},{"@type":["Person","Organization"],"@id":"https:\/\/odettekocht.de\/de\/#\/schema\/person\/a18de4234a9756c34375e14890d733f7","name":"Odette","logo":{"@id":"https:\/\/odettekocht.de\/de\/#\/schema\/person\/image\/"}}]}},"acf":[],"_links":{"self":[{"href":"https:\/\/odettekocht.de\/de\/wp-json\/wp\/v2\/posts\/1463","targetHints":{"allow":["GET"]}}],"collection":[{"href":"https:\/\/odettekocht.de\/de\/wp-json\/wp\/v2\/posts"}],"about":[{"href":"https:\/\/odettekocht.de\/de\/wp-json\/wp\/v2\/types\/post"}],"author":[{"embeddable":true,"href":"https:\/\/odettekocht.de\/de\/wp-json\/wp\/v2\/users\/1"}],"replies":[{"embeddable":true,"href":"https:\/\/odettekocht.de\/de\/wp-json\/wp\/v2\/comments?post=1463"}],"version-history":[{"count":6,"href":"https:\/\/odettekocht.de\/de\/wp-json\/wp\/v2\/posts\/1463\/revisions"}],"predecessor-version":[{"id":1470,"href":"https:\/\/odettekocht.de\/de\/wp-json\/wp\/v2\/posts\/1463\/revisions\/1470"}],"wp:attachment":[{"href":"https:\/\/odettekocht.de\/de\/wp-json\/wp\/v2\/media?parent=1463"}],"wp:term":[{"taxonomy":"category","embeddable":true,"href":"https:\/\/odettekocht.de\/de\/wp-json\/wp\/v2\/categories?post=1463"},{"taxonomy":"post_tag","embeddable":true,"href":"https:\/\/odettekocht.de\/de\/wp-json\/wp\/v2\/tags?post=1463"}],"curies":[{"name":"wp","href":"https:\/\/api.w.org\/{rel}","templated":true}]}}