{"id":1473,"date":"2023-01-29T07:50:01","date_gmt":"2023-01-29T06:50:01","guid":{"rendered":"https:\/\/odettekocht.de\/de\/?p=1473"},"modified":"2023-01-29T07:59:36","modified_gmt":"2023-01-29T06:59:36","slug":"rucolasalat-mit-geraeucherter-entenbrust-und-birnen-walnuss-karamell-mit-kardamom","status":"publish","type":"post","link":"https:\/\/odettekocht.de\/de\/2023\/rezepte\/rucolasalat-mit-geraeucherter-entenbrust-und-birnen-walnuss-karamell-mit-kardamom\/","title":{"rendered":"Rucolasalat mit ger\u00e4ucherter Entenbrust und Birnen-Walnuss-Karamell mit Kardamom"},"content":{"rendered":"\n<figure class=\"wp-block-image size-large\"><img loading=\"lazy\" decoding=\"async\" width=\"1024\" height=\"1024\" src=\"https:\/\/odettekocht.de\/de\/wp-content\/uploads\/2023\/01\/E0239DAA-8259-4B6F-847B-F9DD373CEA26-1024x1024.jpeg\" alt=\"Auf einer wei\u00dfen Spitzendecke steht ein wei\u00dfer Teller. Darauf kreisf\u00f6rmig angerichteter Rucolasalat mit f\u00fcnf drapierten Scheiben ger\u00e4ucherter Entenbrust und dazwischen Birnen-Walnuss-Karamell mit Kardamom und Pfeffer bestreut. Rechts daneben liegt eine vintage Silbergabel.\" class=\"wp-image-1474\" srcset=\"https:\/\/odettekocht.de\/de\/wp-content\/uploads\/2023\/01\/E0239DAA-8259-4B6F-847B-F9DD373CEA26-1024x1024.jpeg 1024w, https:\/\/odettekocht.de\/de\/wp-content\/uploads\/2023\/01\/E0239DAA-8259-4B6F-847B-F9DD373CEA26-300x300.jpeg 300w, https:\/\/odettekocht.de\/de\/wp-content\/uploads\/2023\/01\/E0239DAA-8259-4B6F-847B-F9DD373CEA26-150x150.jpeg 150w, https:\/\/odettekocht.de\/de\/wp-content\/uploads\/2023\/01\/E0239DAA-8259-4B6F-847B-F9DD373CEA26-768x768.jpeg 768w, https:\/\/odettekocht.de\/de\/wp-content\/uploads\/2023\/01\/E0239DAA-8259-4B6F-847B-F9DD373CEA26-1536x1536.jpeg 1536w, https:\/\/odettekocht.de\/de\/wp-content\/uploads\/2023\/01\/E0239DAA-8259-4B6F-847B-F9DD373CEA26-2048x2048.jpeg 2048w, https:\/\/odettekocht.de\/de\/wp-content\/uploads\/2023\/01\/E0239DAA-8259-4B6F-847B-F9DD373CEA26-1140x1140.jpeg 1140w, https:\/\/odettekocht.de\/de\/wp-content\/uploads\/2023\/01\/E0239DAA-8259-4B6F-847B-F9DD373CEA26-75x75.jpeg 75w, https:\/\/odettekocht.de\/de\/wp-content\/uploads\/2023\/01\/E0239DAA-8259-4B6F-847B-F9DD373CEA26-1320x1320.jpeg 1320w\" sizes=\"auto, (max-width: 1024px) 100vw, 1024px\" \/><\/figure>\n\n\n\n<p>Manchmal brauche ich einen Ansto\u00df, um mal wieder kreativ zu kochen. Wie gut, dass es da von Zeit zu Zeit eine interessante Challenge auf <a href=\"https:\/\/www.instagram.com\/odettekocht\/\">Instagram<\/a> gibt. Dar\u00fcber habe ich schon mal <a href=\"https:\/\/odettekocht.de\/de\/2020\/rezepte\/rucolasalat-mit-karotte-rhabarber-und-schafskaese\/\">hier<\/a> berichtet. Die Vorgabe diesmal: Kocht, backt oder bastelt ein Gericht mit mindestens einer der folgenden Zutaten: Birne \/ K\u00fcrbis \/ Entenbrust \/ Rotwein. Und sofort wuchs vor meinem inneren Auge ein Teller. N\u00e4mlich der da oben, mit Rucolasalat, ger\u00e4ucherter Entenbrust, Birnen-Walnuss-Karamell mit Kardamom, Rotweinessig-Vinaigrette und Langpfeffer. Ganz sch\u00f6n fancy, hm?<\/p>\n\n\n\n<!--more-->\n\n\n\n<p>So habe ich immerhin drei von vier Komponenten integriert (ich finde, Rotweinessig z\u00e4hlt durchaus!) und eine &#8211; wie ich finde &#8211; super sch\u00f6ne Vorspeise gebastelt. K\u00fcrbis als Zutat entfiel, da sich die Begeisterung des besten Mannes von allen ja schwer in Grenzen h\u00e4lt, wenn der auf den Tisch kommt (auch wenn ich mich schon <a href=\"https:\/\/odettekocht.de\/de\/2020\/rezepte\/mediterraner-ofenkuerbis\/\">hier<\/a> und <a href=\"https:\/\/odettekocht.de\/de\/2021\/rezepte\/kuerbisrisotto-mit-gorgonzolacreme-und-mandeln\/\">da<\/a> dar\u00fcber hinweggesetzt habe). Dass dies schon wieder ein Gericht mit Fleisch ist, m\u00f6gen die Vegetarier unter meinen Lesern verzeihen. Aber eine Rotwein-Birne w\u00e4re als Beitrag f\u00fcr die Challenge echt zu langweilig gewesen. Wer kein Fleisch mag, kann die ger\u00e4ucherte Entenbrust durch Ziegenfrischk\u00e4se ersetzen. Denn der Birnen-Walnuss-Karamell mit Kardamom passt dazu auch ganz hervorragend.<\/p>\n\n\n\n<p>Noch ein Wort zum verwendeten Langpfeffer, falls Du davon noch nie geh\u00f6rt hast. Die Fruchtst\u00e4nde dieser Pfeffersorte sind, wie der Name schon sagt, lang und sehen aus wie kleine <a href=\"https:\/\/de.wikipedia.org\/wiki\/Langer_Pfeffer#\/media\/Datei:Langer_Pfeffer_AW_20151224.jpg\">Stangen<\/a>. Der Geschmack ist wirklich eigen, etwas sch\u00e4rfer als normaler schwarzer Pfeffer und mit einer ganz tollen schokoladigen Note. Aufgrund der Form ist dieser Pfeffer etwas schwieriger zu zerkleinern. Es gibt daf\u00fcr extra eine Pfefferm\u00fchle, die damit fertig wird. Du kannst aber auch den Pfeffer vorab in k\u00fcrzere St\u00fccke schneiden und mahlst ihn dann mit einer normalen Pfefferm\u00fchle. Und wenn Du nicht einsiehst, f\u00fcr ein einziges Rezept eine extra Pfeffersorte zu kaufen (von der Du nichtmal wei\u00dft, ob Dein Dorfladen die hat), dann nimmst Du halt ganz normalen schwarzen Pfeffer. Geht auch.<\/p>\n\n\n\n<p>Das Rezept ist f\u00fcr genau den Teller vom Foto. Der Mann und ich haben redlich geteilt und hinterher noch ein Hauptgericht gegessen. Die Menge l\u00e4sst sich aber total unkompliziert anpassen, je nach Hunger und Personenanzahl.<\/p>\n\n\n\n<h3 class=\"wp-block-heading\">Man nehme<\/h3>\n\n\n\n<ul class=\"wp-block-list\">\n<li>2 Handvoll Rucola, gewaschen und trocken geschleudert<\/li>\n\n\n\n<li>1\/2 Birne in kleinen W\u00fcrfeln (ich lasse die Schale dran)<\/li>\n\n\n\n<li>2 EL Waln\u00fcsse, grob gehackt<\/li>\n\n\n\n<li>1 TL w\u00fcrzigen Honig<\/li>\n\n\n\n<li>2-3 Prisen Kardamom (soll aber nicht nach Weihnachten schmecken!)<\/li>\n\n\n\n<li>5 Scheiben ger\u00e4ucherte Entenbrust (oder Ziegenfrischk\u00e4se f\u00fcr die Vegetarier)<\/li>\n\n\n\n<li>1 EL Rotweinessig<\/li>\n\n\n\n<li>2 EL Oliven\u00f6l<\/li>\n\n\n\n<li>Salz<\/li>\n\n\n\n<li>Langpfeffer (oder schwarzer Pfeffer) aus der M\u00fchle<\/li>\n<\/ul>\n\n\n\n<h3 class=\"wp-block-heading\">So geht\u2018s<\/h3>\n\n\n\n<p>Drapiere den Rucola ringf\u00f6rmig auf den Teller. Richte die ger\u00e4ucherte Entenbrust darauf an.<\/p>\n\n\n\n<p>R\u00f6ste die Waln\u00fcsse ohne Fettzugabe in einer kleinen Pfanne langsam an, bis sie duften. Gib die Birnenw\u00fcrfel dazu und r\u00fchre sie f\u00fcr eine Minute vorsichtig unter, so dass alles gut vermischt ist. Gib den Honig dar\u00fcber und lass die Mischung noch eine Minute k\u00f6cheln. Mit Kardamom best\u00e4uben und zur Seite stellen.<\/p>\n\n\n\n<p>Mische die Vinaigrette aus Essig und \u00d6l mit etwas Salz an und tr\u00e4ufle sie \u00fcber den Salat.<\/p>\n\n\n\n<p>Gib den leicht abgek\u00fchlte Birnen-Walnuss-Karamell zwischen die Entenbrustscheiben. Zum Schluss mahlst Du den Langpfeffer \u00fcber den ganzen Teller. Fertig.<\/p>\n\n\n\n<p>Lass es Dir schmecken!<\/p>\n","protected":false},"excerpt":{"rendered":"<p>Manchmal brauche ich einen Ansto\u00df, um mal wieder kreativ zu kochen. Wie gut, dass es da von Zeit zu Zeit eine interessante Challenge auf Instagram gibt. Dar\u00fcber habe ich schon mal hier berichtet. Die Vorgabe diesmal: Kocht, backt oder bastelt ein Gericht mit mindestens einer der folgenden Zutaten: Birne \/ K\u00fcrbis \/ Entenbrust \/ Rotwein. Und sofort wuchs vor meinem inneren Auge ein Teller. N\u00e4mlich der da oben, mit Rucolasalat, ger\u00e4ucherter Entenbrust, Birnen-Walnuss-Karamell mit Kardamom, Rotweinessig-Vinaigrette und Langpfeffer. Ganz sch\u00f6n fancy, hm?<\/p>\n","protected":false},"author":1,"featured_media":0,"comment_status":"open","ping_status":"open","sticky":false,"template":"","format":"standard","meta":{"footnotes":""},"categories":[1,30],"tags":[333,332,243],"class_list":["post-1473","post","type-post","status-publish","format-standard","hentry","category-rezepte","category-salate","tag-birnen-walnuss-karamell","tag-entenbrust","tag-vorspeise"],"yoast_head":"<!-- This site is optimized with the Yoast SEO plugin v27.5 - https:\/\/yoast.com\/product\/yoast-seo-wordpress\/ -->\n<title>Rucolasalat mit ger\u00e4ucherter Entenbrust und Birnen-Walnuss-Karamell mit Kardamom - ODETTE KOCHT<\/title>\n<meta name=\"description\" content=\"Eine tolle Vorspeise, die richtig was hermacht. Der Birnen-Walnuss-Karamell macht sich \u00fcbrigens auch ganz hervorragend zu Ziegenfrischk\u00e4se!\" \/>\n<meta name=\"robots\" content=\"index, follow, max-snippet:-1, max-image-preview:large, max-video-preview:-1\" \/>\n<link rel=\"canonical\" href=\"https:\/\/odettekocht.de\/de\/2023\/rezepte\/rucolasalat-mit-geraeucherter-entenbrust-und-birnen-walnuss-karamell-mit-kardamom\/\" \/>\n<meta property=\"og:locale\" content=\"de_DE\" \/>\n<meta property=\"og:type\" content=\"article\" \/>\n<meta property=\"og:title\" content=\"Rucolasalat mit ger\u00e4ucherter Entenbrust und Birnen-Walnuss-Karamell mit Kardamom - ODETTE KOCHT\" \/>\n<meta property=\"og:description\" content=\"Eine tolle Vorspeise, die richtig was hermacht. Der Birnen-Walnuss-Karamell macht sich \u00fcbrigens auch ganz hervorragend zu Ziegenfrischk\u00e4se!\" \/>\n<meta property=\"og:url\" content=\"https:\/\/odettekocht.de\/de\/2023\/rezepte\/rucolasalat-mit-geraeucherter-entenbrust-und-birnen-walnuss-karamell-mit-kardamom\/\" \/>\n<meta property=\"og:site_name\" content=\"ODETTE KOCHT\" \/>\n<meta property=\"article:published_time\" content=\"2023-01-29T06:50:01+00:00\" \/>\n<meta property=\"article:modified_time\" content=\"2023-01-29T06:59:36+00:00\" \/>\n<meta property=\"og:image\" content=\"https:\/\/odettekocht.de\/de\/wp-content\/uploads\/2023\/01\/E0239DAA-8259-4B6F-847B-F9DD373CEA26-1024x1024.jpeg\" \/>\n<meta name=\"author\" content=\"Odette\" \/>\n<meta name=\"twitter:card\" content=\"summary_large_image\" \/>\n<meta name=\"twitter:label1\" content=\"Verfasst von\" \/>\n\t<meta name=\"twitter:data1\" content=\"Odette\" \/>\n\t<meta name=\"twitter:label2\" content=\"Gesch\u00e4tzte Lesezeit\" \/>\n\t<meta name=\"twitter:data2\" content=\"4\u00a0Minuten\" \/>\n<script type=\"application\/ld+json\" class=\"yoast-schema-graph\">{\"@context\":\"https:\\\/\\\/schema.org\",\"@graph\":[{\"@type\":\"Article\",\"@id\":\"https:\\\/\\\/odettekocht.de\\\/de\\\/2023\\\/rezepte\\\/rucolasalat-mit-geraeucherter-entenbrust-und-birnen-walnuss-karamell-mit-kardamom\\\/#article\",\"isPartOf\":{\"@id\":\"https:\\\/\\\/odettekocht.de\\\/de\\\/2023\\\/rezepte\\\/rucolasalat-mit-geraeucherter-entenbrust-und-birnen-walnuss-karamell-mit-kardamom\\\/\"},\"author\":{\"name\":\"Odette\",\"@id\":\"https:\\\/\\\/odettekocht.de\\\/de\\\/#\\\/schema\\\/person\\\/a18de4234a9756c34375e14890d733f7\"},\"headline\":\"Rucolasalat mit ger\u00e4ucherter Entenbrust und Birnen-Walnuss-Karamell mit Kardamom\",\"datePublished\":\"2023-01-29T06:50:01+00:00\",\"dateModified\":\"2023-01-29T06:59:36+00:00\",\"mainEntityOfPage\":{\"@id\":\"https:\\\/\\\/odettekocht.de\\\/de\\\/2023\\\/rezepte\\\/rucolasalat-mit-geraeucherter-entenbrust-und-birnen-walnuss-karamell-mit-kardamom\\\/\"},\"wordCount\":561,\"commentCount\":2,\"publisher\":{\"@id\":\"https:\\\/\\\/odettekocht.de\\\/de\\\/#\\\/schema\\\/person\\\/a18de4234a9756c34375e14890d733f7\"},\"image\":{\"@id\":\"https:\\\/\\\/odettekocht.de\\\/de\\\/2023\\\/rezepte\\\/rucolasalat-mit-geraeucherter-entenbrust-und-birnen-walnuss-karamell-mit-kardamom\\\/#primaryimage\"},\"thumbnailUrl\":\"https:\\\/\\\/odettekocht.de\\\/de\\\/wp-content\\\/uploads\\\/2023\\\/01\\\/E0239DAA-8259-4B6F-847B-F9DD373CEA26-1024x1024.jpeg\",\"keywords\":[\"Birnen-Walnuss-Karamell\",\"Entenbrust\",\"Vorspeise\"],\"articleSection\":[\"Rezepte\",\"Salate\"],\"inLanguage\":\"de\",\"potentialAction\":[{\"@type\":\"CommentAction\",\"name\":\"Comment\",\"target\":[\"https:\\\/\\\/odettekocht.de\\\/de\\\/2023\\\/rezepte\\\/rucolasalat-mit-geraeucherter-entenbrust-und-birnen-walnuss-karamell-mit-kardamom\\\/#respond\"]}]},{\"@type\":\"WebPage\",\"@id\":\"https:\\\/\\\/odettekocht.de\\\/de\\\/2023\\\/rezepte\\\/rucolasalat-mit-geraeucherter-entenbrust-und-birnen-walnuss-karamell-mit-kardamom\\\/\",\"url\":\"https:\\\/\\\/odettekocht.de\\\/de\\\/2023\\\/rezepte\\\/rucolasalat-mit-geraeucherter-entenbrust-und-birnen-walnuss-karamell-mit-kardamom\\\/\",\"name\":\"Rucolasalat mit ger\u00e4ucherter Entenbrust und Birnen-Walnuss-Karamell mit Kardamom - ODETTE KOCHT\",\"isPartOf\":{\"@id\":\"https:\\\/\\\/odettekocht.de\\\/de\\\/#website\"},\"primaryImageOfPage\":{\"@id\":\"https:\\\/\\\/odettekocht.de\\\/de\\\/2023\\\/rezepte\\\/rucolasalat-mit-geraeucherter-entenbrust-und-birnen-walnuss-karamell-mit-kardamom\\\/#primaryimage\"},\"image\":{\"@id\":\"https:\\\/\\\/odettekocht.de\\\/de\\\/2023\\\/rezepte\\\/rucolasalat-mit-geraeucherter-entenbrust-und-birnen-walnuss-karamell-mit-kardamom\\\/#primaryimage\"},\"thumbnailUrl\":\"https:\\\/\\\/odettekocht.de\\\/de\\\/wp-content\\\/uploads\\\/2023\\\/01\\\/E0239DAA-8259-4B6F-847B-F9DD373CEA26-1024x1024.jpeg\",\"datePublished\":\"2023-01-29T06:50:01+00:00\",\"dateModified\":\"2023-01-29T06:59:36+00:00\",\"description\":\"Eine tolle Vorspeise, die richtig was hermacht. Der Birnen-Walnuss-Karamell macht sich \u00fcbrigens auch ganz hervorragend zu Ziegenfrischk\u00e4se!\",\"breadcrumb\":{\"@id\":\"https:\\\/\\\/odettekocht.de\\\/de\\\/2023\\\/rezepte\\\/rucolasalat-mit-geraeucherter-entenbrust-und-birnen-walnuss-karamell-mit-kardamom\\\/#breadcrumb\"},\"inLanguage\":\"de\",\"potentialAction\":[{\"@type\":\"ReadAction\",\"target\":[\"https:\\\/\\\/odettekocht.de\\\/de\\\/2023\\\/rezepte\\\/rucolasalat-mit-geraeucherter-entenbrust-und-birnen-walnuss-karamell-mit-kardamom\\\/\"]}]},{\"@type\":\"ImageObject\",\"inLanguage\":\"de\",\"@id\":\"https:\\\/\\\/odettekocht.de\\\/de\\\/2023\\\/rezepte\\\/rucolasalat-mit-geraeucherter-entenbrust-und-birnen-walnuss-karamell-mit-kardamom\\\/#primaryimage\",\"url\":\"https:\\\/\\\/odettekocht.de\\\/de\\\/wp-content\\\/uploads\\\/2023\\\/01\\\/E0239DAA-8259-4B6F-847B-F9DD373CEA26-1024x1024.jpeg\",\"contentUrl\":\"https:\\\/\\\/odettekocht.de\\\/de\\\/wp-content\\\/uploads\\\/2023\\\/01\\\/E0239DAA-8259-4B6F-847B-F9DD373CEA26-1024x1024.jpeg\"},{\"@type\":\"BreadcrumbList\",\"@id\":\"https:\\\/\\\/odettekocht.de\\\/de\\\/2023\\\/rezepte\\\/rucolasalat-mit-geraeucherter-entenbrust-und-birnen-walnuss-karamell-mit-kardamom\\\/#breadcrumb\",\"itemListElement\":[{\"@type\":\"ListItem\",\"position\":1,\"name\":\"Startseite\",\"item\":\"https:\\\/\\\/odettekocht.de\\\/de\\\/\"},{\"@type\":\"ListItem\",\"position\":2,\"name\":\"Rucolasalat mit ger\u00e4ucherter Entenbrust und Birnen-Walnuss-Karamell mit Kardamom\"}]},{\"@type\":\"WebSite\",\"@id\":\"https:\\\/\\\/odettekocht.de\\\/de\\\/#website\",\"url\":\"https:\\\/\\\/odettekocht.de\\\/de\\\/\",\"name\":\"ODETTE KOCHT\",\"description\":\"QUERBEET | KREATIV | NEUGIERIG\",\"publisher\":{\"@id\":\"https:\\\/\\\/odettekocht.de\\\/de\\\/#\\\/schema\\\/person\\\/a18de4234a9756c34375e14890d733f7\"},\"potentialAction\":[{\"@type\":\"SearchAction\",\"target\":{\"@type\":\"EntryPoint\",\"urlTemplate\":\"https:\\\/\\\/odettekocht.de\\\/de\\\/?s={search_term_string}\"},\"query-input\":{\"@type\":\"PropertyValueSpecification\",\"valueRequired\":true,\"valueName\":\"search_term_string\"}}],\"inLanguage\":\"de\"},{\"@type\":[\"Person\",\"Organization\"],\"@id\":\"https:\\\/\\\/odettekocht.de\\\/de\\\/#\\\/schema\\\/person\\\/a18de4234a9756c34375e14890d733f7\",\"name\":\"Odette\",\"logo\":{\"@id\":\"https:\\\/\\\/odettekocht.de\\\/de\\\/#\\\/schema\\\/person\\\/image\\\/\"}}]}<\/script>\n<!-- \/ Yoast SEO plugin. -->","yoast_head_json":{"title":"Rucolasalat mit ger\u00e4ucherter Entenbrust und Birnen-Walnuss-Karamell mit Kardamom - ODETTE KOCHT","description":"Eine tolle Vorspeise, die richtig was hermacht. Der Birnen-Walnuss-Karamell macht sich \u00fcbrigens auch ganz hervorragend zu Ziegenfrischk\u00e4se!","robots":{"index":"index","follow":"follow","max-snippet":"max-snippet:-1","max-image-preview":"max-image-preview:large","max-video-preview":"max-video-preview:-1"},"canonical":"https:\/\/odettekocht.de\/de\/2023\/rezepte\/rucolasalat-mit-geraeucherter-entenbrust-und-birnen-walnuss-karamell-mit-kardamom\/","og_locale":"de_DE","og_type":"article","og_title":"Rucolasalat mit ger\u00e4ucherter Entenbrust und Birnen-Walnuss-Karamell mit Kardamom - ODETTE KOCHT","og_description":"Eine tolle Vorspeise, die richtig was hermacht. Der Birnen-Walnuss-Karamell macht sich \u00fcbrigens auch ganz hervorragend zu Ziegenfrischk\u00e4se!","og_url":"https:\/\/odettekocht.de\/de\/2023\/rezepte\/rucolasalat-mit-geraeucherter-entenbrust-und-birnen-walnuss-karamell-mit-kardamom\/","og_site_name":"ODETTE KOCHT","article_published_time":"2023-01-29T06:50:01+00:00","article_modified_time":"2023-01-29T06:59:36+00:00","og_image":[{"url":"https:\/\/odettekocht.de\/de\/wp-content\/uploads\/2023\/01\/E0239DAA-8259-4B6F-847B-F9DD373CEA26-1024x1024.jpeg","type":"","width":"","height":""}],"author":"Odette","twitter_card":"summary_large_image","twitter_misc":{"Verfasst von":"Odette","Gesch\u00e4tzte Lesezeit":"4\u00a0Minuten"},"schema":{"@context":"https:\/\/schema.org","@graph":[{"@type":"Article","@id":"https:\/\/odettekocht.de\/de\/2023\/rezepte\/rucolasalat-mit-geraeucherter-entenbrust-und-birnen-walnuss-karamell-mit-kardamom\/#article","isPartOf":{"@id":"https:\/\/odettekocht.de\/de\/2023\/rezepte\/rucolasalat-mit-geraeucherter-entenbrust-und-birnen-walnuss-karamell-mit-kardamom\/"},"author":{"name":"Odette","@id":"https:\/\/odettekocht.de\/de\/#\/schema\/person\/a18de4234a9756c34375e14890d733f7"},"headline":"Rucolasalat mit ger\u00e4ucherter Entenbrust und Birnen-Walnuss-Karamell mit Kardamom","datePublished":"2023-01-29T06:50:01+00:00","dateModified":"2023-01-29T06:59:36+00:00","mainEntityOfPage":{"@id":"https:\/\/odettekocht.de\/de\/2023\/rezepte\/rucolasalat-mit-geraeucherter-entenbrust-und-birnen-walnuss-karamell-mit-kardamom\/"},"wordCount":561,"commentCount":2,"publisher":{"@id":"https:\/\/odettekocht.de\/de\/#\/schema\/person\/a18de4234a9756c34375e14890d733f7"},"image":{"@id":"https:\/\/odettekocht.de\/de\/2023\/rezepte\/rucolasalat-mit-geraeucherter-entenbrust-und-birnen-walnuss-karamell-mit-kardamom\/#primaryimage"},"thumbnailUrl":"https:\/\/odettekocht.de\/de\/wp-content\/uploads\/2023\/01\/E0239DAA-8259-4B6F-847B-F9DD373CEA26-1024x1024.jpeg","keywords":["Birnen-Walnuss-Karamell","Entenbrust","Vorspeise"],"articleSection":["Rezepte","Salate"],"inLanguage":"de","potentialAction":[{"@type":"CommentAction","name":"Comment","target":["https:\/\/odettekocht.de\/de\/2023\/rezepte\/rucolasalat-mit-geraeucherter-entenbrust-und-birnen-walnuss-karamell-mit-kardamom\/#respond"]}]},{"@type":"WebPage","@id":"https:\/\/odettekocht.de\/de\/2023\/rezepte\/rucolasalat-mit-geraeucherter-entenbrust-und-birnen-walnuss-karamell-mit-kardamom\/","url":"https:\/\/odettekocht.de\/de\/2023\/rezepte\/rucolasalat-mit-geraeucherter-entenbrust-und-birnen-walnuss-karamell-mit-kardamom\/","name":"Rucolasalat mit ger\u00e4ucherter Entenbrust und Birnen-Walnuss-Karamell mit Kardamom - ODETTE KOCHT","isPartOf":{"@id":"https:\/\/odettekocht.de\/de\/#website"},"primaryImageOfPage":{"@id":"https:\/\/odettekocht.de\/de\/2023\/rezepte\/rucolasalat-mit-geraeucherter-entenbrust-und-birnen-walnuss-karamell-mit-kardamom\/#primaryimage"},"image":{"@id":"https:\/\/odettekocht.de\/de\/2023\/rezepte\/rucolasalat-mit-geraeucherter-entenbrust-und-birnen-walnuss-karamell-mit-kardamom\/#primaryimage"},"thumbnailUrl":"https:\/\/odettekocht.de\/de\/wp-content\/uploads\/2023\/01\/E0239DAA-8259-4B6F-847B-F9DD373CEA26-1024x1024.jpeg","datePublished":"2023-01-29T06:50:01+00:00","dateModified":"2023-01-29T06:59:36+00:00","description":"Eine tolle Vorspeise, die richtig was hermacht. Der Birnen-Walnuss-Karamell macht sich \u00fcbrigens auch ganz hervorragend zu Ziegenfrischk\u00e4se!","breadcrumb":{"@id":"https:\/\/odettekocht.de\/de\/2023\/rezepte\/rucolasalat-mit-geraeucherter-entenbrust-und-birnen-walnuss-karamell-mit-kardamom\/#breadcrumb"},"inLanguage":"de","potentialAction":[{"@type":"ReadAction","target":["https:\/\/odettekocht.de\/de\/2023\/rezepte\/rucolasalat-mit-geraeucherter-entenbrust-und-birnen-walnuss-karamell-mit-kardamom\/"]}]},{"@type":"ImageObject","inLanguage":"de","@id":"https:\/\/odettekocht.de\/de\/2023\/rezepte\/rucolasalat-mit-geraeucherter-entenbrust-und-birnen-walnuss-karamell-mit-kardamom\/#primaryimage","url":"https:\/\/odettekocht.de\/de\/wp-content\/uploads\/2023\/01\/E0239DAA-8259-4B6F-847B-F9DD373CEA26-1024x1024.jpeg","contentUrl":"https:\/\/odettekocht.de\/de\/wp-content\/uploads\/2023\/01\/E0239DAA-8259-4B6F-847B-F9DD373CEA26-1024x1024.jpeg"},{"@type":"BreadcrumbList","@id":"https:\/\/odettekocht.de\/de\/2023\/rezepte\/rucolasalat-mit-geraeucherter-entenbrust-und-birnen-walnuss-karamell-mit-kardamom\/#breadcrumb","itemListElement":[{"@type":"ListItem","position":1,"name":"Startseite","item":"https:\/\/odettekocht.de\/de\/"},{"@type":"ListItem","position":2,"name":"Rucolasalat mit ger\u00e4ucherter Entenbrust und Birnen-Walnuss-Karamell mit Kardamom"}]},{"@type":"WebSite","@id":"https:\/\/odettekocht.de\/de\/#website","url":"https:\/\/odettekocht.de\/de\/","name":"ODETTE KOCHT","description":"QUERBEET | KREATIV | NEUGIERIG","publisher":{"@id":"https:\/\/odettekocht.de\/de\/#\/schema\/person\/a18de4234a9756c34375e14890d733f7"},"potentialAction":[{"@type":"SearchAction","target":{"@type":"EntryPoint","urlTemplate":"https:\/\/odettekocht.de\/de\/?s={search_term_string}"},"query-input":{"@type":"PropertyValueSpecification","valueRequired":true,"valueName":"search_term_string"}}],"inLanguage":"de"},{"@type":["Person","Organization"],"@id":"https:\/\/odettekocht.de\/de\/#\/schema\/person\/a18de4234a9756c34375e14890d733f7","name":"Odette","logo":{"@id":"https:\/\/odettekocht.de\/de\/#\/schema\/person\/image\/"}}]}},"acf":[],"_links":{"self":[{"href":"https:\/\/odettekocht.de\/de\/wp-json\/wp\/v2\/posts\/1473","targetHints":{"allow":["GET"]}}],"collection":[{"href":"https:\/\/odettekocht.de\/de\/wp-json\/wp\/v2\/posts"}],"about":[{"href":"https:\/\/odettekocht.de\/de\/wp-json\/wp\/v2\/types\/post"}],"author":[{"embeddable":true,"href":"https:\/\/odettekocht.de\/de\/wp-json\/wp\/v2\/users\/1"}],"replies":[{"embeddable":true,"href":"https:\/\/odettekocht.de\/de\/wp-json\/wp\/v2\/comments?post=1473"}],"version-history":[{"count":6,"href":"https:\/\/odettekocht.de\/de\/wp-json\/wp\/v2\/posts\/1473\/revisions"}],"predecessor-version":[{"id":1480,"href":"https:\/\/odettekocht.de\/de\/wp-json\/wp\/v2\/posts\/1473\/revisions\/1480"}],"wp:attachment":[{"href":"https:\/\/odettekocht.de\/de\/wp-json\/wp\/v2\/media?parent=1473"}],"wp:term":[{"taxonomy":"category","embeddable":true,"href":"https:\/\/odettekocht.de\/de\/wp-json\/wp\/v2\/categories?post=1473"},{"taxonomy":"post_tag","embeddable":true,"href":"https:\/\/odettekocht.de\/de\/wp-json\/wp\/v2\/tags?post=1473"}],"curies":[{"name":"wp","href":"https:\/\/api.w.org\/{rel}","templated":true}]}}