{"id":1500,"date":"2023-03-26T06:45:00","date_gmt":"2023-03-26T04:45:00","guid":{"rendered":"https:\/\/odettekocht.de\/de\/?p=1500"},"modified":"2023-03-24T17:29:11","modified_gmt":"2023-03-24T16:29:11","slug":"die-statt-tomaten-nehm-ich-paprika-sauce","status":"publish","type":"post","link":"https:\/\/odettekocht.de\/de\/2023\/rezepte\/die-statt-tomaten-nehm-ich-paprika-sauce\/","title":{"rendered":"Die \u201eStatt-Tomaten-nehm\u2019-ich-Paprika-Sauce\u201c"},"content":{"rendered":"\n<figure class=\"wp-block-image size-large\"><img loading=\"lazy\" decoding=\"async\" width=\"1024\" height=\"1024\" src=\"https:\/\/odettekocht.de\/de\/wp-content\/uploads\/2023\/03\/FDCC9E0E-5EAB-4669-B634-B099EABAB124-1024x1024.jpeg\" alt=\"Blauer Untergrund, darauf ein gefaltetes blaues Tuch. Darauf stehen im Uhrzeigersinn eine Ton-Schale mit drei roten Paprika, ein mit silberfarbenem Deckel verschlossenes Glas mit Paprika-Sauce und ein offenes Glas mit Paprika-Sauce, der Deckel lehnt davor, eine wei\u00dfe Zwiebel und ein offenes Gew\u00fcrzglas Oregano, der Inhalt etwas verstreut, der beschriftete Deckel liegt davor.\" class=\"wp-image-1501\" srcset=\"https:\/\/odettekocht.de\/de\/wp-content\/uploads\/2023\/03\/FDCC9E0E-5EAB-4669-B634-B099EABAB124-1024x1024.jpeg 1024w, https:\/\/odettekocht.de\/de\/wp-content\/uploads\/2023\/03\/FDCC9E0E-5EAB-4669-B634-B099EABAB124-300x300.jpeg 300w, https:\/\/odettekocht.de\/de\/wp-content\/uploads\/2023\/03\/FDCC9E0E-5EAB-4669-B634-B099EABAB124-150x150.jpeg 150w, https:\/\/odettekocht.de\/de\/wp-content\/uploads\/2023\/03\/FDCC9E0E-5EAB-4669-B634-B099EABAB124-768x768.jpeg 768w, https:\/\/odettekocht.de\/de\/wp-content\/uploads\/2023\/03\/FDCC9E0E-5EAB-4669-B634-B099EABAB124-1536x1536.jpeg 1536w, https:\/\/odettekocht.de\/de\/wp-content\/uploads\/2023\/03\/FDCC9E0E-5EAB-4669-B634-B099EABAB124-2048x2048.jpeg 2048w, https:\/\/odettekocht.de\/de\/wp-content\/uploads\/2023\/03\/FDCC9E0E-5EAB-4669-B634-B099EABAB124-1140x1140.jpeg 1140w, https:\/\/odettekocht.de\/de\/wp-content\/uploads\/2023\/03\/FDCC9E0E-5EAB-4669-B634-B099EABAB124-75x75.jpeg 75w, https:\/\/odettekocht.de\/de\/wp-content\/uploads\/2023\/03\/FDCC9E0E-5EAB-4669-B634-B099EABAB124-1320x1320.jpeg 1320w\" sizes=\"auto, (max-width: 1024px) 100vw, 1024px\" \/><\/figure>\n\n\n\n<p>Inzwischen habe ich mich mit meiner <strong><a href=\"https:\/\/odettekocht.de\/de\/2023\/rezepte\/edamame-spinat-creme-mit-koriander\/\">Histaminintoleranz<\/a><\/strong> ganz gut eingegroovt. Es ist tats\u00e4chlich weniger kompliziert als zun\u00e4chst gedacht. Vielleicht kommt mir aber auch einfach zu Gute, dass ich so gerne koche und gen\u00fcgend Phantasie mitbringe, das Beste aus meinen M\u00f6glichkeiten zu machen. Und die sind zwar eingeschr\u00e4nkt, aber ich empfinde das bislang nur bei zwei, drei Lebensmitteln als wirklich schwierig. Dazu geh\u00f6ren ganz eindeutig Tomaten. Ein Leben ohne Tomaten ist sicher m\u00f6glich, aber auch spa\u00dffrei. Was bitte streicht man auf einen Pizzaboden? Nie wieder rote Sauce auf Nudeln? Das stimmte mich traurig und war deswegen keine Option. Eine Alternative musste her. Um es gleich vorweg zu nehmen: Nein, diese Paprika-Sauce schmeckt nicht wie Tomatensauce! Aber sie ist trotzdem verdammt lecker!<\/p>\n\n\n\n<!--more-->\n\n\n\n<p>Nicht nur, dass Tomatensauce von allen geliebt wird. Sie ist auch noch aus dem Vorrat blitzschnell gezaubert. Ich hatte immer ein paar Dosen Tomaten und Passata im Schrank f\u00fcr die \u201eIch-habe-gerade-gar-keine-Lust-zum-Kochen-und-der-K\u00fchlschrank-ist-auch-leer\u201c-Momente. Tja, vorbei. Die gute Nachricht ist, dass die Paprika-Sauce hei\u00df in Twist-off-Gl\u00e4ser abgef\u00fcllt und somit also quasi eingeweckt wird. Lust auf ein bisschen unn\u00fctzes Wissen? Wei\u00dft Du eigentlich, woher das Wort \u201eeinwecken\u201c kommt? So nannte man fr\u00fcher das Einkochen von Lebensmitteln in den patentierten Gl\u00e4sern von Johann Carl Weck. Die Ausdr\u00fccke \u201eWeck-Gl\u00e4ser\u201c und \u201eeinwecken\u201c benutzt man bis heute, auch wenn die Gl\u00e4ser vielleicht von einer anderen Marke sind. Das ist ein bisschen so wie mit Tempo-Taschent\u00fcchern. <\/p>\n\n\n\n<p>Diese histaminarme und so sch\u00f6n w\u00fcrzige Paprika-Sauce kann \u00fcberall da zum Einsatz kommen, wo man normalerweise Tomatensauce verwenden w\u00fcrde. Das Rezept ist f\u00fcr 2 Gl\u00e4ser \u00e0 400 ml; Du kannst sie aber nat\u00fcrlich &#8211; je nach Bedarf &#8211; auch in 3 oder 4 kleinere Gl\u00e4ser abf\u00fcllen. Du brauchst eine K\u00fcchenmaschine oder zumindest einen P\u00fcrierstab. Ich bereite die Sauce im Thermomix zu, aber das Rezept funktioniert nat\u00fcrlich auch ohne!<\/p>\n\n\n\n<p>Grunds\u00e4tzlich m\u00f6chte ich vor dem Rezept noch anmerken, dass Unvertr\u00e4glichkeiten sehr individuell sein k\u00f6nnen. Die Rezepte, die ich unter dem Hashtag #histaminarm teile, funktionieren f\u00fcr\u00a0<em>mich<\/em>. Bitte pr\u00fcfe und ersetze ggf. Zutaten, die f\u00fcr Dich nicht passen!<\/p>\n\n\n\n<h3 class=\"wp-block-heading\">Man nehme<\/h3>\n\n\n\n<ul class=\"wp-block-list\">\n<li>2 gro\u00dfe rote Paprika, ca. 500 g netto, grob gew\u00fcrfelt<\/li>\n\n\n\n<li>2 gr\u00f6\u00dfere wei\u00dfe Zwiebeln, grob gew\u00fcrfelt (Anmerkung: wei\u00dfe Zwiebeln sind bei HIT besser vertr\u00e4glich als andere. Wenn Du keine HIT hast, nimm irgendwelche Zwiebeln, v\u00f6llig egal!)<\/li>\n\n\n\n<li>4 EL Oliven\u00f6l<\/li>\n\n\n\n<li>40 g Mandelbl\u00e4ttchen<\/li>\n\n\n\n<li>1 leicht geh\u00e4ufter EL Paprikamark (Anmerkung: reines Paprikamark &#8211; ohne Tomatenzusatz &#8211; bekommst Du in gro\u00dfen Gl\u00e4sern im t\u00fcrkischen Lebensmittelmarkt. Achte auf die Zutatenliste und auf die Zusatzstoffe! Meins enth\u00e4lt nur Paprika, Salz und Zitronens\u00e4ure als Konservierungsmittel)<\/li>\n\n\n\n<li>75 ml Wasser<\/li>\n\n\n\n<li>1 geh\u00e4ufter TL getrockneter Oregano (oder andere Kr\u00e4uter Deiner Wahl)<\/li>\n\n\n\n<li>1 TL edels\u00fc\u00dfes Paprikapulver<\/li>\n\n\n\n<li>1 TL Salz<\/li>\n<\/ul>\n\n\n\n<h3 class=\"wp-block-heading\">So geht\u2018s<\/h3>\n\n\n\n<p>Falls Du einen Thermomix oder eine K\u00fcchenmaschine benutzt, schmei\u00dft Du alle Zutaten in den Topf und p\u00fcrierst das Ganze (im TM 8 Sekunden auf Stufe 8).<\/p>\n\n\n\n<p>Anschlie\u00dfend 15 Minuten bei 100 Grad und Stufe 1 im TM d\u00fcnsten. Falls Du eine K\u00fcchenmaschine benutzt hast, f\u00fcllst Du den Inhalt in einen Topf um und k\u00f6chelst die Sauce bei mittlerer Temperatur 15 Minuten.<\/p>\n\n\n\n<p>Danach sofort in saubere Twist-off Gl\u00e4ser umf\u00fcllen und gut verschlie\u00dfen. Abk\u00fchlen lassen.<\/p>\n\n\n\n<p>Falls Du weder TM noch K\u00fcchenmaschine hast, kannst Du Paprika und Zwiebeln zusammen mit dem Oliven\u00f6l und dem Salz in einer Pfanne oder einem Topf zuerst langsam weich d\u00fcnsten. Dann gibst Du die restlichen Zutaten zu, p\u00fcrierst das Ganze mit dem P\u00fcrierstab und l\u00e4sst die Sauce nochmal 5 Minuten k\u00f6cheln. Dann wie oben beschrieben abf\u00fcllen.<\/p>\n\n\n\n<p>Lass es Dir schmecken!<\/p>\n\n\n\n<div style=\"height:37px\" aria-hidden=\"true\" class=\"wp-block-spacer\"><\/div>\n\n\n\n<p><em>Dieser Beitrag enth\u00e4lt Marken-, Menschen-, Orts- und Produktnennungen sowie Verlinkungen. Dies gilt nach derzeitiger Rechtslage als Werbung und somit kennzeichne ich diesen Beitrag als WERBUNG. Dennoch gilt: Alle hier genannten Produkte, Marken, Menschen oder Orte sind als pers\u00f6nliche und unentgeltliche Empfehlung zu betrachten! Jede bezahlte Kooperation wird immer als solche gekennzeichnet.<\/em><\/p>\n","protected":false},"excerpt":{"rendered":"<p>Inzwischen habe ich mich mit meiner Histaminintoleranz ganz gut eingegroovt. Es ist tats\u00e4chlich weniger kompliziert als zun\u00e4chst gedacht. Vielleicht kommt mir aber auch einfach zu Gute, dass ich so gerne koche und gen\u00fcgend Phantasie mitbringe, das Beste aus meinen M\u00f6glichkeiten zu machen. Und die sind zwar eingeschr\u00e4nkt, aber ich empfinde das bislang nur bei zwei, drei Lebensmitteln als wirklich schwierig. Dazu geh\u00f6ren ganz eindeutig Tomaten. Ein Leben ohne Tomaten ist sicher m\u00f6glich, aber auch spa\u00dffrei. Was bitte streicht man auf einen Pizzaboden? Nie wieder rote Sauce auf Nudeln? Das stimmte mich traurig und war deswegen keine Option. Eine Alternative musste her. Um es gleich vorweg zu nehmen: Nein, diese Paprika-Sauce schmeckt nicht wie Tomatensauce! Aber sie ist trotzdem verdammt lecker!<\/p>\n","protected":false},"author":1,"featured_media":0,"comment_status":"open","ping_status":"open","sticky":false,"template":"","format":"standard","meta":{"footnotes":""},"categories":[14,1,38,31],"tags":[335,336,337,338,82],"class_list":["post-1500","post","type-post","status-publish","format-standard","hentry","category-basics","category-rezepte","category-vegetarisch","category-zufaellig-vegan","tag-histaminarm","tag-histaminarme-rezepte","tag-histaminintoleranz","tag-hit","tag-paprika"],"yoast_head":"<!-- This site is optimized with the Yoast SEO plugin v27.5 - https:\/\/yoast.com\/product\/yoast-seo-wordpress\/ -->\n<title>Die \u201eStatt-Tomaten-nehm\u2019-ich-Paprika-Sauce\u201c - ODETTE KOCHT<\/title>\n<meta name=\"description\" content=\"Wenn man keine Tomatensauce mehr vertr\u00e4gt, muss man sich was einfallen lassen. Also Paprika-Sauce. Not macht ja bekanntlich erfinderisch!\" \/>\n<meta name=\"robots\" content=\"index, follow, max-snippet:-1, max-image-preview:large, max-video-preview:-1\" \/>\n<link rel=\"canonical\" href=\"https:\/\/odettekocht.de\/de\/2023\/rezepte\/die-statt-tomaten-nehm-ich-paprika-sauce\/\" \/>\n<meta property=\"og:locale\" content=\"de_DE\" \/>\n<meta property=\"og:type\" content=\"article\" \/>\n<meta property=\"og:title\" content=\"Die \u201eStatt-Tomaten-nehm\u2019-ich-Paprika-Sauce\u201c - ODETTE KOCHT\" \/>\n<meta property=\"og:description\" content=\"Wenn man keine Tomatensauce mehr vertr\u00e4gt, muss man sich was einfallen lassen. Also Paprika-Sauce. Not macht ja bekanntlich erfinderisch!\" \/>\n<meta property=\"og:url\" content=\"https:\/\/odettekocht.de\/de\/2023\/rezepte\/die-statt-tomaten-nehm-ich-paprika-sauce\/\" \/>\n<meta property=\"og:site_name\" content=\"ODETTE KOCHT\" \/>\n<meta property=\"article:published_time\" content=\"2023-03-26T04:45:00+00:00\" \/>\n<meta property=\"og:image\" content=\"https:\/\/odettekocht.de\/de\/wp-content\/uploads\/2023\/03\/FDCC9E0E-5EAB-4669-B634-B099EABAB124-1024x1024.jpeg\" \/>\n<meta name=\"author\" content=\"Odette\" \/>\n<meta name=\"twitter:card\" content=\"summary_large_image\" \/>\n<meta name=\"twitter:label1\" content=\"Verfasst von\" \/>\n\t<meta name=\"twitter:data1\" content=\"Odette\" \/>\n\t<meta name=\"twitter:label2\" content=\"Gesch\u00e4tzte Lesezeit\" \/>\n\t<meta name=\"twitter:data2\" content=\"4\u00a0Minuten\" \/>\n<script type=\"application\/ld+json\" class=\"yoast-schema-graph\">{\"@context\":\"https:\\\/\\\/schema.org\",\"@graph\":[{\"@type\":\"Article\",\"@id\":\"https:\\\/\\\/odettekocht.de\\\/de\\\/2023\\\/rezepte\\\/die-statt-tomaten-nehm-ich-paprika-sauce\\\/#article\",\"isPartOf\":{\"@id\":\"https:\\\/\\\/odettekocht.de\\\/de\\\/2023\\\/rezepte\\\/die-statt-tomaten-nehm-ich-paprika-sauce\\\/\"},\"author\":{\"name\":\"Odette\",\"@id\":\"https:\\\/\\\/odettekocht.de\\\/de\\\/#\\\/schema\\\/person\\\/a18de4234a9756c34375e14890d733f7\"},\"headline\":\"Die \u201eStatt-Tomaten-nehm\u2019-ich-Paprika-Sauce\u201c\",\"datePublished\":\"2023-03-26T04:45:00+00:00\",\"mainEntityOfPage\":{\"@id\":\"https:\\\/\\\/odettekocht.de\\\/de\\\/2023\\\/rezepte\\\/die-statt-tomaten-nehm-ich-paprika-sauce\\\/\"},\"wordCount\":680,\"commentCount\":10,\"publisher\":{\"@id\":\"https:\\\/\\\/odettekocht.de\\\/de\\\/#\\\/schema\\\/person\\\/a18de4234a9756c34375e14890d733f7\"},\"image\":{\"@id\":\"https:\\\/\\\/odettekocht.de\\\/de\\\/2023\\\/rezepte\\\/die-statt-tomaten-nehm-ich-paprika-sauce\\\/#primaryimage\"},\"thumbnailUrl\":\"https:\\\/\\\/odettekocht.de\\\/de\\\/wp-content\\\/uploads\\\/2023\\\/03\\\/FDCC9E0E-5EAB-4669-B634-B099EABAB124-1024x1024.jpeg\",\"keywords\":[\"Histaminarm\",\"histaminarme Rezepte\",\"Histaminintoleranz\",\"HIT\",\"Paprika\"],\"articleSection\":[\"Basics\",\"Rezepte\",\"Vegetarisch\",\"zuf\u00e4llig vegan\"],\"inLanguage\":\"de\",\"potentialAction\":[{\"@type\":\"CommentAction\",\"name\":\"Comment\",\"target\":[\"https:\\\/\\\/odettekocht.de\\\/de\\\/2023\\\/rezepte\\\/die-statt-tomaten-nehm-ich-paprika-sauce\\\/#respond\"]}]},{\"@type\":\"WebPage\",\"@id\":\"https:\\\/\\\/odettekocht.de\\\/de\\\/2023\\\/rezepte\\\/die-statt-tomaten-nehm-ich-paprika-sauce\\\/\",\"url\":\"https:\\\/\\\/odettekocht.de\\\/de\\\/2023\\\/rezepte\\\/die-statt-tomaten-nehm-ich-paprika-sauce\\\/\",\"name\":\"Die \u201eStatt-Tomaten-nehm\u2019-ich-Paprika-Sauce\u201c - ODETTE KOCHT\",\"isPartOf\":{\"@id\":\"https:\\\/\\\/odettekocht.de\\\/de\\\/#website\"},\"primaryImageOfPage\":{\"@id\":\"https:\\\/\\\/odettekocht.de\\\/de\\\/2023\\\/rezepte\\\/die-statt-tomaten-nehm-ich-paprika-sauce\\\/#primaryimage\"},\"image\":{\"@id\":\"https:\\\/\\\/odettekocht.de\\\/de\\\/2023\\\/rezepte\\\/die-statt-tomaten-nehm-ich-paprika-sauce\\\/#primaryimage\"},\"thumbnailUrl\":\"https:\\\/\\\/odettekocht.de\\\/de\\\/wp-content\\\/uploads\\\/2023\\\/03\\\/FDCC9E0E-5EAB-4669-B634-B099EABAB124-1024x1024.jpeg\",\"datePublished\":\"2023-03-26T04:45:00+00:00\",\"description\":\"Wenn man keine Tomatensauce mehr vertr\u00e4gt, muss man sich was einfallen lassen. Also Paprika-Sauce. Not macht ja bekanntlich erfinderisch!\",\"breadcrumb\":{\"@id\":\"https:\\\/\\\/odettekocht.de\\\/de\\\/2023\\\/rezepte\\\/die-statt-tomaten-nehm-ich-paprika-sauce\\\/#breadcrumb\"},\"inLanguage\":\"de\",\"potentialAction\":[{\"@type\":\"ReadAction\",\"target\":[\"https:\\\/\\\/odettekocht.de\\\/de\\\/2023\\\/rezepte\\\/die-statt-tomaten-nehm-ich-paprika-sauce\\\/\"]}]},{\"@type\":\"ImageObject\",\"inLanguage\":\"de\",\"@id\":\"https:\\\/\\\/odettekocht.de\\\/de\\\/2023\\\/rezepte\\\/die-statt-tomaten-nehm-ich-paprika-sauce\\\/#primaryimage\",\"url\":\"https:\\\/\\\/odettekocht.de\\\/de\\\/wp-content\\\/uploads\\\/2023\\\/03\\\/FDCC9E0E-5EAB-4669-B634-B099EABAB124-1024x1024.jpeg\",\"contentUrl\":\"https:\\\/\\\/odettekocht.de\\\/de\\\/wp-content\\\/uploads\\\/2023\\\/03\\\/FDCC9E0E-5EAB-4669-B634-B099EABAB124-1024x1024.jpeg\"},{\"@type\":\"BreadcrumbList\",\"@id\":\"https:\\\/\\\/odettekocht.de\\\/de\\\/2023\\\/rezepte\\\/die-statt-tomaten-nehm-ich-paprika-sauce\\\/#breadcrumb\",\"itemListElement\":[{\"@type\":\"ListItem\",\"position\":1,\"name\":\"Startseite\",\"item\":\"https:\\\/\\\/odettekocht.de\\\/de\\\/\"},{\"@type\":\"ListItem\",\"position\":2,\"name\":\"Die \u201eStatt-Tomaten-nehm\u2019-ich-Paprika-Sauce\u201c\"}]},{\"@type\":\"WebSite\",\"@id\":\"https:\\\/\\\/odettekocht.de\\\/de\\\/#website\",\"url\":\"https:\\\/\\\/odettekocht.de\\\/de\\\/\",\"name\":\"ODETTE KOCHT\",\"description\":\"QUERBEET | KREATIV | NEUGIERIG\",\"publisher\":{\"@id\":\"https:\\\/\\\/odettekocht.de\\\/de\\\/#\\\/schema\\\/person\\\/a18de4234a9756c34375e14890d733f7\"},\"potentialAction\":[{\"@type\":\"SearchAction\",\"target\":{\"@type\":\"EntryPoint\",\"urlTemplate\":\"https:\\\/\\\/odettekocht.de\\\/de\\\/?s={search_term_string}\"},\"query-input\":{\"@type\":\"PropertyValueSpecification\",\"valueRequired\":true,\"valueName\":\"search_term_string\"}}],\"inLanguage\":\"de\"},{\"@type\":[\"Person\",\"Organization\"],\"@id\":\"https:\\\/\\\/odettekocht.de\\\/de\\\/#\\\/schema\\\/person\\\/a18de4234a9756c34375e14890d733f7\",\"name\":\"Odette\",\"logo\":{\"@id\":\"https:\\\/\\\/odettekocht.de\\\/de\\\/#\\\/schema\\\/person\\\/image\\\/\"}}]}<\/script>\n<!-- \/ Yoast SEO plugin. -->","yoast_head_json":{"title":"Die \u201eStatt-Tomaten-nehm\u2019-ich-Paprika-Sauce\u201c - ODETTE KOCHT","description":"Wenn man keine Tomatensauce mehr vertr\u00e4gt, muss man sich was einfallen lassen. Also Paprika-Sauce. Not macht ja bekanntlich erfinderisch!","robots":{"index":"index","follow":"follow","max-snippet":"max-snippet:-1","max-image-preview":"max-image-preview:large","max-video-preview":"max-video-preview:-1"},"canonical":"https:\/\/odettekocht.de\/de\/2023\/rezepte\/die-statt-tomaten-nehm-ich-paprika-sauce\/","og_locale":"de_DE","og_type":"article","og_title":"Die \u201eStatt-Tomaten-nehm\u2019-ich-Paprika-Sauce\u201c - ODETTE KOCHT","og_description":"Wenn man keine Tomatensauce mehr vertr\u00e4gt, muss man sich was einfallen lassen. Also Paprika-Sauce. Not macht ja bekanntlich erfinderisch!","og_url":"https:\/\/odettekocht.de\/de\/2023\/rezepte\/die-statt-tomaten-nehm-ich-paprika-sauce\/","og_site_name":"ODETTE KOCHT","article_published_time":"2023-03-26T04:45:00+00:00","og_image":[{"url":"https:\/\/odettekocht.de\/de\/wp-content\/uploads\/2023\/03\/FDCC9E0E-5EAB-4669-B634-B099EABAB124-1024x1024.jpeg","type":"","width":"","height":""}],"author":"Odette","twitter_card":"summary_large_image","twitter_misc":{"Verfasst von":"Odette","Gesch\u00e4tzte Lesezeit":"4\u00a0Minuten"},"schema":{"@context":"https:\/\/schema.org","@graph":[{"@type":"Article","@id":"https:\/\/odettekocht.de\/de\/2023\/rezepte\/die-statt-tomaten-nehm-ich-paprika-sauce\/#article","isPartOf":{"@id":"https:\/\/odettekocht.de\/de\/2023\/rezepte\/die-statt-tomaten-nehm-ich-paprika-sauce\/"},"author":{"name":"Odette","@id":"https:\/\/odettekocht.de\/de\/#\/schema\/person\/a18de4234a9756c34375e14890d733f7"},"headline":"Die \u201eStatt-Tomaten-nehm\u2019-ich-Paprika-Sauce\u201c","datePublished":"2023-03-26T04:45:00+00:00","mainEntityOfPage":{"@id":"https:\/\/odettekocht.de\/de\/2023\/rezepte\/die-statt-tomaten-nehm-ich-paprika-sauce\/"},"wordCount":680,"commentCount":10,"publisher":{"@id":"https:\/\/odettekocht.de\/de\/#\/schema\/person\/a18de4234a9756c34375e14890d733f7"},"image":{"@id":"https:\/\/odettekocht.de\/de\/2023\/rezepte\/die-statt-tomaten-nehm-ich-paprika-sauce\/#primaryimage"},"thumbnailUrl":"https:\/\/odettekocht.de\/de\/wp-content\/uploads\/2023\/03\/FDCC9E0E-5EAB-4669-B634-B099EABAB124-1024x1024.jpeg","keywords":["Histaminarm","histaminarme Rezepte","Histaminintoleranz","HIT","Paprika"],"articleSection":["Basics","Rezepte","Vegetarisch","zuf\u00e4llig vegan"],"inLanguage":"de","potentialAction":[{"@type":"CommentAction","name":"Comment","target":["https:\/\/odettekocht.de\/de\/2023\/rezepte\/die-statt-tomaten-nehm-ich-paprika-sauce\/#respond"]}]},{"@type":"WebPage","@id":"https:\/\/odettekocht.de\/de\/2023\/rezepte\/die-statt-tomaten-nehm-ich-paprika-sauce\/","url":"https:\/\/odettekocht.de\/de\/2023\/rezepte\/die-statt-tomaten-nehm-ich-paprika-sauce\/","name":"Die \u201eStatt-Tomaten-nehm\u2019-ich-Paprika-Sauce\u201c - ODETTE KOCHT","isPartOf":{"@id":"https:\/\/odettekocht.de\/de\/#website"},"primaryImageOfPage":{"@id":"https:\/\/odettekocht.de\/de\/2023\/rezepte\/die-statt-tomaten-nehm-ich-paprika-sauce\/#primaryimage"},"image":{"@id":"https:\/\/odettekocht.de\/de\/2023\/rezepte\/die-statt-tomaten-nehm-ich-paprika-sauce\/#primaryimage"},"thumbnailUrl":"https:\/\/odettekocht.de\/de\/wp-content\/uploads\/2023\/03\/FDCC9E0E-5EAB-4669-B634-B099EABAB124-1024x1024.jpeg","datePublished":"2023-03-26T04:45:00+00:00","description":"Wenn man keine Tomatensauce mehr vertr\u00e4gt, muss man sich was einfallen lassen. Also Paprika-Sauce. Not macht ja bekanntlich erfinderisch!","breadcrumb":{"@id":"https:\/\/odettekocht.de\/de\/2023\/rezepte\/die-statt-tomaten-nehm-ich-paprika-sauce\/#breadcrumb"},"inLanguage":"de","potentialAction":[{"@type":"ReadAction","target":["https:\/\/odettekocht.de\/de\/2023\/rezepte\/die-statt-tomaten-nehm-ich-paprika-sauce\/"]}]},{"@type":"ImageObject","inLanguage":"de","@id":"https:\/\/odettekocht.de\/de\/2023\/rezepte\/die-statt-tomaten-nehm-ich-paprika-sauce\/#primaryimage","url":"https:\/\/odettekocht.de\/de\/wp-content\/uploads\/2023\/03\/FDCC9E0E-5EAB-4669-B634-B099EABAB124-1024x1024.jpeg","contentUrl":"https:\/\/odettekocht.de\/de\/wp-content\/uploads\/2023\/03\/FDCC9E0E-5EAB-4669-B634-B099EABAB124-1024x1024.jpeg"},{"@type":"BreadcrumbList","@id":"https:\/\/odettekocht.de\/de\/2023\/rezepte\/die-statt-tomaten-nehm-ich-paprika-sauce\/#breadcrumb","itemListElement":[{"@type":"ListItem","position":1,"name":"Startseite","item":"https:\/\/odettekocht.de\/de\/"},{"@type":"ListItem","position":2,"name":"Die \u201eStatt-Tomaten-nehm\u2019-ich-Paprika-Sauce\u201c"}]},{"@type":"WebSite","@id":"https:\/\/odettekocht.de\/de\/#website","url":"https:\/\/odettekocht.de\/de\/","name":"ODETTE KOCHT","description":"QUERBEET | KREATIV | NEUGIERIG","publisher":{"@id":"https:\/\/odettekocht.de\/de\/#\/schema\/person\/a18de4234a9756c34375e14890d733f7"},"potentialAction":[{"@type":"SearchAction","target":{"@type":"EntryPoint","urlTemplate":"https:\/\/odettekocht.de\/de\/?s={search_term_string}"},"query-input":{"@type":"PropertyValueSpecification","valueRequired":true,"valueName":"search_term_string"}}],"inLanguage":"de"},{"@type":["Person","Organization"],"@id":"https:\/\/odettekocht.de\/de\/#\/schema\/person\/a18de4234a9756c34375e14890d733f7","name":"Odette","logo":{"@id":"https:\/\/odettekocht.de\/de\/#\/schema\/person\/image\/"}}]}},"acf":[],"_links":{"self":[{"href":"https:\/\/odettekocht.de\/de\/wp-json\/wp\/v2\/posts\/1500","targetHints":{"allow":["GET"]}}],"collection":[{"href":"https:\/\/odettekocht.de\/de\/wp-json\/wp\/v2\/posts"}],"about":[{"href":"https:\/\/odettekocht.de\/de\/wp-json\/wp\/v2\/types\/post"}],"author":[{"embeddable":true,"href":"https:\/\/odettekocht.de\/de\/wp-json\/wp\/v2\/users\/1"}],"replies":[{"embeddable":true,"href":"https:\/\/odettekocht.de\/de\/wp-json\/wp\/v2\/comments?post=1500"}],"version-history":[{"count":2,"href":"https:\/\/odettekocht.de\/de\/wp-json\/wp\/v2\/posts\/1500\/revisions"}],"predecessor-version":[{"id":1503,"href":"https:\/\/odettekocht.de\/de\/wp-json\/wp\/v2\/posts\/1500\/revisions\/1503"}],"wp:attachment":[{"href":"https:\/\/odettekocht.de\/de\/wp-json\/wp\/v2\/media?parent=1500"}],"wp:term":[{"taxonomy":"category","embeddable":true,"href":"https:\/\/odettekocht.de\/de\/wp-json\/wp\/v2\/categories?post=1500"},{"taxonomy":"post_tag","embeddable":true,"href":"https:\/\/odettekocht.de\/de\/wp-json\/wp\/v2\/tags?post=1500"}],"curies":[{"name":"wp","href":"https:\/\/api.w.org\/{rel}","templated":true}]}}