{"id":152,"date":"2020-02-21T14:14:27","date_gmt":"2020-02-21T13:14:27","guid":{"rendered":"http:\/\/odettekocht.de\/de\/?p=152"},"modified":"2020-02-23T17:18:45","modified_gmt":"2020-02-23T16:18:45","slug":"avocado-mango-salat-mit-kokosspeck","status":"publish","type":"post","link":"https:\/\/odettekocht.de\/de\/2020\/rezepte\/avocado-mango-salat-mit-kokosspeck\/","title":{"rendered":"Avocado-Mango-Salat mit Kokosspeck"},"content":{"rendered":"\n<figure class=\"wp-block-image size-large\"><img loading=\"lazy\" decoding=\"async\" width=\"1024\" height=\"1024\" src=\"https:\/\/odettekocht.de\/de\/wp-content\/uploads\/2020\/02\/FD23B892-7922-494D-A27F-A687578918BD-1024x1024.jpeg\" alt=\"\" class=\"wp-image-153\" srcset=\"https:\/\/odettekocht.de\/de\/wp-content\/uploads\/2020\/02\/FD23B892-7922-494D-A27F-A687578918BD-1024x1024.jpeg 1024w, https:\/\/odettekocht.de\/de\/wp-content\/uploads\/2020\/02\/FD23B892-7922-494D-A27F-A687578918BD-300x300.jpeg 300w, https:\/\/odettekocht.de\/de\/wp-content\/uploads\/2020\/02\/FD23B892-7922-494D-A27F-A687578918BD-150x150.jpeg 150w, https:\/\/odettekocht.de\/de\/wp-content\/uploads\/2020\/02\/FD23B892-7922-494D-A27F-A687578918BD-768x769.jpeg 768w, https:\/\/odettekocht.de\/de\/wp-content\/uploads\/2020\/02\/FD23B892-7922-494D-A27F-A687578918BD-1140x1141.jpeg 1140w, https:\/\/odettekocht.de\/de\/wp-content\/uploads\/2020\/02\/FD23B892-7922-494D-A27F-A687578918BD-75x75.jpeg 75w, https:\/\/odettekocht.de\/de\/wp-content\/uploads\/2020\/02\/FD23B892-7922-494D-A27F-A687578918BD.jpeg 1279w\" sizes=\"auto, (max-width: 1024px) 100vw, 1024px\" \/><figcaption>Avocado-Mango-Salat schmeckt das ganze Jahr \u00fcber<\/figcaption><\/figure>\n\n\n\n<p><br>In der k\u00fchleren Jahreszeit (von kalt kann man ja speziell in diesem Winter nicht reden&#8230;) ist mein Bedarf an Salaten eher gering. Aber manchmal brauche ich was Leichtes und dann kommt dieser Salat genau richtig.<\/p>\n\n\n\n<p>Mangos und Avocados gibt es ja das ganze Jahr \u00fcber. Sie wachsen eh nicht in unseren Breitengraden und irgendwo auf der Welt wird immer geerntet. Rauke und Radieschen kommen im Winter aus dem Treibhaus. Die Klimabilanz dieses Salats ist also eher \u201egeht so\u201c. Ach? Das w\u00e4re Dir gar nicht aufgefallen?<\/p>\n\n\n\n<!--more-->\n\n\n\n<p>Immerhin ist die Verwendung der Radieschenbl\u00e4tter ein kleiner Beitrag zum Thema \u201eweniger Verschwendung von Lebensmitteln\u201c. Die B\u00e4tter schmecken \u00e4hnlich wie Rauke ein bisschen scharf-w\u00fcrzig und machen sich super im Salat. Also schmei\u00df die bitte nie wieder weg!<\/p>\n\n\n\n<p>Daf\u00fcr ist f\u00fcr den Kokosspeck kein Schwein zu Schaden gekommen! Im wahrsten Sinne des Wortes, hurra! Ganz im Gegenteil, er ist sogar zuf\u00e4llig vegan. Fl\u00fcssiger Rauch und Sojasauce verwandeln Kokoschips in eine wahre Umami-Bombe. S\u00fc\u00df und salzig und knusprig. Die sind schneller weggesnackt, als Du gucken kannst!<\/p>\n\n\n\n<p><br><\/p>\n\n\n\n<div class=\"wp-block-image\"><figure class=\"aligncenter size-large is-resized\"><img loading=\"lazy\" decoding=\"async\" src=\"https:\/\/odettekocht.de\/de\/wp-content\/uploads\/2020\/02\/F24F16AF-55F4-46E5-99F0-AAEE6E5E9F30-1024x1024.jpeg\" alt=\"\" class=\"wp-image-155\" width=\"473\" height=\"473\" srcset=\"https:\/\/odettekocht.de\/de\/wp-content\/uploads\/2020\/02\/F24F16AF-55F4-46E5-99F0-AAEE6E5E9F30-1024x1024.jpeg 1024w, https:\/\/odettekocht.de\/de\/wp-content\/uploads\/2020\/02\/F24F16AF-55F4-46E5-99F0-AAEE6E5E9F30-300x300.jpeg 300w, https:\/\/odettekocht.de\/de\/wp-content\/uploads\/2020\/02\/F24F16AF-55F4-46E5-99F0-AAEE6E5E9F30-150x150.jpeg 150w, https:\/\/odettekocht.de\/de\/wp-content\/uploads\/2020\/02\/F24F16AF-55F4-46E5-99F0-AAEE6E5E9F30-768x768.jpeg 768w, https:\/\/odettekocht.de\/de\/wp-content\/uploads\/2020\/02\/F24F16AF-55F4-46E5-99F0-AAEE6E5E9F30-1140x1140.jpeg 1140w, https:\/\/odettekocht.de\/de\/wp-content\/uploads\/2020\/02\/F24F16AF-55F4-46E5-99F0-AAEE6E5E9F30-75x75.jpeg 75w, https:\/\/odettekocht.de\/de\/wp-content\/uploads\/2020\/02\/F24F16AF-55F4-46E5-99F0-AAEE6E5E9F30.jpeg 1280w\" sizes=\"auto, (max-width: 473px) 100vw, 473px\" \/><figcaption>Kokosspeck &#8211; daf\u00fcr kam kein Schwein zu Schaden!<\/figcaption><\/figure><\/div>\n\n\n\n<p>Fl\u00fcssigen Rauch bekommst Du \u00fcbrigens im Zweifelsfall im Internet. Ich habe das Gl\u00fcck, dass es hier einen toll sortierten Gew\u00fcrzh\u00e4ndler gibt, der quasi alles hat. Aber so ein Gl\u00fcck hat nicht jeder&#8230;<br><\/p>\n\n\n\n<h4 class=\"wp-block-heading\">Man nehme<\/h4>\n\n\n\n<ul class=\"wp-block-list\"><li>380 g unger\u00f6stete Kokoschips<\/li><li>4 EL Sojasauce oder Tamari<\/li><li>4 EL Ahornsirup<\/li><li>1 EL fl\u00fcssiger Rauch <\/li><li>1 kleine Knoblauchzehe, gepresst<\/li><li>3 EL Kokos\u00f6l<\/li><li>reichlich frisch gemahlener schwarzer Pfeffer <\/li><\/ul>\n\n\n\n<h4 class=\"wp-block-heading\">So geht\u2019s <\/h4>\n\n\n\n<p>Heize den Backofen auf 70 Grad Umluft vor.<\/p>\n\n\n\n<p>Die fl\u00fcssigen Zutaten und die Gew\u00fcrze miteinander verr\u00fchren. Die Kokoschips unterheben und kurz ziehen lassen. Sie nehmen so die Feuchtigkeit gut auf.<\/p>\n\n\n\n<p>Verteile die Chips auf einem Backblech und backe sie f\u00fcr 10 Minuten. Nach Ablauf der Zeit nimmst Du das Blech kurz raus, mischst die Kokoschips gut durch und verteilst wieder. Schiebe das Blech f\u00fcr weitere 10-15 Minuten in den Ofen.<\/p>\n\n\n\n<p>Bitte achte auf die Br\u00e4unung, Deine Chips d\u00fcrfen nicht zu dunkel werden! Also stelle ggf. die Temperatur etwas herunter oder nimm sie fr\u00fcher raus. Auch wichtig zu wissen: der Kokosspeck wird erst knusprig, wenn er abgek\u00fchlt ist! Also keine Sorge beim Rausholen des Blechs.<\/p>\n\n\n\n<p>Auf dem Blech abk\u00fchlen lassen und anschlie\u00dfend luftdicht verpacken.<\/p>\n\n\n\n<h4 class=\"wp-block-heading\">Das Salatdressing<\/h4>\n\n\n\n<p>&#8230;ist \u00fcbrigens ganz simpel:<\/p>\n\n\n\n<p>Vermische den Saft einer halben Zitrone mit Salz, schwarzem Pfeffer, gut 1\/4 TL Chiliflocken, einem Spritzer Reissirup (oder Honig) und 3-4 EL Raps- oder Sonnenblumen\u00f6l. <\/p>\n","protected":false},"excerpt":{"rendered":"<p>In der k\u00fchleren Jahreszeit (von kalt kann man ja speziell in diesem Winter nicht reden&#8230;) ist mein Bedarf an Salaten eher gering. Aber manchmal brauche ich was Leichtes und dann kommt dieser Salat genau richtig. Mangos und Avocados gibt es ja das ganze Jahr \u00fcber. Sie wachsen eh nicht in unseren Breitengraden und irgendwo auf der Welt wird immer geerntet. Rauke und Radieschen kommen im Winter aus dem Treibhaus. Die Klimabilanz dieses Salats ist also eher \u201egeht so\u201c. Ach? Das w\u00e4re Dir gar nicht aufgefallen?<\/p>\n","protected":false},"author":1,"featured_media":0,"comment_status":"open","ping_status":"open","sticky":false,"template":"","format":"standard","meta":{"footnotes":""},"categories":[1,30,38,31],"tags":[34,40,32,33,39,35,37,36],"class_list":["post-152","post","type-post","status-publish","format-standard","hentry","category-rezepte","category-salate","category-vegetarisch","category-zufaellig-vegan","tag-avocado","tag-kokoschips","tag-kokosspeck","tag-mango","tag-salat","tag-umami","tag-vegetarisch","tag-zufaellig-vegan"],"yoast_head":"<!-- This site is optimized with the Yoast SEO plugin v27.5 - https:\/\/yoast.com\/product\/yoast-seo-wordpress\/ -->\n<title>Avocado-Mango-Salat mit Kokosspeck - ODETTE KOCHT<\/title>\n<meta name=\"description\" content=\"Avocado-Mango-Salat ist alleine schon k\u00f6stlich. Aber das Topping mit veganem Kokosspeck hebt ihn auf ein neues Level! Salzig, s\u00fc\u00df und ganz viel umami.\" \/>\n<meta name=\"robots\" content=\"index, follow, max-snippet:-1, max-image-preview:large, max-video-preview:-1\" \/>\n<link rel=\"canonical\" href=\"https:\/\/odettekocht.de\/de\/2020\/rezepte\/avocado-mango-salat-mit-kokosspeck\/\" \/>\n<meta property=\"og:locale\" content=\"de_DE\" \/>\n<meta property=\"og:type\" content=\"article\" \/>\n<meta property=\"og:title\" content=\"Avocado-Mango-Salat mit Kokosspeck - ODETTE KOCHT\" \/>\n<meta property=\"og:description\" content=\"Avocado-Mango-Salat ist alleine schon k\u00f6stlich. Aber das Topping mit veganem Kokosspeck hebt ihn auf ein neues Level! Salzig, s\u00fc\u00df und ganz viel umami.\" \/>\n<meta property=\"og:url\" content=\"https:\/\/odettekocht.de\/de\/2020\/rezepte\/avocado-mango-salat-mit-kokosspeck\/\" \/>\n<meta property=\"og:site_name\" content=\"ODETTE KOCHT\" \/>\n<meta property=\"article:published_time\" content=\"2020-02-21T13:14:27+00:00\" \/>\n<meta property=\"article:modified_time\" content=\"2020-02-23T16:18:45+00:00\" \/>\n<meta property=\"og:image\" content=\"https:\/\/odettekocht.de\/de\/wp-content\/uploads\/2020\/02\/FD23B892-7922-494D-A27F-A687578918BD-1024x1024.jpeg\" \/>\n<meta name=\"author\" content=\"Odette\" \/>\n<meta name=\"twitter:card\" content=\"summary_large_image\" \/>\n<meta name=\"twitter:label1\" content=\"Verfasst von\" \/>\n\t<meta name=\"twitter:data1\" content=\"Odette\" \/>\n\t<meta name=\"twitter:label2\" content=\"Gesch\u00e4tzte Lesezeit\" \/>\n\t<meta name=\"twitter:data2\" content=\"2\u00a0Minuten\" \/>\n<script type=\"application\/ld+json\" class=\"yoast-schema-graph\">{\"@context\":\"https:\\\/\\\/schema.org\",\"@graph\":[{\"@type\":\"Article\",\"@id\":\"https:\\\/\\\/odettekocht.de\\\/de\\\/2020\\\/rezepte\\\/avocado-mango-salat-mit-kokosspeck\\\/#article\",\"isPartOf\":{\"@id\":\"https:\\\/\\\/odettekocht.de\\\/de\\\/2020\\\/rezepte\\\/avocado-mango-salat-mit-kokosspeck\\\/\"},\"author\":{\"name\":\"Odette\",\"@id\":\"https:\\\/\\\/odettekocht.de\\\/de\\\/#\\\/schema\\\/person\\\/a18de4234a9756c34375e14890d733f7\"},\"headline\":\"Avocado-Mango-Salat mit Kokosspeck\",\"datePublished\":\"2020-02-21T13:14:27+00:00\",\"dateModified\":\"2020-02-23T16:18:45+00:00\",\"mainEntityOfPage\":{\"@id\":\"https:\\\/\\\/odettekocht.de\\\/de\\\/2020\\\/rezepte\\\/avocado-mango-salat-mit-kokosspeck\\\/\"},\"wordCount\":426,\"commentCount\":6,\"publisher\":{\"@id\":\"https:\\\/\\\/odettekocht.de\\\/de\\\/#\\\/schema\\\/person\\\/a18de4234a9756c34375e14890d733f7\"},\"image\":{\"@id\":\"https:\\\/\\\/odettekocht.de\\\/de\\\/2020\\\/rezepte\\\/avocado-mango-salat-mit-kokosspeck\\\/#primaryimage\"},\"thumbnailUrl\":\"https:\\\/\\\/odettekocht.de\\\/de\\\/wp-content\\\/uploads\\\/2020\\\/02\\\/FD23B892-7922-494D-A27F-A687578918BD-1024x1024.jpeg\",\"keywords\":[\"Avocado\",\"Kokoschips\",\"Kokosspeck\",\"Mango\",\"Salat\",\"umami\",\"vegetarisch\",\"zuf\u00e4llig vegan\"],\"articleSection\":[\"Rezepte\",\"Salate\",\"Vegetarisch\",\"zuf\u00e4llig vegan\"],\"inLanguage\":\"de\",\"potentialAction\":[{\"@type\":\"CommentAction\",\"name\":\"Comment\",\"target\":[\"https:\\\/\\\/odettekocht.de\\\/de\\\/2020\\\/rezepte\\\/avocado-mango-salat-mit-kokosspeck\\\/#respond\"]}]},{\"@type\":\"WebPage\",\"@id\":\"https:\\\/\\\/odettekocht.de\\\/de\\\/2020\\\/rezepte\\\/avocado-mango-salat-mit-kokosspeck\\\/\",\"url\":\"https:\\\/\\\/odettekocht.de\\\/de\\\/2020\\\/rezepte\\\/avocado-mango-salat-mit-kokosspeck\\\/\",\"name\":\"Avocado-Mango-Salat mit Kokosspeck - ODETTE KOCHT\",\"isPartOf\":{\"@id\":\"https:\\\/\\\/odettekocht.de\\\/de\\\/#website\"},\"primaryImageOfPage\":{\"@id\":\"https:\\\/\\\/odettekocht.de\\\/de\\\/2020\\\/rezepte\\\/avocado-mango-salat-mit-kokosspeck\\\/#primaryimage\"},\"image\":{\"@id\":\"https:\\\/\\\/odettekocht.de\\\/de\\\/2020\\\/rezepte\\\/avocado-mango-salat-mit-kokosspeck\\\/#primaryimage\"},\"thumbnailUrl\":\"https:\\\/\\\/odettekocht.de\\\/de\\\/wp-content\\\/uploads\\\/2020\\\/02\\\/FD23B892-7922-494D-A27F-A687578918BD-1024x1024.jpeg\",\"datePublished\":\"2020-02-21T13:14:27+00:00\",\"dateModified\":\"2020-02-23T16:18:45+00:00\",\"description\":\"Avocado-Mango-Salat ist alleine schon k\u00f6stlich. Aber das Topping mit veganem Kokosspeck hebt ihn auf ein neues Level! Salzig, s\u00fc\u00df und ganz viel umami.\",\"breadcrumb\":{\"@id\":\"https:\\\/\\\/odettekocht.de\\\/de\\\/2020\\\/rezepte\\\/avocado-mango-salat-mit-kokosspeck\\\/#breadcrumb\"},\"inLanguage\":\"de\",\"potentialAction\":[{\"@type\":\"ReadAction\",\"target\":[\"https:\\\/\\\/odettekocht.de\\\/de\\\/2020\\\/rezepte\\\/avocado-mango-salat-mit-kokosspeck\\\/\"]}]},{\"@type\":\"ImageObject\",\"inLanguage\":\"de\",\"@id\":\"https:\\\/\\\/odettekocht.de\\\/de\\\/2020\\\/rezepte\\\/avocado-mango-salat-mit-kokosspeck\\\/#primaryimage\",\"url\":\"https:\\\/\\\/odettekocht.de\\\/de\\\/wp-content\\\/uploads\\\/2020\\\/02\\\/FD23B892-7922-494D-A27F-A687578918BD-1024x1024.jpeg\",\"contentUrl\":\"https:\\\/\\\/odettekocht.de\\\/de\\\/wp-content\\\/uploads\\\/2020\\\/02\\\/FD23B892-7922-494D-A27F-A687578918BD-1024x1024.jpeg\"},{\"@type\":\"BreadcrumbList\",\"@id\":\"https:\\\/\\\/odettekocht.de\\\/de\\\/2020\\\/rezepte\\\/avocado-mango-salat-mit-kokosspeck\\\/#breadcrumb\",\"itemListElement\":[{\"@type\":\"ListItem\",\"position\":1,\"name\":\"Startseite\",\"item\":\"https:\\\/\\\/odettekocht.de\\\/de\\\/\"},{\"@type\":\"ListItem\",\"position\":2,\"name\":\"Avocado-Mango-Salat mit Kokosspeck\"}]},{\"@type\":\"WebSite\",\"@id\":\"https:\\\/\\\/odettekocht.de\\\/de\\\/#website\",\"url\":\"https:\\\/\\\/odettekocht.de\\\/de\\\/\",\"name\":\"ODETTE KOCHT\",\"description\":\"QUERBEET | KREATIV | NEUGIERIG\",\"publisher\":{\"@id\":\"https:\\\/\\\/odettekocht.de\\\/de\\\/#\\\/schema\\\/person\\\/a18de4234a9756c34375e14890d733f7\"},\"potentialAction\":[{\"@type\":\"SearchAction\",\"target\":{\"@type\":\"EntryPoint\",\"urlTemplate\":\"https:\\\/\\\/odettekocht.de\\\/de\\\/?s={search_term_string}\"},\"query-input\":{\"@type\":\"PropertyValueSpecification\",\"valueRequired\":true,\"valueName\":\"search_term_string\"}}],\"inLanguage\":\"de\"},{\"@type\":[\"Person\",\"Organization\"],\"@id\":\"https:\\\/\\\/odettekocht.de\\\/de\\\/#\\\/schema\\\/person\\\/a18de4234a9756c34375e14890d733f7\",\"name\":\"Odette\",\"logo\":{\"@id\":\"https:\\\/\\\/odettekocht.de\\\/de\\\/#\\\/schema\\\/person\\\/image\\\/\"}}]}<\/script>\n<!-- \/ Yoast SEO plugin. -->","yoast_head_json":{"title":"Avocado-Mango-Salat mit Kokosspeck - ODETTE KOCHT","description":"Avocado-Mango-Salat ist alleine schon k\u00f6stlich. Aber das Topping mit veganem Kokosspeck hebt ihn auf ein neues Level! Salzig, s\u00fc\u00df und ganz viel umami.","robots":{"index":"index","follow":"follow","max-snippet":"max-snippet:-1","max-image-preview":"max-image-preview:large","max-video-preview":"max-video-preview:-1"},"canonical":"https:\/\/odettekocht.de\/de\/2020\/rezepte\/avocado-mango-salat-mit-kokosspeck\/","og_locale":"de_DE","og_type":"article","og_title":"Avocado-Mango-Salat mit Kokosspeck - ODETTE KOCHT","og_description":"Avocado-Mango-Salat ist alleine schon k\u00f6stlich. Aber das Topping mit veganem Kokosspeck hebt ihn auf ein neues Level! Salzig, s\u00fc\u00df und ganz viel umami.","og_url":"https:\/\/odettekocht.de\/de\/2020\/rezepte\/avocado-mango-salat-mit-kokosspeck\/","og_site_name":"ODETTE KOCHT","article_published_time":"2020-02-21T13:14:27+00:00","article_modified_time":"2020-02-23T16:18:45+00:00","og_image":[{"url":"https:\/\/odettekocht.de\/de\/wp-content\/uploads\/2020\/02\/FD23B892-7922-494D-A27F-A687578918BD-1024x1024.jpeg","type":"","width":"","height":""}],"author":"Odette","twitter_card":"summary_large_image","twitter_misc":{"Verfasst von":"Odette","Gesch\u00e4tzte Lesezeit":"2\u00a0Minuten"},"schema":{"@context":"https:\/\/schema.org","@graph":[{"@type":"Article","@id":"https:\/\/odettekocht.de\/de\/2020\/rezepte\/avocado-mango-salat-mit-kokosspeck\/#article","isPartOf":{"@id":"https:\/\/odettekocht.de\/de\/2020\/rezepte\/avocado-mango-salat-mit-kokosspeck\/"},"author":{"name":"Odette","@id":"https:\/\/odettekocht.de\/de\/#\/schema\/person\/a18de4234a9756c34375e14890d733f7"},"headline":"Avocado-Mango-Salat mit Kokosspeck","datePublished":"2020-02-21T13:14:27+00:00","dateModified":"2020-02-23T16:18:45+00:00","mainEntityOfPage":{"@id":"https:\/\/odettekocht.de\/de\/2020\/rezepte\/avocado-mango-salat-mit-kokosspeck\/"},"wordCount":426,"commentCount":6,"publisher":{"@id":"https:\/\/odettekocht.de\/de\/#\/schema\/person\/a18de4234a9756c34375e14890d733f7"},"image":{"@id":"https:\/\/odettekocht.de\/de\/2020\/rezepte\/avocado-mango-salat-mit-kokosspeck\/#primaryimage"},"thumbnailUrl":"https:\/\/odettekocht.de\/de\/wp-content\/uploads\/2020\/02\/FD23B892-7922-494D-A27F-A687578918BD-1024x1024.jpeg","keywords":["Avocado","Kokoschips","Kokosspeck","Mango","Salat","umami","vegetarisch","zuf\u00e4llig vegan"],"articleSection":["Rezepte","Salate","Vegetarisch","zuf\u00e4llig vegan"],"inLanguage":"de","potentialAction":[{"@type":"CommentAction","name":"Comment","target":["https:\/\/odettekocht.de\/de\/2020\/rezepte\/avocado-mango-salat-mit-kokosspeck\/#respond"]}]},{"@type":"WebPage","@id":"https:\/\/odettekocht.de\/de\/2020\/rezepte\/avocado-mango-salat-mit-kokosspeck\/","url":"https:\/\/odettekocht.de\/de\/2020\/rezepte\/avocado-mango-salat-mit-kokosspeck\/","name":"Avocado-Mango-Salat mit Kokosspeck - ODETTE KOCHT","isPartOf":{"@id":"https:\/\/odettekocht.de\/de\/#website"},"primaryImageOfPage":{"@id":"https:\/\/odettekocht.de\/de\/2020\/rezepte\/avocado-mango-salat-mit-kokosspeck\/#primaryimage"},"image":{"@id":"https:\/\/odettekocht.de\/de\/2020\/rezepte\/avocado-mango-salat-mit-kokosspeck\/#primaryimage"},"thumbnailUrl":"https:\/\/odettekocht.de\/de\/wp-content\/uploads\/2020\/02\/FD23B892-7922-494D-A27F-A687578918BD-1024x1024.jpeg","datePublished":"2020-02-21T13:14:27+00:00","dateModified":"2020-02-23T16:18:45+00:00","description":"Avocado-Mango-Salat ist alleine schon k\u00f6stlich. Aber das Topping mit veganem Kokosspeck hebt ihn auf ein neues Level! Salzig, s\u00fc\u00df und ganz viel umami.","breadcrumb":{"@id":"https:\/\/odettekocht.de\/de\/2020\/rezepte\/avocado-mango-salat-mit-kokosspeck\/#breadcrumb"},"inLanguage":"de","potentialAction":[{"@type":"ReadAction","target":["https:\/\/odettekocht.de\/de\/2020\/rezepte\/avocado-mango-salat-mit-kokosspeck\/"]}]},{"@type":"ImageObject","inLanguage":"de","@id":"https:\/\/odettekocht.de\/de\/2020\/rezepte\/avocado-mango-salat-mit-kokosspeck\/#primaryimage","url":"https:\/\/odettekocht.de\/de\/wp-content\/uploads\/2020\/02\/FD23B892-7922-494D-A27F-A687578918BD-1024x1024.jpeg","contentUrl":"https:\/\/odettekocht.de\/de\/wp-content\/uploads\/2020\/02\/FD23B892-7922-494D-A27F-A687578918BD-1024x1024.jpeg"},{"@type":"BreadcrumbList","@id":"https:\/\/odettekocht.de\/de\/2020\/rezepte\/avocado-mango-salat-mit-kokosspeck\/#breadcrumb","itemListElement":[{"@type":"ListItem","position":1,"name":"Startseite","item":"https:\/\/odettekocht.de\/de\/"},{"@type":"ListItem","position":2,"name":"Avocado-Mango-Salat mit Kokosspeck"}]},{"@type":"WebSite","@id":"https:\/\/odettekocht.de\/de\/#website","url":"https:\/\/odettekocht.de\/de\/","name":"ODETTE KOCHT","description":"QUERBEET | KREATIV | NEUGIERIG","publisher":{"@id":"https:\/\/odettekocht.de\/de\/#\/schema\/person\/a18de4234a9756c34375e14890d733f7"},"potentialAction":[{"@type":"SearchAction","target":{"@type":"EntryPoint","urlTemplate":"https:\/\/odettekocht.de\/de\/?s={search_term_string}"},"query-input":{"@type":"PropertyValueSpecification","valueRequired":true,"valueName":"search_term_string"}}],"inLanguage":"de"},{"@type":["Person","Organization"],"@id":"https:\/\/odettekocht.de\/de\/#\/schema\/person\/a18de4234a9756c34375e14890d733f7","name":"Odette","logo":{"@id":"https:\/\/odettekocht.de\/de\/#\/schema\/person\/image\/"}}]}},"acf":[],"_links":{"self":[{"href":"https:\/\/odettekocht.de\/de\/wp-json\/wp\/v2\/posts\/152","targetHints":{"allow":["GET"]}}],"collection":[{"href":"https:\/\/odettekocht.de\/de\/wp-json\/wp\/v2\/posts"}],"about":[{"href":"https:\/\/odettekocht.de\/de\/wp-json\/wp\/v2\/types\/post"}],"author":[{"embeddable":true,"href":"https:\/\/odettekocht.de\/de\/wp-json\/wp\/v2\/users\/1"}],"replies":[{"embeddable":true,"href":"https:\/\/odettekocht.de\/de\/wp-json\/wp\/v2\/comments?post=152"}],"version-history":[{"count":7,"href":"https:\/\/odettekocht.de\/de\/wp-json\/wp\/v2\/posts\/152\/revisions"}],"predecessor-version":[{"id":166,"href":"https:\/\/odettekocht.de\/de\/wp-json\/wp\/v2\/posts\/152\/revisions\/166"}],"wp:attachment":[{"href":"https:\/\/odettekocht.de\/de\/wp-json\/wp\/v2\/media?parent=152"}],"wp:term":[{"taxonomy":"category","embeddable":true,"href":"https:\/\/odettekocht.de\/de\/wp-json\/wp\/v2\/categories?post=152"},{"taxonomy":"post_tag","embeddable":true,"href":"https:\/\/odettekocht.de\/de\/wp-json\/wp\/v2\/tags?post=152"}],"curies":[{"name":"wp","href":"https:\/\/api.w.org\/{rel}","templated":true}]}}