{"id":1550,"date":"2023-07-09T09:43:49","date_gmt":"2023-07-09T07:43:49","guid":{"rendered":"https:\/\/odettekocht.de\/de\/?p=1550"},"modified":"2023-07-09T09:43:50","modified_gmt":"2023-07-09T07:43:50","slug":"geschmorter-fenchel-in-senfsahne","status":"publish","type":"post","link":"https:\/\/odettekocht.de\/de\/2023\/rezepte\/geschmorter-fenchel-in-senfsahne\/","title":{"rendered":"Geschmorter Fenchel in Senfsahne"},"content":{"rendered":"\n<figure class=\"wp-block-image size-large\"><img loading=\"lazy\" decoding=\"async\" width=\"768\" height=\"1024\" src=\"https:\/\/odettekocht.de\/de\/wp-content\/uploads\/2023\/07\/FC878131-9F07-4084-B6D1-9A4B467B3000-768x1024.jpeg\" alt=\"Blick von oben in eine Pfanne mit geschmortem Fenchel in Senfsahne. Bestreut mit gehacktem Ei, Schnittlauch und Fenchelgr\u00fcn.\" class=\"wp-image-1551\" srcset=\"https:\/\/odettekocht.de\/de\/wp-content\/uploads\/2023\/07\/FC878131-9F07-4084-B6D1-9A4B467B3000-768x1024.jpeg 768w, https:\/\/odettekocht.de\/de\/wp-content\/uploads\/2023\/07\/FC878131-9F07-4084-B6D1-9A4B467B3000-225x300.jpeg 225w, https:\/\/odettekocht.de\/de\/wp-content\/uploads\/2023\/07\/FC878131-9F07-4084-B6D1-9A4B467B3000-1152x1536.jpeg 1152w, https:\/\/odettekocht.de\/de\/wp-content\/uploads\/2023\/07\/FC878131-9F07-4084-B6D1-9A4B467B3000-1536x2048.jpeg 1536w, https:\/\/odettekocht.de\/de\/wp-content\/uploads\/2023\/07\/FC878131-9F07-4084-B6D1-9A4B467B3000-1140x1520.jpeg 1140w, https:\/\/odettekocht.de\/de\/wp-content\/uploads\/2023\/07\/FC878131-9F07-4084-B6D1-9A4B467B3000-1320x1760.jpeg 1320w, https:\/\/odettekocht.de\/de\/wp-content\/uploads\/2023\/07\/FC878131-9F07-4084-B6D1-9A4B467B3000-scaled.jpeg 1920w\" sizes=\"auto, (max-width: 768px) 100vw, 768px\" \/><\/figure>\n\n\n\n<p>Wo sind meine Fenchelliebhaber*innen? Ich wei\u00df, Fenchel gibt\u2018s hier gerade wieder \u00f6fter. Irgendwie habe ich zeitweilig vergessen, dass der nicht nur als <strong><a href=\"https:\/\/odettekocht.de\/de\/2020\/rezepte\/blutorangen-fenchel-salat-mit-burrata\/\">Salat<\/a><\/strong> k\u00f6stlich schmeckt (im Moment aufgrund der Jahreszeit und meiner neuerdings erworbenen Histaminabbaust\u00f6rung ohne Orangen), sondern dass er auch warm eine Option ist. Zum Beispiel als Mafioso auf <strong><a href=\"https:\/\/odettekocht.de\/de\/2023\/rezepte\/sizilianische-pasta-mit-fenchel-und-knusprigen-broeseln\/\">sizilianischer Pasta<\/a><\/strong>. Oder eben wie hier, angebraten und dann in (nat\u00fcrlich histaminfreiem) Wei\u00dfwein, Senf und Sahne langsam geschmort. Mit viel Schnittlauch, Fenchelgr\u00fcn und gehacktem Ei bestreut. Wie so oft, nachl\u00e4ssig f\u00fcr <strong><a href=\"https:\/\/www.instagram.com\/odettekocht\/\">Instagram<\/a><\/strong> fotografiert und dann einen \u00dcberraschungserfolg gelandet. So viele wollten das Rezept. Here you go!<\/p>\n\n\n\n<!--more-->\n\n\n\n<p>Dieses Gericht ist ein uraltes Rezept der Zeitschrift <strong><a href=\"https:\/\/www.essen-und-trinken.de\/\">essen &amp; trinken<\/a><\/strong>, das ich schon seit fast 30 Jahren (manchmal erschrecke ich mich selbst) koche. Beziehungsweise die ersten 20 Jahre regelm\u00e4\u00dfig gekocht habe und die letzten 10 Jahre aus den Augen verloren habe, weil ich gef\u00fchlt (der beste Mann von allen w\u00fcrde behaupten, nicht nur gef\u00fchlt) jede Woche zwei neue Kochb\u00fccher gekauft habe und es so viele spannende neue Rezepte gab, die ausprobiert werden wollten. Jetzt, wo ich aufgrund meiner Histaminose (siehe die letzten paar Blogbeitr\u00e4ge, falls Du neu hier bist) eingeschr\u00e4nkter in meiner Ern\u00e4hrung bin, besinne ich mich wieder auf die guten alten Klassiker.<\/p>\n\n\n\n<p>Dadurch, dass bestimmte Lebensmittel f\u00fcr mich im Moment einfach wegfallen, ist meine K\u00fcche deutlich weniger experimentell geworden; der Mann ist begeistert! Ich lese immer noch sehr gerne Kochb\u00fccher, kann aber in der Regel 2\/3 der Rezepte direkt streichen, weil sie Zutaten erfordern, die ich nicht essen sollte. Von dem restlichen Drittel bleibt wiederum ein Drittel an Rezepten, die ich so, 1:1, \u00fcbernehmen k\u00f6nnte. Und den Rest kann ich zumindest so abwandeln, dass die Idee erhalten bleibt, ich aber die Zutaten austauschen kann, die f\u00fcr mich nicht gehen. Insgesamt ist das sicherlich so manches Mal frustrierend, auf der anderen Seite habe ich mich ziemlich gut mit meinem Schicksal arrangiert. Und es geht ja aufw\u00e4rts!<\/p>\n\n\n\n<p>So, zur\u00fcck zum Fenchel. Ich erinnere mich, dieses Gericht vor vielen Jahren gekocht zu haben, als eine meiner liebsten Freundinnen zuf\u00e4llig vorbeikam, als das Essen fertig war. Damals war sie noch in der \u201eich glaube ich mag keinen Fenchel\u201c-Fraktion. Sie probierte und war begeistert. Also falls Du Fenchel auch eigentlich nicht magst (und trotzdem bis hierhin gelesen hast, danke daf\u00fcr!), gibst Du diesem Rezept vielleicht trotzdem eine Chance. Die Menge reicht f\u00fcr zwei Personen und es bleibt eine kleine Portion f\u00fcr den n\u00e4chsten Tag \u00fcbrig. Sehr praktisch. Dazu gibt es bei uns immer Kartoffelp\u00fcree.<\/p>\n\n\n\n<h3 class=\"wp-block-heading\">Man nehme<\/h3>\n\n\n\n<ul class=\"wp-block-list\">\n<li>2 Fenchelknollen, geviertelt und das Gr\u00fcn beiseite gelegt<\/li>\n\n\n\n<li>Oliven\u00f6l<\/li>\n\n\n\n<li>2 Eier, hartgekocht, abgek\u00fchlt und kleingehackt <\/li>\n\n\n\n<li>1\/8 l Wei\u00dfwein (im Internet findest Du Anbieter f\u00fcr histaminfreien Wein)<\/li>\n\n\n\n<li>1 Becher Sahne<\/li>\n\n\n\n<li>1-2 EL k\u00f6rnigen Senf<\/li>\n\n\n\n<li>1 TL Zucker<\/li>\n\n\n\n<li>Salz und schwarzer Pfeffer aus der M\u00fchle <\/li>\n\n\n\n<li>etwas Saucenbinder (ich verwende ca. 1\/2 TL Flohsamenschalen zum Andicken der Sauce; bitte vorsichtig dosieren, damit Du keinen Pudding bekommst!)<\/li>\n\n\n\n<li>1 Bund Schnittlauch in R\u00f6llchen<\/li>\n\n\n\n<li>Kartoffeln als Beilage<\/li>\n<\/ul>\n\n\n\n<h3 class=\"wp-block-heading\">So geht\u2018s<\/h3>\n\n\n\n<p>Du brauchst eine Schmorpfanne mit Deckel. Gib etwas Oliven\u00f6l in die Pfanne und brate die Fenchelst\u00fccke rundherum an, so dass sie etwas Farbe annehmen. Dabei salzen.<\/p>\n\n\n\n<p>Mit Wei\u00dfwein und Sahne abl\u00f6schen, den Senf dazugeben, kurz verr\u00fchren, den Deckel auflegen und 20 Minuten bei niedriger Temperatur schmoren lassen.<\/p>\n\n\n\n<p>Parallel dazu kochst Du die Kartoffeln und bereitest das Kartoffelp\u00fcree zu.<\/p>\n\n\n\n<p>Die Sauce abschmecken und den Saucenbinder einstreuen. Nochmal kurz aufkochen lassen (das ist bei Flohsamenschalen nicht n\u00f6tig).<\/p>\n\n\n\n<p>Mit Schnittlauchr\u00f6llchen, Fenchelgr\u00fcn und gehacktem Ei bestreut in der Pfanne servieren. Dazu das Kartoffelp\u00fcree.<\/p>\n\n\n\n<p>Lass es Dir schmecken!<\/p>\n\n\n\n<div style=\"height:47px\" aria-hidden=\"true\" class=\"wp-block-spacer\"><\/div>\n\n\n\n<p><em>Dieser Beitrag enth\u00e4lt Marken-, Menschen-, Orts- und Produktnennungen sowie Verlinkungen. Dies gilt nach derzeitiger Rechtslage als Werbung und somit kennzeichne ich diesen Beitrag als WERBUNG. Dennoch gilt: Alle hier genannten Produkte, Marken, Menschen oder Orte sind als pers\u00f6nliche und unentgeltliche Empfehlung zu betrachten! Jede bezahlte Kooperation wird immer als solche gekennzeichnet.<\/em><\/p>\n","protected":false},"excerpt":{"rendered":"<p>Wo sind meine Fenchelliebhaber*innen? Ich wei\u00df, Fenchel gibt\u2018s hier gerade wieder \u00f6fter. Irgendwie habe ich zeitweilig vergessen, dass der nicht nur als Salat k\u00f6stlich schmeckt (im Moment aufgrund der Jahreszeit und meiner neuerdings erworbenen Histaminabbaust\u00f6rung ohne Orangen), sondern dass er auch warm eine Option ist. Zum Beispiel als Mafioso auf sizilianischer Pasta. Oder eben wie hier, angebraten und dann in (nat\u00fcrlich histaminfreiem) Wei\u00dfwein, Senf und Sahne langsam geschmort. Mit viel Schnittlauch, Fenchelgr\u00fcn und gehacktem Ei bestreut. Wie so oft, nachl\u00e4ssig f\u00fcr Instagram fotografiert und dann einen \u00dcberraschungserfolg gelandet. So viele wollten das Rezept. Here you go!<\/p>\n","protected":false},"author":1,"featured_media":0,"comment_status":"open","ping_status":"open","sticky":false,"template":"","format":"standard","meta":{"footnotes":""},"categories":[222,1,38],"tags":[57,335,336,337,37],"class_list":["post-1550","post","type-post","status-publish","format-standard","hentry","category-gemuese","category-rezepte","category-vegetarisch","tag-fenchel","tag-histaminarm","tag-histaminarme-rezepte","tag-histaminintoleranz","tag-vegetarisch"],"yoast_head":"<!-- This site is optimized with the Yoast SEO plugin v27.5 - https:\/\/yoast.com\/product\/yoast-seo-wordpress\/ -->\n<title>Geschmorter Fenchel in Senfsahne - ODETTE KOCHT<\/title>\n<meta name=\"description\" content=\"Du liebst Fenchel? Ich hab da mal was vorbereitet... Fenchel in Senfsahne geschmort und mit gehacktem Ei bestreut. Dazu Kartoffelp\u00fcree. So gut!\" \/>\n<meta name=\"robots\" content=\"index, follow, max-snippet:-1, max-image-preview:large, max-video-preview:-1\" \/>\n<link rel=\"canonical\" href=\"https:\/\/odettekocht.de\/de\/2023\/rezepte\/geschmorter-fenchel-in-senfsahne\/\" \/>\n<meta property=\"og:locale\" content=\"de_DE\" \/>\n<meta property=\"og:type\" content=\"article\" \/>\n<meta property=\"og:title\" content=\"Geschmorter Fenchel in Senfsahne - ODETTE KOCHT\" \/>\n<meta property=\"og:description\" content=\"Du liebst Fenchel? Ich hab da mal was vorbereitet... Fenchel in Senfsahne geschmort und mit gehacktem Ei bestreut. Dazu Kartoffelp\u00fcree. So gut!\" \/>\n<meta property=\"og:url\" content=\"https:\/\/odettekocht.de\/de\/2023\/rezepte\/geschmorter-fenchel-in-senfsahne\/\" \/>\n<meta property=\"og:site_name\" content=\"ODETTE KOCHT\" \/>\n<meta property=\"article:published_time\" content=\"2023-07-09T07:43:49+00:00\" \/>\n<meta property=\"article:modified_time\" content=\"2023-07-09T07:43:50+00:00\" \/>\n<meta property=\"og:image\" content=\"https:\/\/odettekocht.de\/de\/wp-content\/uploads\/2023\/07\/FC878131-9F07-4084-B6D1-9A4B467B3000-768x1024.jpeg\" \/>\n<meta name=\"author\" content=\"Odette\" \/>\n<meta name=\"twitter:card\" content=\"summary_large_image\" \/>\n<meta name=\"twitter:label1\" content=\"Verfasst von\" \/>\n\t<meta name=\"twitter:data1\" content=\"Odette\" \/>\n\t<meta name=\"twitter:label2\" content=\"Gesch\u00e4tzte Lesezeit\" \/>\n\t<meta name=\"twitter:data2\" content=\"4\u00a0Minuten\" \/>\n<script type=\"application\/ld+json\" class=\"yoast-schema-graph\">{\"@context\":\"https:\\\/\\\/schema.org\",\"@graph\":[{\"@type\":\"Article\",\"@id\":\"https:\\\/\\\/odettekocht.de\\\/de\\\/2023\\\/rezepte\\\/geschmorter-fenchel-in-senfsahne\\\/#article\",\"isPartOf\":{\"@id\":\"https:\\\/\\\/odettekocht.de\\\/de\\\/2023\\\/rezepte\\\/geschmorter-fenchel-in-senfsahne\\\/\"},\"author\":{\"name\":\"Odette\",\"@id\":\"https:\\\/\\\/odettekocht.de\\\/de\\\/#\\\/schema\\\/person\\\/a18de4234a9756c34375e14890d733f7\"},\"headline\":\"Geschmorter Fenchel in Senfsahne\",\"datePublished\":\"2023-07-09T07:43:49+00:00\",\"dateModified\":\"2023-07-09T07:43:50+00:00\",\"mainEntityOfPage\":{\"@id\":\"https:\\\/\\\/odettekocht.de\\\/de\\\/2023\\\/rezepte\\\/geschmorter-fenchel-in-senfsahne\\\/\"},\"wordCount\":669,\"commentCount\":7,\"publisher\":{\"@id\":\"https:\\\/\\\/odettekocht.de\\\/de\\\/#\\\/schema\\\/person\\\/a18de4234a9756c34375e14890d733f7\"},\"image\":{\"@id\":\"https:\\\/\\\/odettekocht.de\\\/de\\\/2023\\\/rezepte\\\/geschmorter-fenchel-in-senfsahne\\\/#primaryimage\"},\"thumbnailUrl\":\"https:\\\/\\\/odettekocht.de\\\/de\\\/wp-content\\\/uploads\\\/2023\\\/07\\\/FC878131-9F07-4084-B6D1-9A4B467B3000-768x1024.jpeg\",\"keywords\":[\"Fenchel\",\"Histaminarm\",\"histaminarme Rezepte\",\"Histaminintoleranz\",\"vegetarisch\"],\"articleSection\":[\"Gem\u00fcse\",\"Rezepte\",\"Vegetarisch\"],\"inLanguage\":\"de\",\"potentialAction\":[{\"@type\":\"CommentAction\",\"name\":\"Comment\",\"target\":[\"https:\\\/\\\/odettekocht.de\\\/de\\\/2023\\\/rezepte\\\/geschmorter-fenchel-in-senfsahne\\\/#respond\"]}]},{\"@type\":\"WebPage\",\"@id\":\"https:\\\/\\\/odettekocht.de\\\/de\\\/2023\\\/rezepte\\\/geschmorter-fenchel-in-senfsahne\\\/\",\"url\":\"https:\\\/\\\/odettekocht.de\\\/de\\\/2023\\\/rezepte\\\/geschmorter-fenchel-in-senfsahne\\\/\",\"name\":\"Geschmorter Fenchel in Senfsahne - ODETTE KOCHT\",\"isPartOf\":{\"@id\":\"https:\\\/\\\/odettekocht.de\\\/de\\\/#website\"},\"primaryImageOfPage\":{\"@id\":\"https:\\\/\\\/odettekocht.de\\\/de\\\/2023\\\/rezepte\\\/geschmorter-fenchel-in-senfsahne\\\/#primaryimage\"},\"image\":{\"@id\":\"https:\\\/\\\/odettekocht.de\\\/de\\\/2023\\\/rezepte\\\/geschmorter-fenchel-in-senfsahne\\\/#primaryimage\"},\"thumbnailUrl\":\"https:\\\/\\\/odettekocht.de\\\/de\\\/wp-content\\\/uploads\\\/2023\\\/07\\\/FC878131-9F07-4084-B6D1-9A4B467B3000-768x1024.jpeg\",\"datePublished\":\"2023-07-09T07:43:49+00:00\",\"dateModified\":\"2023-07-09T07:43:50+00:00\",\"description\":\"Du liebst Fenchel? Ich hab da mal was vorbereitet... Fenchel in Senfsahne geschmort und mit gehacktem Ei bestreut. Dazu Kartoffelp\u00fcree. So gut!\",\"breadcrumb\":{\"@id\":\"https:\\\/\\\/odettekocht.de\\\/de\\\/2023\\\/rezepte\\\/geschmorter-fenchel-in-senfsahne\\\/#breadcrumb\"},\"inLanguage\":\"de\",\"potentialAction\":[{\"@type\":\"ReadAction\",\"target\":[\"https:\\\/\\\/odettekocht.de\\\/de\\\/2023\\\/rezepte\\\/geschmorter-fenchel-in-senfsahne\\\/\"]}]},{\"@type\":\"ImageObject\",\"inLanguage\":\"de\",\"@id\":\"https:\\\/\\\/odettekocht.de\\\/de\\\/2023\\\/rezepte\\\/geschmorter-fenchel-in-senfsahne\\\/#primaryimage\",\"url\":\"https:\\\/\\\/odettekocht.de\\\/de\\\/wp-content\\\/uploads\\\/2023\\\/07\\\/FC878131-9F07-4084-B6D1-9A4B467B3000-768x1024.jpeg\",\"contentUrl\":\"https:\\\/\\\/odettekocht.de\\\/de\\\/wp-content\\\/uploads\\\/2023\\\/07\\\/FC878131-9F07-4084-B6D1-9A4B467B3000-768x1024.jpeg\"},{\"@type\":\"BreadcrumbList\",\"@id\":\"https:\\\/\\\/odettekocht.de\\\/de\\\/2023\\\/rezepte\\\/geschmorter-fenchel-in-senfsahne\\\/#breadcrumb\",\"itemListElement\":[{\"@type\":\"ListItem\",\"position\":1,\"name\":\"Startseite\",\"item\":\"https:\\\/\\\/odettekocht.de\\\/de\\\/\"},{\"@type\":\"ListItem\",\"position\":2,\"name\":\"Geschmorter Fenchel in Senfsahne\"}]},{\"@type\":\"WebSite\",\"@id\":\"https:\\\/\\\/odettekocht.de\\\/de\\\/#website\",\"url\":\"https:\\\/\\\/odettekocht.de\\\/de\\\/\",\"name\":\"ODETTE KOCHT\",\"description\":\"QUERBEET | KREATIV | NEUGIERIG\",\"publisher\":{\"@id\":\"https:\\\/\\\/odettekocht.de\\\/de\\\/#\\\/schema\\\/person\\\/a18de4234a9756c34375e14890d733f7\"},\"potentialAction\":[{\"@type\":\"SearchAction\",\"target\":{\"@type\":\"EntryPoint\",\"urlTemplate\":\"https:\\\/\\\/odettekocht.de\\\/de\\\/?s={search_term_string}\"},\"query-input\":{\"@type\":\"PropertyValueSpecification\",\"valueRequired\":true,\"valueName\":\"search_term_string\"}}],\"inLanguage\":\"de\"},{\"@type\":[\"Person\",\"Organization\"],\"@id\":\"https:\\\/\\\/odettekocht.de\\\/de\\\/#\\\/schema\\\/person\\\/a18de4234a9756c34375e14890d733f7\",\"name\":\"Odette\",\"logo\":{\"@id\":\"https:\\\/\\\/odettekocht.de\\\/de\\\/#\\\/schema\\\/person\\\/image\\\/\"}}]}<\/script>\n<!-- \/ Yoast SEO plugin. -->","yoast_head_json":{"title":"Geschmorter Fenchel in Senfsahne - ODETTE KOCHT","description":"Du liebst Fenchel? Ich hab da mal was vorbereitet... Fenchel in Senfsahne geschmort und mit gehacktem Ei bestreut. Dazu Kartoffelp\u00fcree. So gut!","robots":{"index":"index","follow":"follow","max-snippet":"max-snippet:-1","max-image-preview":"max-image-preview:large","max-video-preview":"max-video-preview:-1"},"canonical":"https:\/\/odettekocht.de\/de\/2023\/rezepte\/geschmorter-fenchel-in-senfsahne\/","og_locale":"de_DE","og_type":"article","og_title":"Geschmorter Fenchel in Senfsahne - ODETTE KOCHT","og_description":"Du liebst Fenchel? Ich hab da mal was vorbereitet... Fenchel in Senfsahne geschmort und mit gehacktem Ei bestreut. Dazu Kartoffelp\u00fcree. So gut!","og_url":"https:\/\/odettekocht.de\/de\/2023\/rezepte\/geschmorter-fenchel-in-senfsahne\/","og_site_name":"ODETTE KOCHT","article_published_time":"2023-07-09T07:43:49+00:00","article_modified_time":"2023-07-09T07:43:50+00:00","og_image":[{"url":"https:\/\/odettekocht.de\/de\/wp-content\/uploads\/2023\/07\/FC878131-9F07-4084-B6D1-9A4B467B3000-768x1024.jpeg","type":"","width":"","height":""}],"author":"Odette","twitter_card":"summary_large_image","twitter_misc":{"Verfasst von":"Odette","Gesch\u00e4tzte Lesezeit":"4\u00a0Minuten"},"schema":{"@context":"https:\/\/schema.org","@graph":[{"@type":"Article","@id":"https:\/\/odettekocht.de\/de\/2023\/rezepte\/geschmorter-fenchel-in-senfsahne\/#article","isPartOf":{"@id":"https:\/\/odettekocht.de\/de\/2023\/rezepte\/geschmorter-fenchel-in-senfsahne\/"},"author":{"name":"Odette","@id":"https:\/\/odettekocht.de\/de\/#\/schema\/person\/a18de4234a9756c34375e14890d733f7"},"headline":"Geschmorter Fenchel in Senfsahne","datePublished":"2023-07-09T07:43:49+00:00","dateModified":"2023-07-09T07:43:50+00:00","mainEntityOfPage":{"@id":"https:\/\/odettekocht.de\/de\/2023\/rezepte\/geschmorter-fenchel-in-senfsahne\/"},"wordCount":669,"commentCount":7,"publisher":{"@id":"https:\/\/odettekocht.de\/de\/#\/schema\/person\/a18de4234a9756c34375e14890d733f7"},"image":{"@id":"https:\/\/odettekocht.de\/de\/2023\/rezepte\/geschmorter-fenchel-in-senfsahne\/#primaryimage"},"thumbnailUrl":"https:\/\/odettekocht.de\/de\/wp-content\/uploads\/2023\/07\/FC878131-9F07-4084-B6D1-9A4B467B3000-768x1024.jpeg","keywords":["Fenchel","Histaminarm","histaminarme Rezepte","Histaminintoleranz","vegetarisch"],"articleSection":["Gem\u00fcse","Rezepte","Vegetarisch"],"inLanguage":"de","potentialAction":[{"@type":"CommentAction","name":"Comment","target":["https:\/\/odettekocht.de\/de\/2023\/rezepte\/geschmorter-fenchel-in-senfsahne\/#respond"]}]},{"@type":"WebPage","@id":"https:\/\/odettekocht.de\/de\/2023\/rezepte\/geschmorter-fenchel-in-senfsahne\/","url":"https:\/\/odettekocht.de\/de\/2023\/rezepte\/geschmorter-fenchel-in-senfsahne\/","name":"Geschmorter Fenchel in Senfsahne - ODETTE KOCHT","isPartOf":{"@id":"https:\/\/odettekocht.de\/de\/#website"},"primaryImageOfPage":{"@id":"https:\/\/odettekocht.de\/de\/2023\/rezepte\/geschmorter-fenchel-in-senfsahne\/#primaryimage"},"image":{"@id":"https:\/\/odettekocht.de\/de\/2023\/rezepte\/geschmorter-fenchel-in-senfsahne\/#primaryimage"},"thumbnailUrl":"https:\/\/odettekocht.de\/de\/wp-content\/uploads\/2023\/07\/FC878131-9F07-4084-B6D1-9A4B467B3000-768x1024.jpeg","datePublished":"2023-07-09T07:43:49+00:00","dateModified":"2023-07-09T07:43:50+00:00","description":"Du liebst Fenchel? Ich hab da mal was vorbereitet... Fenchel in Senfsahne geschmort und mit gehacktem Ei bestreut. Dazu Kartoffelp\u00fcree. So gut!","breadcrumb":{"@id":"https:\/\/odettekocht.de\/de\/2023\/rezepte\/geschmorter-fenchel-in-senfsahne\/#breadcrumb"},"inLanguage":"de","potentialAction":[{"@type":"ReadAction","target":["https:\/\/odettekocht.de\/de\/2023\/rezepte\/geschmorter-fenchel-in-senfsahne\/"]}]},{"@type":"ImageObject","inLanguage":"de","@id":"https:\/\/odettekocht.de\/de\/2023\/rezepte\/geschmorter-fenchel-in-senfsahne\/#primaryimage","url":"https:\/\/odettekocht.de\/de\/wp-content\/uploads\/2023\/07\/FC878131-9F07-4084-B6D1-9A4B467B3000-768x1024.jpeg","contentUrl":"https:\/\/odettekocht.de\/de\/wp-content\/uploads\/2023\/07\/FC878131-9F07-4084-B6D1-9A4B467B3000-768x1024.jpeg"},{"@type":"BreadcrumbList","@id":"https:\/\/odettekocht.de\/de\/2023\/rezepte\/geschmorter-fenchel-in-senfsahne\/#breadcrumb","itemListElement":[{"@type":"ListItem","position":1,"name":"Startseite","item":"https:\/\/odettekocht.de\/de\/"},{"@type":"ListItem","position":2,"name":"Geschmorter Fenchel in Senfsahne"}]},{"@type":"WebSite","@id":"https:\/\/odettekocht.de\/de\/#website","url":"https:\/\/odettekocht.de\/de\/","name":"ODETTE KOCHT","description":"QUERBEET | KREATIV | NEUGIERIG","publisher":{"@id":"https:\/\/odettekocht.de\/de\/#\/schema\/person\/a18de4234a9756c34375e14890d733f7"},"potentialAction":[{"@type":"SearchAction","target":{"@type":"EntryPoint","urlTemplate":"https:\/\/odettekocht.de\/de\/?s={search_term_string}"},"query-input":{"@type":"PropertyValueSpecification","valueRequired":true,"valueName":"search_term_string"}}],"inLanguage":"de"},{"@type":["Person","Organization"],"@id":"https:\/\/odettekocht.de\/de\/#\/schema\/person\/a18de4234a9756c34375e14890d733f7","name":"Odette","logo":{"@id":"https:\/\/odettekocht.de\/de\/#\/schema\/person\/image\/"}}]}},"acf":[],"_links":{"self":[{"href":"https:\/\/odettekocht.de\/de\/wp-json\/wp\/v2\/posts\/1550","targetHints":{"allow":["GET"]}}],"collection":[{"href":"https:\/\/odettekocht.de\/de\/wp-json\/wp\/v2\/posts"}],"about":[{"href":"https:\/\/odettekocht.de\/de\/wp-json\/wp\/v2\/types\/post"}],"author":[{"embeddable":true,"href":"https:\/\/odettekocht.de\/de\/wp-json\/wp\/v2\/users\/1"}],"replies":[{"embeddable":true,"href":"https:\/\/odettekocht.de\/de\/wp-json\/wp\/v2\/comments?post=1550"}],"version-history":[{"count":4,"href":"https:\/\/odettekocht.de\/de\/wp-json\/wp\/v2\/posts\/1550\/revisions"}],"predecessor-version":[{"id":1555,"href":"https:\/\/odettekocht.de\/de\/wp-json\/wp\/v2\/posts\/1550\/revisions\/1555"}],"wp:attachment":[{"href":"https:\/\/odettekocht.de\/de\/wp-json\/wp\/v2\/media?parent=1550"}],"wp:term":[{"taxonomy":"category","embeddable":true,"href":"https:\/\/odettekocht.de\/de\/wp-json\/wp\/v2\/categories?post=1550"},{"taxonomy":"post_tag","embeddable":true,"href":"https:\/\/odettekocht.de\/de\/wp-json\/wp\/v2\/tags?post=1550"}],"curies":[{"name":"wp","href":"https:\/\/api.w.org\/{rel}","templated":true}]}}