{"id":1658,"date":"2024-03-17T07:00:00","date_gmt":"2024-03-17T06:00:00","guid":{"rendered":"https:\/\/odettekocht.de\/de\/?p=1658"},"modified":"2024-03-16T19:47:55","modified_gmt":"2024-03-16T18:47:55","slug":"gruenkohl-kartoffel-curry-mit-senf-spiegelei","status":"publish","type":"post","link":"https:\/\/odettekocht.de\/de\/2024\/rezepte\/gruenkohl-kartoffel-curry-mit-senf-spiegelei\/","title":{"rendered":"Gr\u00fcnkohl-Kartoffel-Curry mit Senf-Spiegelei"},"content":{"rendered":"<div class=\"wp-block-image\">\n<figure class=\"aligncenter size-large is-resized\"><img loading=\"lazy\" decoding=\"async\" width=\"768\" height=\"1024\" src=\"https:\/\/odettekocht.de\/de\/wp-content\/uploads\/2024\/03\/IMG_2636-768x1024.jpeg\" alt=\"Ein schwarzer Teller auf schwarzem Untergrund. Darauf eine Portion Gr\u00fcnkohl-Kartoffel-Curry mit Senf-Spiegelei.\" class=\"wp-image-1659\" style=\"width:810px;height:auto\" srcset=\"https:\/\/odettekocht.de\/de\/wp-content\/uploads\/2024\/03\/IMG_2636-768x1024.jpeg 768w, https:\/\/odettekocht.de\/de\/wp-content\/uploads\/2024\/03\/IMG_2636-225x300.jpeg 225w, https:\/\/odettekocht.de\/de\/wp-content\/uploads\/2024\/03\/IMG_2636-1152x1536.jpeg 1152w, https:\/\/odettekocht.de\/de\/wp-content\/uploads\/2024\/03\/IMG_2636-1536x2048.jpeg 1536w, https:\/\/odettekocht.de\/de\/wp-content\/uploads\/2024\/03\/IMG_2636-1140x1520.jpeg 1140w, https:\/\/odettekocht.de\/de\/wp-content\/uploads\/2024\/03\/IMG_2636-1320x1760.jpeg 1320w, https:\/\/odettekocht.de\/de\/wp-content\/uploads\/2024\/03\/IMG_2636-scaled.jpeg 1920w\" sizes=\"auto, (max-width: 768px) 100vw, 768px\" \/><\/figure>\n<\/div>\n\n\n<p>Long time no hear. Hier ist es gerade mal wieder seeehr ruhig, aber vielleicht bist Du ja auch ganz froh und dankbar, nicht alle 14 Tage mit einem neuen Beitrag von mir versorgt zu werden. Denn ich hoffe ja, dass Du meine Beitr\u00e4ge auch liest und nicht nur zum Rezept scrollst. Was nat\u00fcrlich auch irgendwie in Ordnung w\u00e4re &#8211; allerdings verpasst Du dann vielleicht das Beste. Zumindest bem\u00fche ich mich immer um gute Unterhaltung und unn\u00fctzes Wissen. Und dann begl\u00fccke ich Dich heute mit einem Beitrag, der vom Timing eventuell ein M\u00fc besser sein k\u00f6nnte. So posten meine Bloggerkolleg*innen gerade flei\u00dfig Ostergeb\u00e4ck und Fr\u00fchlingsgerichte und ich komme mit einem Gr\u00fcnkohlgericht um die Ecke, wo die Saison doch nun wirklich langsam vorbei ist. Sowas passiert, wenn man die letzte T\u00fcte TK-Gr\u00fcnkohl aus der K\u00fchltruhe haben will. Vielleicht schlummert bei Dir ja auch noch eine?<\/p>\n\n\n\n<!--more-->\n\n\n\n<p>Der Grund f\u00fcr meine lange Sendepause ist \u00fcbrigens ein Cockerspaniel-Welpe; er hei\u00dft Othello und ist mittlerweile fast 13 Wochen alt. Aber vielleicht fange ich einfach mal von vorne an.<\/p>\n\n\n\n<p>Seit der beste Mann von allen und ich in mein ehemaliges Elternhaus umgezogen sind (<strong><a href=\"https:\/\/odettekocht.de\/de\/2022\/rezepte\/haehnchenschenkel-mit-lauch-und-weintrauben\/\">hier<\/a><\/strong> mehr dazu), reden wir \u00fcber einen Hund. Also, wir haben auch vorher schon mal \u00fcber Hunde geredet, aber nicht ernsthaft. Ein Hund in der zweiten Etage einer Wohnung in der Innenstadt war f\u00fcr uns keine Option. Auch wenn die Kinder sich sehnlichst einen gew\u00fcnscht haben, was zu einer ziemlich lustigen Situation f\u00fchrte: Auf die Frage, warum wir keinen Hund kriegen, antwortete ich meiner damals vielleicht 5- oder 6-j\u00e4hrigen Tochter, dass wir, wenn Oma und Opa mal nicht mehr leben, in das Haus mit Garten ziehen k\u00f6nnten und dann w\u00e4re ein guter Zeitpunkt f\u00fcr einen Hund. Was dazu f\u00fchrte, dass die Tochter beim n\u00e4chsten Besuch bei den Gro\u00dfeltern fragte: \u201eOma, wann sterbt ihr?\u201c &#8211; \u201eWarum?\u201c &#8211; \u201eWeil &#8211; dann kriegen wir einen Hund!\u201c. Nun ja, wir durften meine Eltern trotzdem weiterhin besuchen.<\/p>\n\n\n\n<p>Jetzt waren wir also im Haus mit Garten, die Kinder inzwischen erwachsen. Also w\u00e4re doch jetzt ein guter Zeitpunkt? Oder doch noch nicht? Wir sind beide berufst\u00e4tig mit zumindest tempor\u00e4rer Anwesenheitspflicht im B\u00fcro. Und welch vielf\u00e4ltige Einschr\u00e4nkungen bringt ein Hund mit sich? Sind wir daf\u00fcr wirklich bereit? Wir haben das Ganze vor und zur\u00fcck und nochmal von vorne diskutiert. Mehr als einmal. Aber mit dem richtigen Zeitpunkt f\u00fcr einen Hund ist es \u00e4hnlich wie mit dem richtigen Zeitpunkt f\u00fcr ein Baby. Es gibt ihn nicht. Und manchmal entscheidet das Schicksal f\u00fcr einen\u2026<\/p>\n\n\n\n<p>Unser Schicksal hei\u00dft Julia und ich bin ihr super dankbar, dass sie mir diese Anzeige weiterleitete und somit die Dinge ihren Lauf nahmen:<\/p>\n\n\n<div class=\"wp-block-image\">\n<figure class=\"aligncenter size-large is-resized\"><img loading=\"lazy\" decoding=\"async\" width=\"474\" height=\"1024\" src=\"https:\/\/odettekocht.de\/de\/wp-content\/uploads\/2024\/03\/1c9859ad-1600-4b30-836a-51d921ed84ae-474x1024.jpeg\" alt=\"Screenshot eines Facebook Aufrufs, dass Cocker Welpen ein Zuhause suchen.\" class=\"wp-image-1660\" style=\"width:497px;height:auto\" srcset=\"https:\/\/odettekocht.de\/de\/wp-content\/uploads\/2024\/03\/1c9859ad-1600-4b30-836a-51d921ed84ae-474x1024.jpeg 474w, https:\/\/odettekocht.de\/de\/wp-content\/uploads\/2024\/03\/1c9859ad-1600-4b30-836a-51d921ed84ae-139x300.jpeg 139w, https:\/\/odettekocht.de\/de\/wp-content\/uploads\/2024\/03\/1c9859ad-1600-4b30-836a-51d921ed84ae-710x1536.jpeg 710w, https:\/\/odettekocht.de\/de\/wp-content\/uploads\/2024\/03\/1c9859ad-1600-4b30-836a-51d921ed84ae.jpeg 740w\" sizes=\"auto, (max-width: 474px) 100vw, 474px\" \/><\/figure>\n<\/div>\n\n\n<p>Ich war schockverliebt! Othellos Blick traf mich sofort in mein Herz und mein Blick traf den Mann ins Herz. Und obwohl wir noch am Nachmittag im Brustton der \u00dcberzeugung verk\u00fcndet hatten, dass wir vorerst keinen Hund bekommen, haben wir spontan das Verr\u00fcckteste und Beste \u00fcberhaupt getan und uns um Othello beworben. Wenn das jetzt so sein soll, dann ist das so. Und wenn nicht, dann eben nicht. Tja, offensichtlich sollte es so sein.<\/p>\n\n\n\n<p>Pl\u00f6tzlich ging alles sehr schnell. Innerhalb von 5 Tagen wurden wir auf Herz und Nieren gepr\u00fcft, unser Heim wurde begutachtet und f\u00fcr w\u00fcrdig befunden. Wir bekamen die Zusage und konnten Othello schon 14 Tage sp\u00e4ter, im Alter von 9 Wochen, abholen. Muss ich erw\u00e4hnen, wie viele schlaflose N\u00e4chte ich hatte, hin- und hergerissen zwischen absoluter Panik (oh mein Gott, wir sind v\u00f6llig wahnsinnig, worauf lassen wir uns da ein?!) und gro\u00dfer Vorfreude? <\/p>\n\n\n<div class=\"wp-block-image\">\n<figure class=\"aligncenter size-large is-resized\"><img loading=\"lazy\" decoding=\"async\" width=\"768\" height=\"1024\" src=\"https:\/\/odettekocht.de\/de\/wp-content\/uploads\/2024\/03\/IMG_1493-768x1024.jpeg\" alt=\"Der kleine schwarze Cocker Welpe Othello in seinem blau-wei\u00df gestreiften Autositz. Guckt sehr s\u00fc\u00df.\" class=\"wp-image-1661\" style=\"width:768px;height:auto\" srcset=\"https:\/\/odettekocht.de\/de\/wp-content\/uploads\/2024\/03\/IMG_1493-768x1024.jpeg 768w, https:\/\/odettekocht.de\/de\/wp-content\/uploads\/2024\/03\/IMG_1493-225x300.jpeg 225w, https:\/\/odettekocht.de\/de\/wp-content\/uploads\/2024\/03\/IMG_1493-1152x1536.jpeg 1152w, https:\/\/odettekocht.de\/de\/wp-content\/uploads\/2024\/03\/IMG_1493-1536x2048.jpeg 1536w, https:\/\/odettekocht.de\/de\/wp-content\/uploads\/2024\/03\/IMG_1493-1140x1520.jpeg 1140w, https:\/\/odettekocht.de\/de\/wp-content\/uploads\/2024\/03\/IMG_1493-1320x1760.jpeg 1320w, https:\/\/odettekocht.de\/de\/wp-content\/uploads\/2024\/03\/IMG_1493-scaled.jpeg 1920w\" sizes=\"auto, (max-width: 768px) 100vw, 768px\" \/><figcaption class=\"wp-element-caption\">Auf der R\u00fcckfahrt ins neue Zuhause<\/figcaption><\/figure>\n<\/div>\n\n\n<p>Seit wir Othello in Ostfriesland abgeholt haben, hat der kleine Kerl unser Leben ganz sch\u00f6n auf den Kopf gestellt. Genauso, wie ein Baby das auch tut. Aber man wirft sich ein bisschen ahnungslos und todesmutig in dieses Abenteuer rein und stellt fest, dass es \u00fcberraschend gut l\u00e4uft und dass es f\u00fcr jede Fragestellung eine L\u00f6sung gibt. Dass man gemeinsam viel lernt. Dass man ganz schnell zusammenw\u00e4chst und auch miteinander w\u00e4chst. Und das macht unglaublichen Spa\u00df und ist sehr bereichernd. <\/p>\n\n\n<div class=\"wp-block-image\">\n<figure class=\"aligncenter size-large\"><img loading=\"lazy\" decoding=\"async\" width=\"768\" height=\"1024\" src=\"https:\/\/odettekocht.de\/de\/wp-content\/uploads\/2024\/03\/IMG_1932-768x1024.jpeg\" alt=\"Welpe Othello sitzt auf hellblauem Teppich und guckt s\u00fc\u00df.\" class=\"wp-image-1663\" srcset=\"https:\/\/odettekocht.de\/de\/wp-content\/uploads\/2024\/03\/IMG_1932-768x1024.jpeg 768w, https:\/\/odettekocht.de\/de\/wp-content\/uploads\/2024\/03\/IMG_1932-225x300.jpeg 225w, https:\/\/odettekocht.de\/de\/wp-content\/uploads\/2024\/03\/IMG_1932-1152x1536.jpeg 1152w, https:\/\/odettekocht.de\/de\/wp-content\/uploads\/2024\/03\/IMG_1932-1536x2048.jpeg 1536w, https:\/\/odettekocht.de\/de\/wp-content\/uploads\/2024\/03\/IMG_1932-1140x1520.jpeg 1140w, https:\/\/odettekocht.de\/de\/wp-content\/uploads\/2024\/03\/IMG_1932-1320x1760.jpeg 1320w, https:\/\/odettekocht.de\/de\/wp-content\/uploads\/2024\/03\/IMG_1932-scaled.jpeg 1920w\" sizes=\"auto, (max-width: 768px) 100vw, 768px\" \/><figcaption class=\"wp-element-caption\">3 Wochen sp\u00e4ter ist Othello schon ganz sch\u00f6n gewachsen, aber s\u00fc\u00df gucken kann er immer noch.<\/figcaption><\/figure>\n<\/div>\n\n\n<h2 class=\"wp-block-heading\">Warum wir aber eigentlich hier zusammengekommen sind:<\/h2>\n\n\n\n<p>Wir wollten \u00fcber das Gr\u00fcnkohl-Kartoffel-Curry mit Senf-Spiegelei reden, gell? Das so gar nichts mit dem klassischen Gr\u00fcnkohl mit Mettwurst, so, wie man das im Rheinland kennt und liebt, zu tun hat. Daher ist dieses Gr\u00fcnkohl-Curry viel weniger winterlich und kann durchaus auch im M\u00e4rz oder April noch schmecken. Da Du eh TK-Gr\u00fcnkohl ben\u00f6tigst, bist Du gl\u00fccklicherweise v\u00f6llig unabh\u00e4ngig von irgendwelchen saisonalen Verf\u00fcgbarkeiten. Und seit \u201eKale\u201c seinen Siegeszug durch Social Media angetreten hat, isst man den Hipster-Bruder des Gr\u00fcnkohls sowieso ganzj\u00e4hrig.<\/p>\n\n\n\n<p>Der Clou auf diesem ohnehin schon leckeren Curry ist aber das Senf-Spiegelei. Das k\u00f6nnte ich mir auch in anderem Zusammenhang, z.B. ganz wunderbar auf einem St\u00fcck Leberk\u00e4s vorstellen. Nur mal so als Anregung.<\/p>\n\n\n\n<p>Das Rezept reicht f\u00fcr 4 Personen. Man k\u00f6nnte die Menge auch anpassen, aber der Beutel Gr\u00fcnkohl sollte weg und wir haben das dann einfach an zwei Tagen gegessen. Wenn man einen Welpen hat, ist man manchmal froh, nicht jeden Tag kochen zu m\u00fcssen.<\/p>\n\n\n\n<h3 class=\"wp-block-heading\">Man nehme<\/h3>\n\n\n\n<ul class=\"wp-block-list\">\n<li>500 g Kartoffeln in kleinen St\u00fccken<\/li>\n\n\n\n<li>750 g TK Gr\u00fcnkohl <\/li>\n\n\n\n<li>1 wei\u00dfe Zwiebel, gew\u00fcrfelt<\/li>\n\n\n\n<li>1 Dose Kokosmilch<\/li>\n\n\n\n<li>2 EL gelbe Currypaste (diese Sorte ist mild und die findest Du mittlerweile in jedem Supermarkt)<\/li>\n\n\n\n<li>4 Eier (Bio bitte!)<\/li>\n\n\n\n<li>4 EL k\u00f6rnigen Senf<\/li>\n\n\n\n<li>neutrales \u00d6l, z.B. Raps\u00f6l<\/li>\n\n\n\n<li>Salz und schwarzer Pfeffer aus der M\u00fchle <\/li>\n<\/ul>\n\n\n\n<h3 class=\"wp-block-heading\">So geht\u2018s<\/h3>\n\n\n\n<p>Erhitze 1-2 EL \u00d6l in einer hohen Pfanne und d\u00fcnste die Zwiebel bei mittlerer Temperatur glasig an. Salzen. Gib dann die Kartoffelst\u00fccke zu und brate sie kurz an.<\/p>\n\n\n\n<p>F\u00fcge die Currypaste zu und vermische alles gut miteinander. Dann kommt der Gr\u00fcnkohl in die Pfanne und Du gie\u00dft die Kokosmilch an. Je nachdem wieviel Fl\u00fcssigkeit Dein TK Gr\u00fcnkohl abgibt, gare das Ganze mit oder ohne Deckel so ca. 15 &#8211; 20 Minuten. Du willst ein bisschen Sauce, aber keine Suppe.<\/p>\n\n\n\n<p>Parallel erhitzt Du etwas \u00d6l in einer zweiten Pfanne. Gib pro Ei einen Essl\u00f6ffel Senf hinein und verstreiche ihn so ungef\u00e4hr auf Spiegeleigr\u00f6\u00dfe. Setze jedes Ei auf sein Senfbett und lasse die Eier (ggf. unter Zuhilfenahme eines Deckels) kurz stocken. Vorsicht, nicht \u00fcbergaren! <\/p>\n\n\n\n<p>Gib eine Portion Gr\u00fcnkohl-Kartoffel-Curry auf jeden Teller, setze das Senf-Spiegelei darauf und mahle ein paar Umdrehungen Pfeffer dar\u00fcber.<\/p>\n\n\n\n<p>Lass es Dir schmecken!<\/p>\n","protected":false},"excerpt":{"rendered":"<p>Long time no hear. Hier ist es gerade mal wieder seeehr ruhig, aber vielleicht bist Du ja auch ganz froh und dankbar, nicht alle 14 Tage mit einem neuen Beitrag von mir versorgt zu werden. Denn ich hoffe ja, dass Du meine Beitr\u00e4ge auch liest und nicht nur zum Rezept scrollst. Was nat\u00fcrlich auch irgendwie in Ordnung w\u00e4re &#8211; allerdings verpasst Du dann vielleicht das Beste. Zumindest bem\u00fche ich mich immer um gute Unterhaltung und unn\u00fctzes Wissen. Und dann begl\u00fccke ich Dich heute mit einem Beitrag, der vom Timing eventuell ein M\u00fc besser sein k\u00f6nnte. So posten meine Bloggerkolleg*innen gerade flei\u00dfig Ostergeb\u00e4ck und Fr\u00fchlingsgerichte und ich komme mit einem Gr\u00fcnkohlgericht um die Ecke, wo die Saison doch nun wirklich langsam vorbei ist. Sowas passiert, wenn man die letzte T\u00fcte TK-Gr\u00fcnkohl aus der K\u00fchltruhe haben will. Vielleicht schlummert bei Dir ja auch noch eine?<\/p>\n","protected":false},"author":1,"featured_media":0,"comment_status":"open","ping_status":"open","sticky":false,"template":"","format":"standard","meta":{"footnotes":""},"categories":[222,1,38],"tags":[350,37],"class_list":["post-1658","post","type-post","status-publish","format-standard","hentry","category-gemuese","category-rezepte","category-vegetarisch","tag-gruenkohl","tag-vegetarisch"],"yoast_head":"<!-- This site is optimized with the Yoast SEO plugin v27.5 - https:\/\/yoast.com\/product\/yoast-seo-wordpress\/ -->\n<title>Gr\u00fcnkohl-Kartoffel-Curry mit Senf-Spiegelei - ODETTE KOCHT<\/title>\n<meta name=\"description\" content=\"Wenn Du Lust hast, Gr\u00fcnkohl mal anders zu essen, h\u00e4tte ich da was vorbereitet: Gr\u00fcnkohl-Kartoffel-Curry mit Senf-Spiegelei. Sooo lecker!\" \/>\n<meta name=\"robots\" content=\"index, follow, max-snippet:-1, max-image-preview:large, max-video-preview:-1\" \/>\n<link rel=\"canonical\" href=\"https:\/\/odettekocht.de\/de\/2024\/rezepte\/gruenkohl-kartoffel-curry-mit-senf-spiegelei\/\" \/>\n<meta property=\"og:locale\" content=\"de_DE\" \/>\n<meta property=\"og:type\" content=\"article\" \/>\n<meta property=\"og:title\" content=\"Gr\u00fcnkohl-Kartoffel-Curry mit Senf-Spiegelei - ODETTE KOCHT\" \/>\n<meta property=\"og:description\" content=\"Wenn Du Lust hast, Gr\u00fcnkohl mal anders zu essen, h\u00e4tte ich da was vorbereitet: Gr\u00fcnkohl-Kartoffel-Curry mit Senf-Spiegelei. Sooo lecker!\" \/>\n<meta property=\"og:url\" content=\"https:\/\/odettekocht.de\/de\/2024\/rezepte\/gruenkohl-kartoffel-curry-mit-senf-spiegelei\/\" \/>\n<meta property=\"og:site_name\" content=\"ODETTE KOCHT\" \/>\n<meta property=\"article:published_time\" content=\"2024-03-17T06:00:00+00:00\" \/>\n<meta property=\"og:image\" content=\"https:\/\/odettekocht.de\/de\/wp-content\/uploads\/2024\/03\/IMG_2636-768x1024.jpeg\" \/>\n<meta name=\"author\" content=\"Odette\" \/>\n<meta name=\"twitter:card\" content=\"summary_large_image\" \/>\n<meta name=\"twitter:label1\" content=\"Verfasst von\" \/>\n\t<meta name=\"twitter:data1\" content=\"Odette\" \/>\n\t<meta name=\"twitter:label2\" content=\"Gesch\u00e4tzte Lesezeit\" \/>\n\t<meta name=\"twitter:data2\" content=\"7\u00a0Minuten\" \/>\n<script type=\"application\/ld+json\" class=\"yoast-schema-graph\">{\"@context\":\"https:\\\/\\\/schema.org\",\"@graph\":[{\"@type\":\"Article\",\"@id\":\"https:\\\/\\\/odettekocht.de\\\/de\\\/2024\\\/rezepte\\\/gruenkohl-kartoffel-curry-mit-senf-spiegelei\\\/#article\",\"isPartOf\":{\"@id\":\"https:\\\/\\\/odettekocht.de\\\/de\\\/2024\\\/rezepte\\\/gruenkohl-kartoffel-curry-mit-senf-spiegelei\\\/\"},\"author\":{\"name\":\"Odette\",\"@id\":\"https:\\\/\\\/odettekocht.de\\\/de\\\/#\\\/schema\\\/person\\\/a18de4234a9756c34375e14890d733f7\"},\"headline\":\"Gr\u00fcnkohl-Kartoffel-Curry mit Senf-Spiegelei\",\"datePublished\":\"2024-03-17T06:00:00+00:00\",\"mainEntityOfPage\":{\"@id\":\"https:\\\/\\\/odettekocht.de\\\/de\\\/2024\\\/rezepte\\\/gruenkohl-kartoffel-curry-mit-senf-spiegelei\\\/\"},\"wordCount\":1130,\"commentCount\":10,\"publisher\":{\"@id\":\"https:\\\/\\\/odettekocht.de\\\/de\\\/#\\\/schema\\\/person\\\/a18de4234a9756c34375e14890d733f7\"},\"image\":{\"@id\":\"https:\\\/\\\/odettekocht.de\\\/de\\\/2024\\\/rezepte\\\/gruenkohl-kartoffel-curry-mit-senf-spiegelei\\\/#primaryimage\"},\"thumbnailUrl\":\"https:\\\/\\\/odettekocht.de\\\/de\\\/wp-content\\\/uploads\\\/2024\\\/03\\\/IMG_2636-768x1024.jpeg\",\"keywords\":[\"Gr\u00fcnkohl\",\"vegetarisch\"],\"articleSection\":[\"Gem\u00fcse\",\"Rezepte\",\"Vegetarisch\"],\"inLanguage\":\"de\",\"potentialAction\":[{\"@type\":\"CommentAction\",\"name\":\"Comment\",\"target\":[\"https:\\\/\\\/odettekocht.de\\\/de\\\/2024\\\/rezepte\\\/gruenkohl-kartoffel-curry-mit-senf-spiegelei\\\/#respond\"]}]},{\"@type\":\"WebPage\",\"@id\":\"https:\\\/\\\/odettekocht.de\\\/de\\\/2024\\\/rezepte\\\/gruenkohl-kartoffel-curry-mit-senf-spiegelei\\\/\",\"url\":\"https:\\\/\\\/odettekocht.de\\\/de\\\/2024\\\/rezepte\\\/gruenkohl-kartoffel-curry-mit-senf-spiegelei\\\/\",\"name\":\"Gr\u00fcnkohl-Kartoffel-Curry mit Senf-Spiegelei - ODETTE KOCHT\",\"isPartOf\":{\"@id\":\"https:\\\/\\\/odettekocht.de\\\/de\\\/#website\"},\"primaryImageOfPage\":{\"@id\":\"https:\\\/\\\/odettekocht.de\\\/de\\\/2024\\\/rezepte\\\/gruenkohl-kartoffel-curry-mit-senf-spiegelei\\\/#primaryimage\"},\"image\":{\"@id\":\"https:\\\/\\\/odettekocht.de\\\/de\\\/2024\\\/rezepte\\\/gruenkohl-kartoffel-curry-mit-senf-spiegelei\\\/#primaryimage\"},\"thumbnailUrl\":\"https:\\\/\\\/odettekocht.de\\\/de\\\/wp-content\\\/uploads\\\/2024\\\/03\\\/IMG_2636-768x1024.jpeg\",\"datePublished\":\"2024-03-17T06:00:00+00:00\",\"description\":\"Wenn Du Lust hast, Gr\u00fcnkohl mal anders zu essen, h\u00e4tte ich da was vorbereitet: Gr\u00fcnkohl-Kartoffel-Curry mit Senf-Spiegelei. Sooo lecker!\",\"breadcrumb\":{\"@id\":\"https:\\\/\\\/odettekocht.de\\\/de\\\/2024\\\/rezepte\\\/gruenkohl-kartoffel-curry-mit-senf-spiegelei\\\/#breadcrumb\"},\"inLanguage\":\"de\",\"potentialAction\":[{\"@type\":\"ReadAction\",\"target\":[\"https:\\\/\\\/odettekocht.de\\\/de\\\/2024\\\/rezepte\\\/gruenkohl-kartoffel-curry-mit-senf-spiegelei\\\/\"]}]},{\"@type\":\"ImageObject\",\"inLanguage\":\"de\",\"@id\":\"https:\\\/\\\/odettekocht.de\\\/de\\\/2024\\\/rezepte\\\/gruenkohl-kartoffel-curry-mit-senf-spiegelei\\\/#primaryimage\",\"url\":\"https:\\\/\\\/odettekocht.de\\\/de\\\/wp-content\\\/uploads\\\/2024\\\/03\\\/IMG_2636-scaled.jpeg\",\"contentUrl\":\"https:\\\/\\\/odettekocht.de\\\/de\\\/wp-content\\\/uploads\\\/2024\\\/03\\\/IMG_2636-scaled.jpeg\",\"width\":1920,\"height\":2560},{\"@type\":\"BreadcrumbList\",\"@id\":\"https:\\\/\\\/odettekocht.de\\\/de\\\/2024\\\/rezepte\\\/gruenkohl-kartoffel-curry-mit-senf-spiegelei\\\/#breadcrumb\",\"itemListElement\":[{\"@type\":\"ListItem\",\"position\":1,\"name\":\"Startseite\",\"item\":\"https:\\\/\\\/odettekocht.de\\\/de\\\/\"},{\"@type\":\"ListItem\",\"position\":2,\"name\":\"Gr\u00fcnkohl-Kartoffel-Curry mit Senf-Spiegelei\"}]},{\"@type\":\"WebSite\",\"@id\":\"https:\\\/\\\/odettekocht.de\\\/de\\\/#website\",\"url\":\"https:\\\/\\\/odettekocht.de\\\/de\\\/\",\"name\":\"ODETTE KOCHT\",\"description\":\"QUERBEET | KREATIV | NEUGIERIG\",\"publisher\":{\"@id\":\"https:\\\/\\\/odettekocht.de\\\/de\\\/#\\\/schema\\\/person\\\/a18de4234a9756c34375e14890d733f7\"},\"potentialAction\":[{\"@type\":\"SearchAction\",\"target\":{\"@type\":\"EntryPoint\",\"urlTemplate\":\"https:\\\/\\\/odettekocht.de\\\/de\\\/?s={search_term_string}\"},\"query-input\":{\"@type\":\"PropertyValueSpecification\",\"valueRequired\":true,\"valueName\":\"search_term_string\"}}],\"inLanguage\":\"de\"},{\"@type\":[\"Person\",\"Organization\"],\"@id\":\"https:\\\/\\\/odettekocht.de\\\/de\\\/#\\\/schema\\\/person\\\/a18de4234a9756c34375e14890d733f7\",\"name\":\"Odette\",\"logo\":{\"@id\":\"https:\\\/\\\/odettekocht.de\\\/de\\\/#\\\/schema\\\/person\\\/image\\\/\"}}]}<\/script>\n<!-- \/ Yoast SEO plugin. -->","yoast_head_json":{"title":"Gr\u00fcnkohl-Kartoffel-Curry mit Senf-Spiegelei - ODETTE KOCHT","description":"Wenn Du Lust hast, Gr\u00fcnkohl mal anders zu essen, h\u00e4tte ich da was vorbereitet: Gr\u00fcnkohl-Kartoffel-Curry mit Senf-Spiegelei. Sooo lecker!","robots":{"index":"index","follow":"follow","max-snippet":"max-snippet:-1","max-image-preview":"max-image-preview:large","max-video-preview":"max-video-preview:-1"},"canonical":"https:\/\/odettekocht.de\/de\/2024\/rezepte\/gruenkohl-kartoffel-curry-mit-senf-spiegelei\/","og_locale":"de_DE","og_type":"article","og_title":"Gr\u00fcnkohl-Kartoffel-Curry mit Senf-Spiegelei - ODETTE KOCHT","og_description":"Wenn Du Lust hast, Gr\u00fcnkohl mal anders zu essen, h\u00e4tte ich da was vorbereitet: Gr\u00fcnkohl-Kartoffel-Curry mit Senf-Spiegelei. Sooo lecker!","og_url":"https:\/\/odettekocht.de\/de\/2024\/rezepte\/gruenkohl-kartoffel-curry-mit-senf-spiegelei\/","og_site_name":"ODETTE KOCHT","article_published_time":"2024-03-17T06:00:00+00:00","og_image":[{"url":"https:\/\/odettekocht.de\/de\/wp-content\/uploads\/2024\/03\/IMG_2636-768x1024.jpeg","type":"","width":"","height":""}],"author":"Odette","twitter_card":"summary_large_image","twitter_misc":{"Verfasst von":"Odette","Gesch\u00e4tzte Lesezeit":"7\u00a0Minuten"},"schema":{"@context":"https:\/\/schema.org","@graph":[{"@type":"Article","@id":"https:\/\/odettekocht.de\/de\/2024\/rezepte\/gruenkohl-kartoffel-curry-mit-senf-spiegelei\/#article","isPartOf":{"@id":"https:\/\/odettekocht.de\/de\/2024\/rezepte\/gruenkohl-kartoffel-curry-mit-senf-spiegelei\/"},"author":{"name":"Odette","@id":"https:\/\/odettekocht.de\/de\/#\/schema\/person\/a18de4234a9756c34375e14890d733f7"},"headline":"Gr\u00fcnkohl-Kartoffel-Curry mit Senf-Spiegelei","datePublished":"2024-03-17T06:00:00+00:00","mainEntityOfPage":{"@id":"https:\/\/odettekocht.de\/de\/2024\/rezepte\/gruenkohl-kartoffel-curry-mit-senf-spiegelei\/"},"wordCount":1130,"commentCount":10,"publisher":{"@id":"https:\/\/odettekocht.de\/de\/#\/schema\/person\/a18de4234a9756c34375e14890d733f7"},"image":{"@id":"https:\/\/odettekocht.de\/de\/2024\/rezepte\/gruenkohl-kartoffel-curry-mit-senf-spiegelei\/#primaryimage"},"thumbnailUrl":"https:\/\/odettekocht.de\/de\/wp-content\/uploads\/2024\/03\/IMG_2636-768x1024.jpeg","keywords":["Gr\u00fcnkohl","vegetarisch"],"articleSection":["Gem\u00fcse","Rezepte","Vegetarisch"],"inLanguage":"de","potentialAction":[{"@type":"CommentAction","name":"Comment","target":["https:\/\/odettekocht.de\/de\/2024\/rezepte\/gruenkohl-kartoffel-curry-mit-senf-spiegelei\/#respond"]}]},{"@type":"WebPage","@id":"https:\/\/odettekocht.de\/de\/2024\/rezepte\/gruenkohl-kartoffel-curry-mit-senf-spiegelei\/","url":"https:\/\/odettekocht.de\/de\/2024\/rezepte\/gruenkohl-kartoffel-curry-mit-senf-spiegelei\/","name":"Gr\u00fcnkohl-Kartoffel-Curry mit Senf-Spiegelei - ODETTE KOCHT","isPartOf":{"@id":"https:\/\/odettekocht.de\/de\/#website"},"primaryImageOfPage":{"@id":"https:\/\/odettekocht.de\/de\/2024\/rezepte\/gruenkohl-kartoffel-curry-mit-senf-spiegelei\/#primaryimage"},"image":{"@id":"https:\/\/odettekocht.de\/de\/2024\/rezepte\/gruenkohl-kartoffel-curry-mit-senf-spiegelei\/#primaryimage"},"thumbnailUrl":"https:\/\/odettekocht.de\/de\/wp-content\/uploads\/2024\/03\/IMG_2636-768x1024.jpeg","datePublished":"2024-03-17T06:00:00+00:00","description":"Wenn Du Lust hast, Gr\u00fcnkohl mal anders zu essen, h\u00e4tte ich da was vorbereitet: Gr\u00fcnkohl-Kartoffel-Curry mit Senf-Spiegelei. Sooo lecker!","breadcrumb":{"@id":"https:\/\/odettekocht.de\/de\/2024\/rezepte\/gruenkohl-kartoffel-curry-mit-senf-spiegelei\/#breadcrumb"},"inLanguage":"de","potentialAction":[{"@type":"ReadAction","target":["https:\/\/odettekocht.de\/de\/2024\/rezepte\/gruenkohl-kartoffel-curry-mit-senf-spiegelei\/"]}]},{"@type":"ImageObject","inLanguage":"de","@id":"https:\/\/odettekocht.de\/de\/2024\/rezepte\/gruenkohl-kartoffel-curry-mit-senf-spiegelei\/#primaryimage","url":"https:\/\/odettekocht.de\/de\/wp-content\/uploads\/2024\/03\/IMG_2636-scaled.jpeg","contentUrl":"https:\/\/odettekocht.de\/de\/wp-content\/uploads\/2024\/03\/IMG_2636-scaled.jpeg","width":1920,"height":2560},{"@type":"BreadcrumbList","@id":"https:\/\/odettekocht.de\/de\/2024\/rezepte\/gruenkohl-kartoffel-curry-mit-senf-spiegelei\/#breadcrumb","itemListElement":[{"@type":"ListItem","position":1,"name":"Startseite","item":"https:\/\/odettekocht.de\/de\/"},{"@type":"ListItem","position":2,"name":"Gr\u00fcnkohl-Kartoffel-Curry mit Senf-Spiegelei"}]},{"@type":"WebSite","@id":"https:\/\/odettekocht.de\/de\/#website","url":"https:\/\/odettekocht.de\/de\/","name":"ODETTE KOCHT","description":"QUERBEET | KREATIV | NEUGIERIG","publisher":{"@id":"https:\/\/odettekocht.de\/de\/#\/schema\/person\/a18de4234a9756c34375e14890d733f7"},"potentialAction":[{"@type":"SearchAction","target":{"@type":"EntryPoint","urlTemplate":"https:\/\/odettekocht.de\/de\/?s={search_term_string}"},"query-input":{"@type":"PropertyValueSpecification","valueRequired":true,"valueName":"search_term_string"}}],"inLanguage":"de"},{"@type":["Person","Organization"],"@id":"https:\/\/odettekocht.de\/de\/#\/schema\/person\/a18de4234a9756c34375e14890d733f7","name":"Odette","logo":{"@id":"https:\/\/odettekocht.de\/de\/#\/schema\/person\/image\/"}}]}},"acf":[],"_links":{"self":[{"href":"https:\/\/odettekocht.de\/de\/wp-json\/wp\/v2\/posts\/1658","targetHints":{"allow":["GET"]}}],"collection":[{"href":"https:\/\/odettekocht.de\/de\/wp-json\/wp\/v2\/posts"}],"about":[{"href":"https:\/\/odettekocht.de\/de\/wp-json\/wp\/v2\/types\/post"}],"author":[{"embeddable":true,"href":"https:\/\/odettekocht.de\/de\/wp-json\/wp\/v2\/users\/1"}],"replies":[{"embeddable":true,"href":"https:\/\/odettekocht.de\/de\/wp-json\/wp\/v2\/comments?post=1658"}],"version-history":[{"count":13,"href":"https:\/\/odettekocht.de\/de\/wp-json\/wp\/v2\/posts\/1658\/revisions"}],"predecessor-version":[{"id":1675,"href":"https:\/\/odettekocht.de\/de\/wp-json\/wp\/v2\/posts\/1658\/revisions\/1675"}],"wp:attachment":[{"href":"https:\/\/odettekocht.de\/de\/wp-json\/wp\/v2\/media?parent=1658"}],"wp:term":[{"taxonomy":"category","embeddable":true,"href":"https:\/\/odettekocht.de\/de\/wp-json\/wp\/v2\/categories?post=1658"},{"taxonomy":"post_tag","embeddable":true,"href":"https:\/\/odettekocht.de\/de\/wp-json\/wp\/v2\/tags?post=1658"}],"curies":[{"name":"wp","href":"https:\/\/api.w.org\/{rel}","templated":true}]}}