{"id":501,"date":"2020-07-05T13:43:37","date_gmt":"2020-07-05T11:43:37","guid":{"rendered":"https:\/\/odettekocht.de\/de\/?p=501"},"modified":"2020-07-05T13:43:38","modified_gmt":"2020-07-05T11:43:38","slug":"arme-ritter","status":"publish","type":"post","link":"https:\/\/odettekocht.de\/de\/2020\/rezepte\/arme-ritter\/","title":{"rendered":"Arme Ritter"},"content":{"rendered":"\n<figure class=\"wp-block-image size-large\"><img loading=\"lazy\" decoding=\"async\" width=\"1024\" height=\"1024\" src=\"https:\/\/odettekocht.de\/de\/wp-content\/uploads\/2020\/07\/8E51DE37-E5C8-49E7-9097-7A35AC7CCC1F-1024x1024.jpeg\" alt=\"Ein pinkfarbenes Set, darauf ein wei\u00dfer Teller mit zwei Scheiben Armer Ritter, Erdbeeren und Himbeeren; bestreut mit Puderzucker. Eine altmodisch verzierte silberne Zange ragt ins Bild. Oben erahnt man eine Tasse Kaffee. Links liegt eine Pfingstrose und eine wei\u00dfe Serviette.\" class=\"wp-image-502\" srcset=\"https:\/\/odettekocht.de\/de\/wp-content\/uploads\/2020\/07\/8E51DE37-E5C8-49E7-9097-7A35AC7CCC1F-1024x1024.jpeg 1024w, https:\/\/odettekocht.de\/de\/wp-content\/uploads\/2020\/07\/8E51DE37-E5C8-49E7-9097-7A35AC7CCC1F-300x300.jpeg 300w, https:\/\/odettekocht.de\/de\/wp-content\/uploads\/2020\/07\/8E51DE37-E5C8-49E7-9097-7A35AC7CCC1F-150x150.jpeg 150w, https:\/\/odettekocht.de\/de\/wp-content\/uploads\/2020\/07\/8E51DE37-E5C8-49E7-9097-7A35AC7CCC1F-768x768.jpeg 768w, https:\/\/odettekocht.de\/de\/wp-content\/uploads\/2020\/07\/8E51DE37-E5C8-49E7-9097-7A35AC7CCC1F-1140x1140.jpeg 1140w, https:\/\/odettekocht.de\/de\/wp-content\/uploads\/2020\/07\/8E51DE37-E5C8-49E7-9097-7A35AC7CCC1F-75x75.jpeg 75w, https:\/\/odettekocht.de\/de\/wp-content\/uploads\/2020\/07\/8E51DE37-E5C8-49E7-9097-7A35AC7CCC1F.jpeg 1280w\" sizes=\"auto, (max-width: 1024px) 100vw, 1024px\" \/><\/figure>\n\n\n\n<p>Lebensmittelverschwendung ist in den letzten Jahren ja ein gro\u00dfes Thema geworden. Zu Recht, denn jeder Deutsche wirft pro Jahr ca. 75 Kilo Lebensmittel in den M\u00fcll! Jeder Deutsche! 75 Kilo! Das muss man sich mal auf der Zunge zergehen lassen.<\/p>\n\n\n\n<!--more-->\n\n\n\n<p>Nat\u00fcrlich betrifft das nicht nur die Lebensmittel in Deinem pers\u00f6nlichen K\u00fchlschrank oder Deiner Vorratskammer. Das Ganze f\u00e4ngt schon auf dem Acker an, wo Gem\u00fcse aussortiert wird, das nicht irgendwelchen EU-Normen entspricht. Dann \u00fcberstehen empfindliche Obst- und Gem\u00fcsesorten den oft langen Weg vom Feld in den Supermarkt nicht. Wenn sie heil dort angekommen sind, k\u00f6nnen viele Produkte nicht rechtzeitig verkauft werden, weil einfach viel zu viel produziert wird. Sie verderben noch im Laden oder werden aussortiert, weil das Mindesthaltbarkeitsdatum bald abl\u00e4uft oder schon abgelaufen ist.<\/p>\n\n\n\n<p>Und jetzt kommen wir langsam zu Dir und mir. Ich muss zugeben: auch ich entsorge ab und zu Lebensmittel. Wobei ich sagen muss, dass ich Mindesthaltbarkeitsdaten sehr frei auslege und mich da absolut auf meine Sinne verlasse. Sieht das Produkt noch gut aus? Riecht es noch gut? Beides mit Ja beantwortet? Super! Im Zweifelsfall probiere ich eine Messerspitze voll. Das Mindesthaltbarkeitsdatum sagt n\u00e4mlich genau das aus: Ohne Qualit\u00e4tsverluste <em>mindestens <\/em>haltbar bis&#8230; . Aber viele Lebensmittel sind auch Tage, Wochen oder gar Monate nach Ablauf des Datums noch gut und lecker! Also vertrau Deinen Sinnen! Das gilt \u00fcbrigens <em>nicht <\/em>f\u00fcr Produkte mit dem \u201eZu verbrauchen bis&#8230;\u201c-Hinweis. Der findet sich auf frischen Lebensmitteln wie z.B. Fisch oder Fleisch. Hier machst Du bitte keine Experimente!<\/p>\n\n\n\n<p>Wenn Du noch viel mehr zum Thema lesen willst und ein paar Ideen brauchst, welchen Beitrag Du pers\u00f6nlich leisten kannst, um weniger Lebensmittel zu verschwenden, dann schau einfach mal bei der <strong><a href=\"https:\/\/www.verbraucherzentrale.de\/wissen\/lebensmittel\/auswaehlen-zubereiten-aufbewahren\/lebensmittel-zwischen-wertschaetzung-und-verschwendung-6462\">Verbraucherzentrale<\/a><\/strong> vorbei. Die haben das Thema toll aufbereitet!<\/p>\n\n\n\n<p>Ich bem\u00fche mich jedenfalls schon seit ein paar Jahren darum, weniger Lebensmittel wegzuwerfen. Das gelingt mal mehr, mal weniger gut. H\u00fcstel. Aber ich bem\u00fche mich wirklich! Wie <strong><a href=\"https:\/\/odettekocht.de\/de\/2020\/rezepte\/fleischsalat\/\">hier<\/a><\/strong> schon geschrieben, sind meine Eltern im Krieg aufgewachsen und wussten, was Hunger bedeutet. Das hei\u00dft, dass ich mit der Wertsch\u00e4tzung von Lebensmitteln gro\u00df geworden bin. Andererseits gab (und gibt) es seit Jahrzehnten Lebensmittel in H\u00fclle und F\u00fclle, so dass man sich als junger Mensch schon fragt, warum man das alte Brot erst aufessen soll, bevor der frische Laib angeschnitten werden darf.<\/p>\n\n\n\n<p>Gerade Brotreste schmei\u00dfe ich oft weg. Altbackenes Brot l\u00e4sst sich ein paar Tage super toasten (wir essen <em>sehr viel <\/em>getoastetes Brot), aber irgendwann ist der \u201eBreak Even Point\u201c erreicht. Und so viel Paniermehl oder Cro\u00fbtons braucht kein Mensch. Aber was bei mir nie im M\u00fcll landet, ist Hefezopf oder Stuten, wie man im Rheinland sagt. Ein s\u00fc\u00dfes Hefebrot. Je nach Region hat das Kind ja einen anderen Namen, wie hei\u00dft das bei Dir?<\/p>\n\n\n\n<p>Stuten schmeckt am allerbesten ganz frisch. Fluffig muss er sein. An Tag zwei ist er schon nicht mehr ganz so geil aber immer noch okay. An Tag drei ist er leider nur noch \u201edr\u00fcsch\u201c, das hei\u00dft trocken, und nicht mehr lecker. Aber dann schl\u00e4gt seine gro\u00dfe Stunde! Denn bei jedem Stuten-Kauf plane ich Arme Ritter quasi schon mit ein! Die adeln jedes Fr\u00fchst\u00fcck und man hat nie den Eindruck, freudlose Reste essen zu m\u00fcssen. Selbst wenn der Stuten schon eine Woche alt ist (und einigerma\u00dfen gut verpackt war): Das Rezept funktioniert immer und schmeckt k\u00f6stlich. Das ist pers\u00f6nlich mehrfach getestet und bewiesen. Und super schnell gemacht sind Arme Ritter auch noch! <br><\/p>\n\n\n\n<h4 class=\"wp-block-heading\">Man nehme<\/h4>\n\n\n\n<ul class=\"wp-block-list\"><li>4 dicke Scheiben altbackenen Stuten oder Hefezopf<\/li><li>2 Eier<\/li><li>60 ml Milch (von der Kuh oder Mandel- oder Kokosmilch)<\/li><li>ein bisschen Vanille (1\/4 Stange frische Vanille, ausgekratzt, oder 1-2 TL als Sirup, Extrakt oder Zucker &#8211; v\u00f6llig egal. Nimm, was Du da hast!)<\/li><li>1 EL Ghee (Butterschmalz, das liefert tollen Buttergeschmack, ohne beim Braten zu verbrennen)<\/li><li>Puderzucker<\/li><li>frische Fr\u00fcchte oder Kompott<\/li><\/ul>\n\n\n\n<h4 class=\"wp-block-heading\">So geht\u2019s <\/h4>\n\n\n\n<p>Verquirle die Eier mit der Milch und der Vanille in einer flachen Form. Du brauchst hier tats\u00e4chlich keinen Zucker, es sei denn, Du hast nur Vanillezucker da und verwendest den. Aber der Stuten ist ja schon leicht s\u00fc\u00df und hinterher kommt Puderzucker drauf, das reicht v\u00f6llig!<\/p>\n\n\n\n<p>Lege die vier Hefebrotscheiben in die Eiermilch und lasse sie einweichen. Nach ein paar Minuten wenden. Die Fl\u00fcssigkeit sollte m\u00f6glichst komplett aufgenommen sein.<\/p>\n\n\n\n<p>Zerlasse das Ghee oder Butterschmalz in einer gro\u00dfen Pfanne. Brate die eingeweichten Scheiben bei mittlerer Temperatur von beiden Seiten goldbraun.<\/p>\n\n\n\n<p>Anschlie\u00dfend mit Puderzucker best\u00e4uben und noch warm mit frischen Fr\u00fcchten oder einem Kompott servieren.<\/p>\n","protected":false},"excerpt":{"rendered":"<p>Lebensmittelverschwendung ist in den letzten Jahren ja ein gro\u00dfes Thema geworden. Zu Recht, denn jeder Deutsche wirft pro Jahr ca. 75 Kilo Lebensmittel in den M\u00fcll! Jeder Deutsche! 75 Kilo! Das muss man sich mal auf der Zunge zergehen lassen.<\/p>\n","protected":false},"author":1,"featured_media":0,"comment_status":"open","ping_status":"open","sticky":false,"template":"","format":"standard","meta":{"footnotes":""},"categories":[95,12,1],"tags":[156,6,155,157,158,154],"class_list":["post-501","post","type-post","status-publish","format-standard","hentry","category-desserts-und-suesses","category-fruehstueck-2","category-rezepte","tag-fruechte","tag-fruehstueck","tag-hefezopf","tag-kompott","tag-resteverwertung","tag-stuten"],"yoast_head":"<!-- This site is optimized with the Yoast SEO plugin v27.5 - https:\/\/yoast.com\/product\/yoast-seo-wordpress\/ -->\n<title>Arme Ritter - ODETTE KOCHT<\/title>\n<meta name=\"description\" content=\"Fr\u00fcher ein Arme-Leute-Essen, heute der Gipfel der Nachhaltigkeit: Arme Ritter. Resteverwertung der leckersten Art und nebenbei ein tolles Fr\u00fchst\u00fcck!\" \/>\n<meta name=\"robots\" content=\"index, follow, max-snippet:-1, max-image-preview:large, max-video-preview:-1\" \/>\n<link rel=\"canonical\" href=\"https:\/\/odettekocht.de\/de\/2020\/rezepte\/arme-ritter\/\" \/>\n<meta property=\"og:locale\" content=\"de_DE\" \/>\n<meta property=\"og:type\" content=\"article\" \/>\n<meta property=\"og:title\" content=\"Arme Ritter - ODETTE KOCHT\" \/>\n<meta property=\"og:description\" content=\"Fr\u00fcher ein Arme-Leute-Essen, heute der Gipfel der Nachhaltigkeit: Arme Ritter. Resteverwertung der leckersten Art und nebenbei ein tolles Fr\u00fchst\u00fcck!\" \/>\n<meta property=\"og:url\" content=\"https:\/\/odettekocht.de\/de\/2020\/rezepte\/arme-ritter\/\" \/>\n<meta property=\"og:site_name\" content=\"ODETTE KOCHT\" \/>\n<meta property=\"article:published_time\" content=\"2020-07-05T11:43:37+00:00\" \/>\n<meta property=\"article:modified_time\" content=\"2020-07-05T11:43:38+00:00\" \/>\n<meta property=\"og:image\" content=\"https:\/\/odettekocht.de\/de\/wp-content\/uploads\/2020\/07\/8E51DE37-E5C8-49E7-9097-7A35AC7CCC1F-1024x1024.jpeg\" \/>\n<meta name=\"author\" content=\"Odette\" \/>\n<meta name=\"twitter:card\" content=\"summary_large_image\" \/>\n<meta name=\"twitter:label1\" content=\"Verfasst von\" \/>\n\t<meta name=\"twitter:data1\" content=\"Odette\" \/>\n\t<meta name=\"twitter:label2\" content=\"Gesch\u00e4tzte Lesezeit\" \/>\n\t<meta name=\"twitter:data2\" content=\"4\u00a0Minuten\" \/>\n<script type=\"application\/ld+json\" class=\"yoast-schema-graph\">{\"@context\":\"https:\\\/\\\/schema.org\",\"@graph\":[{\"@type\":\"Article\",\"@id\":\"https:\\\/\\\/odettekocht.de\\\/de\\\/2020\\\/rezepte\\\/arme-ritter\\\/#article\",\"isPartOf\":{\"@id\":\"https:\\\/\\\/odettekocht.de\\\/de\\\/2020\\\/rezepte\\\/arme-ritter\\\/\"},\"author\":{\"name\":\"Odette\",\"@id\":\"https:\\\/\\\/odettekocht.de\\\/de\\\/#\\\/schema\\\/person\\\/a18de4234a9756c34375e14890d733f7\"},\"headline\":\"Arme Ritter\",\"datePublished\":\"2020-07-05T11:43:37+00:00\",\"dateModified\":\"2020-07-05T11:43:38+00:00\",\"mainEntityOfPage\":{\"@id\":\"https:\\\/\\\/odettekocht.de\\\/de\\\/2020\\\/rezepte\\\/arme-ritter\\\/\"},\"wordCount\":770,\"commentCount\":2,\"publisher\":{\"@id\":\"https:\\\/\\\/odettekocht.de\\\/de\\\/#\\\/schema\\\/person\\\/a18de4234a9756c34375e14890d733f7\"},\"image\":{\"@id\":\"https:\\\/\\\/odettekocht.de\\\/de\\\/2020\\\/rezepte\\\/arme-ritter\\\/#primaryimage\"},\"thumbnailUrl\":\"https:\\\/\\\/odettekocht.de\\\/de\\\/wp-content\\\/uploads\\\/2020\\\/07\\\/8E51DE37-E5C8-49E7-9097-7A35AC7CCC1F-1024x1024.jpeg\",\"keywords\":[\"Fr\u00fcchte\",\"Fr\u00fchst\u00fcck\",\"Hefezopf\",\"Kompott\",\"Resteverwertung\",\"Stuten\"],\"articleSection\":[\"Desserts und S\u00fc\u00dfes\",\"Fr\u00fchst\u00fcck\",\"Rezepte\"],\"inLanguage\":\"de\",\"potentialAction\":[{\"@type\":\"CommentAction\",\"name\":\"Comment\",\"target\":[\"https:\\\/\\\/odettekocht.de\\\/de\\\/2020\\\/rezepte\\\/arme-ritter\\\/#respond\"]}]},{\"@type\":\"WebPage\",\"@id\":\"https:\\\/\\\/odettekocht.de\\\/de\\\/2020\\\/rezepte\\\/arme-ritter\\\/\",\"url\":\"https:\\\/\\\/odettekocht.de\\\/de\\\/2020\\\/rezepte\\\/arme-ritter\\\/\",\"name\":\"Arme Ritter - ODETTE KOCHT\",\"isPartOf\":{\"@id\":\"https:\\\/\\\/odettekocht.de\\\/de\\\/#website\"},\"primaryImageOfPage\":{\"@id\":\"https:\\\/\\\/odettekocht.de\\\/de\\\/2020\\\/rezepte\\\/arme-ritter\\\/#primaryimage\"},\"image\":{\"@id\":\"https:\\\/\\\/odettekocht.de\\\/de\\\/2020\\\/rezepte\\\/arme-ritter\\\/#primaryimage\"},\"thumbnailUrl\":\"https:\\\/\\\/odettekocht.de\\\/de\\\/wp-content\\\/uploads\\\/2020\\\/07\\\/8E51DE37-E5C8-49E7-9097-7A35AC7CCC1F-1024x1024.jpeg\",\"datePublished\":\"2020-07-05T11:43:37+00:00\",\"dateModified\":\"2020-07-05T11:43:38+00:00\",\"description\":\"Fr\u00fcher ein Arme-Leute-Essen, heute der Gipfel der Nachhaltigkeit: Arme Ritter. Resteverwertung der leckersten Art und nebenbei ein tolles Fr\u00fchst\u00fcck!\",\"breadcrumb\":{\"@id\":\"https:\\\/\\\/odettekocht.de\\\/de\\\/2020\\\/rezepte\\\/arme-ritter\\\/#breadcrumb\"},\"inLanguage\":\"de\",\"potentialAction\":[{\"@type\":\"ReadAction\",\"target\":[\"https:\\\/\\\/odettekocht.de\\\/de\\\/2020\\\/rezepte\\\/arme-ritter\\\/\"]}]},{\"@type\":\"ImageObject\",\"inLanguage\":\"de\",\"@id\":\"https:\\\/\\\/odettekocht.de\\\/de\\\/2020\\\/rezepte\\\/arme-ritter\\\/#primaryimage\",\"url\":\"https:\\\/\\\/odettekocht.de\\\/de\\\/wp-content\\\/uploads\\\/2020\\\/07\\\/8E51DE37-E5C8-49E7-9097-7A35AC7CCC1F-1024x1024.jpeg\",\"contentUrl\":\"https:\\\/\\\/odettekocht.de\\\/de\\\/wp-content\\\/uploads\\\/2020\\\/07\\\/8E51DE37-E5C8-49E7-9097-7A35AC7CCC1F-1024x1024.jpeg\"},{\"@type\":\"BreadcrumbList\",\"@id\":\"https:\\\/\\\/odettekocht.de\\\/de\\\/2020\\\/rezepte\\\/arme-ritter\\\/#breadcrumb\",\"itemListElement\":[{\"@type\":\"ListItem\",\"position\":1,\"name\":\"Startseite\",\"item\":\"https:\\\/\\\/odettekocht.de\\\/de\\\/\"},{\"@type\":\"ListItem\",\"position\":2,\"name\":\"Arme Ritter\"}]},{\"@type\":\"WebSite\",\"@id\":\"https:\\\/\\\/odettekocht.de\\\/de\\\/#website\",\"url\":\"https:\\\/\\\/odettekocht.de\\\/de\\\/\",\"name\":\"ODETTE KOCHT\",\"description\":\"QUERBEET | KREATIV | NEUGIERIG\",\"publisher\":{\"@id\":\"https:\\\/\\\/odettekocht.de\\\/de\\\/#\\\/schema\\\/person\\\/a18de4234a9756c34375e14890d733f7\"},\"potentialAction\":[{\"@type\":\"SearchAction\",\"target\":{\"@type\":\"EntryPoint\",\"urlTemplate\":\"https:\\\/\\\/odettekocht.de\\\/de\\\/?s={search_term_string}\"},\"query-input\":{\"@type\":\"PropertyValueSpecification\",\"valueRequired\":true,\"valueName\":\"search_term_string\"}}],\"inLanguage\":\"de\"},{\"@type\":[\"Person\",\"Organization\"],\"@id\":\"https:\\\/\\\/odettekocht.de\\\/de\\\/#\\\/schema\\\/person\\\/a18de4234a9756c34375e14890d733f7\",\"name\":\"Odette\",\"logo\":{\"@id\":\"https:\\\/\\\/odettekocht.de\\\/de\\\/#\\\/schema\\\/person\\\/image\\\/\"}}]}<\/script>\n<!-- \/ Yoast SEO plugin. -->","yoast_head_json":{"title":"Arme Ritter - ODETTE KOCHT","description":"Fr\u00fcher ein Arme-Leute-Essen, heute der Gipfel der Nachhaltigkeit: Arme Ritter. Resteverwertung der leckersten Art und nebenbei ein tolles Fr\u00fchst\u00fcck!","robots":{"index":"index","follow":"follow","max-snippet":"max-snippet:-1","max-image-preview":"max-image-preview:large","max-video-preview":"max-video-preview:-1"},"canonical":"https:\/\/odettekocht.de\/de\/2020\/rezepte\/arme-ritter\/","og_locale":"de_DE","og_type":"article","og_title":"Arme Ritter - ODETTE KOCHT","og_description":"Fr\u00fcher ein Arme-Leute-Essen, heute der Gipfel der Nachhaltigkeit: Arme Ritter. Resteverwertung der leckersten Art und nebenbei ein tolles Fr\u00fchst\u00fcck!","og_url":"https:\/\/odettekocht.de\/de\/2020\/rezepte\/arme-ritter\/","og_site_name":"ODETTE KOCHT","article_published_time":"2020-07-05T11:43:37+00:00","article_modified_time":"2020-07-05T11:43:38+00:00","og_image":[{"url":"https:\/\/odettekocht.de\/de\/wp-content\/uploads\/2020\/07\/8E51DE37-E5C8-49E7-9097-7A35AC7CCC1F-1024x1024.jpeg","type":"","width":"","height":""}],"author":"Odette","twitter_card":"summary_large_image","twitter_misc":{"Verfasst von":"Odette","Gesch\u00e4tzte Lesezeit":"4\u00a0Minuten"},"schema":{"@context":"https:\/\/schema.org","@graph":[{"@type":"Article","@id":"https:\/\/odettekocht.de\/de\/2020\/rezepte\/arme-ritter\/#article","isPartOf":{"@id":"https:\/\/odettekocht.de\/de\/2020\/rezepte\/arme-ritter\/"},"author":{"name":"Odette","@id":"https:\/\/odettekocht.de\/de\/#\/schema\/person\/a18de4234a9756c34375e14890d733f7"},"headline":"Arme Ritter","datePublished":"2020-07-05T11:43:37+00:00","dateModified":"2020-07-05T11:43:38+00:00","mainEntityOfPage":{"@id":"https:\/\/odettekocht.de\/de\/2020\/rezepte\/arme-ritter\/"},"wordCount":770,"commentCount":2,"publisher":{"@id":"https:\/\/odettekocht.de\/de\/#\/schema\/person\/a18de4234a9756c34375e14890d733f7"},"image":{"@id":"https:\/\/odettekocht.de\/de\/2020\/rezepte\/arme-ritter\/#primaryimage"},"thumbnailUrl":"https:\/\/odettekocht.de\/de\/wp-content\/uploads\/2020\/07\/8E51DE37-E5C8-49E7-9097-7A35AC7CCC1F-1024x1024.jpeg","keywords":["Fr\u00fcchte","Fr\u00fchst\u00fcck","Hefezopf","Kompott","Resteverwertung","Stuten"],"articleSection":["Desserts und S\u00fc\u00dfes","Fr\u00fchst\u00fcck","Rezepte"],"inLanguage":"de","potentialAction":[{"@type":"CommentAction","name":"Comment","target":["https:\/\/odettekocht.de\/de\/2020\/rezepte\/arme-ritter\/#respond"]}]},{"@type":"WebPage","@id":"https:\/\/odettekocht.de\/de\/2020\/rezepte\/arme-ritter\/","url":"https:\/\/odettekocht.de\/de\/2020\/rezepte\/arme-ritter\/","name":"Arme Ritter - ODETTE KOCHT","isPartOf":{"@id":"https:\/\/odettekocht.de\/de\/#website"},"primaryImageOfPage":{"@id":"https:\/\/odettekocht.de\/de\/2020\/rezepte\/arme-ritter\/#primaryimage"},"image":{"@id":"https:\/\/odettekocht.de\/de\/2020\/rezepte\/arme-ritter\/#primaryimage"},"thumbnailUrl":"https:\/\/odettekocht.de\/de\/wp-content\/uploads\/2020\/07\/8E51DE37-E5C8-49E7-9097-7A35AC7CCC1F-1024x1024.jpeg","datePublished":"2020-07-05T11:43:37+00:00","dateModified":"2020-07-05T11:43:38+00:00","description":"Fr\u00fcher ein Arme-Leute-Essen, heute der Gipfel der Nachhaltigkeit: Arme Ritter. Resteverwertung der leckersten Art und nebenbei ein tolles Fr\u00fchst\u00fcck!","breadcrumb":{"@id":"https:\/\/odettekocht.de\/de\/2020\/rezepte\/arme-ritter\/#breadcrumb"},"inLanguage":"de","potentialAction":[{"@type":"ReadAction","target":["https:\/\/odettekocht.de\/de\/2020\/rezepte\/arme-ritter\/"]}]},{"@type":"ImageObject","inLanguage":"de","@id":"https:\/\/odettekocht.de\/de\/2020\/rezepte\/arme-ritter\/#primaryimage","url":"https:\/\/odettekocht.de\/de\/wp-content\/uploads\/2020\/07\/8E51DE37-E5C8-49E7-9097-7A35AC7CCC1F-1024x1024.jpeg","contentUrl":"https:\/\/odettekocht.de\/de\/wp-content\/uploads\/2020\/07\/8E51DE37-E5C8-49E7-9097-7A35AC7CCC1F-1024x1024.jpeg"},{"@type":"BreadcrumbList","@id":"https:\/\/odettekocht.de\/de\/2020\/rezepte\/arme-ritter\/#breadcrumb","itemListElement":[{"@type":"ListItem","position":1,"name":"Startseite","item":"https:\/\/odettekocht.de\/de\/"},{"@type":"ListItem","position":2,"name":"Arme Ritter"}]},{"@type":"WebSite","@id":"https:\/\/odettekocht.de\/de\/#website","url":"https:\/\/odettekocht.de\/de\/","name":"ODETTE KOCHT","description":"QUERBEET | KREATIV | NEUGIERIG","publisher":{"@id":"https:\/\/odettekocht.de\/de\/#\/schema\/person\/a18de4234a9756c34375e14890d733f7"},"potentialAction":[{"@type":"SearchAction","target":{"@type":"EntryPoint","urlTemplate":"https:\/\/odettekocht.de\/de\/?s={search_term_string}"},"query-input":{"@type":"PropertyValueSpecification","valueRequired":true,"valueName":"search_term_string"}}],"inLanguage":"de"},{"@type":["Person","Organization"],"@id":"https:\/\/odettekocht.de\/de\/#\/schema\/person\/a18de4234a9756c34375e14890d733f7","name":"Odette","logo":{"@id":"https:\/\/odettekocht.de\/de\/#\/schema\/person\/image\/"}}]}},"acf":[],"_links":{"self":[{"href":"https:\/\/odettekocht.de\/de\/wp-json\/wp\/v2\/posts\/501","targetHints":{"allow":["GET"]}}],"collection":[{"href":"https:\/\/odettekocht.de\/de\/wp-json\/wp\/v2\/posts"}],"about":[{"href":"https:\/\/odettekocht.de\/de\/wp-json\/wp\/v2\/types\/post"}],"author":[{"embeddable":true,"href":"https:\/\/odettekocht.de\/de\/wp-json\/wp\/v2\/users\/1"}],"replies":[{"embeddable":true,"href":"https:\/\/odettekocht.de\/de\/wp-json\/wp\/v2\/comments?post=501"}],"version-history":[{"count":4,"href":"https:\/\/odettekocht.de\/de\/wp-json\/wp\/v2\/posts\/501\/revisions"}],"predecessor-version":[{"id":506,"href":"https:\/\/odettekocht.de\/de\/wp-json\/wp\/v2\/posts\/501\/revisions\/506"}],"wp:attachment":[{"href":"https:\/\/odettekocht.de\/de\/wp-json\/wp\/v2\/media?parent=501"}],"wp:term":[{"taxonomy":"category","embeddable":true,"href":"https:\/\/odettekocht.de\/de\/wp-json\/wp\/v2\/categories?post=501"},{"taxonomy":"post_tag","embeddable":true,"href":"https:\/\/odettekocht.de\/de\/wp-json\/wp\/v2\/tags?post=501"}],"curies":[{"name":"wp","href":"https:\/\/api.w.org\/{rel}","templated":true}]}}