{"id":541,"date":"2020-08-02T16:43:54","date_gmt":"2020-08-02T14:43:54","guid":{"rendered":"https:\/\/odettekocht.de\/de\/?p=541"},"modified":"2020-08-02T16:43:55","modified_gmt":"2020-08-02T14:43:55","slug":"fast-zuckerfreies-knuspermuesli","status":"publish","type":"post","link":"https:\/\/odettekocht.de\/de\/2020\/rezepte\/fast-zuckerfreies-knuspermuesli\/","title":{"rendered":"Fast zuckerfreies Knusperm\u00fcsli"},"content":{"rendered":"\n<figure class=\"wp-block-image size-large\"><img loading=\"lazy\" decoding=\"async\" width=\"1024\" height=\"1024\" src=\"https:\/\/odettekocht.de\/de\/wp-content\/uploads\/2020\/07\/C7E588E5-F008-46F1-A5A6-5A8317C23656-1024x1024.jpeg\" alt=\"Ein offenes Einmachglas liegt auf einem Holztisch. Knusprig braunes M\u00fcsli f\u00e4llt heraus. Daneben steht eine Glasschale mit Himbeeren, darauf Joghurt, gekr\u00f6nt von Knusperm\u00fcsli. Eine wei\u00dfe Serviette und ein alter Silberl\u00f6ffel liegen dekorativ daneben, au\u00dferdem ein kleines Sch\u00e4lchen Himbeeren und ein paar verstreute Himbeeren.\" class=\"wp-image-538\" srcset=\"https:\/\/odettekocht.de\/de\/wp-content\/uploads\/2020\/07\/C7E588E5-F008-46F1-A5A6-5A8317C23656-1024x1024.jpeg 1024w, https:\/\/odettekocht.de\/de\/wp-content\/uploads\/2020\/07\/C7E588E5-F008-46F1-A5A6-5A8317C23656-300x300.jpeg 300w, https:\/\/odettekocht.de\/de\/wp-content\/uploads\/2020\/07\/C7E588E5-F008-46F1-A5A6-5A8317C23656-150x150.jpeg 150w, https:\/\/odettekocht.de\/de\/wp-content\/uploads\/2020\/07\/C7E588E5-F008-46F1-A5A6-5A8317C23656-768x768.jpeg 768w, https:\/\/odettekocht.de\/de\/wp-content\/uploads\/2020\/07\/C7E588E5-F008-46F1-A5A6-5A8317C23656-1140x1140.jpeg 1140w, https:\/\/odettekocht.de\/de\/wp-content\/uploads\/2020\/07\/C7E588E5-F008-46F1-A5A6-5A8317C23656-75x75.jpeg 75w, https:\/\/odettekocht.de\/de\/wp-content\/uploads\/2020\/07\/C7E588E5-F008-46F1-A5A6-5A8317C23656.jpeg 1280w\" sizes=\"auto, (max-width: 1024px) 100vw, 1024px\" \/><\/figure>\n\n\n\n<p>Fr\u00fchst\u00fcck geh\u00f6rt ja zu meinen liebsten Mahlzeiten. Ich liebe es, das so richtig zu zelebrieren. Am Wochenende mit einem \u00fcppig gedeckten Tisch und von Montags bis Freitags nicht ganz so opulent, aber mindestens genauso lecker mit <em><a href=\"https:\/\/odettekocht.de\/de\/2020\/rezepte\/schokoladiges-porridge-mit-orange\/\">Porridge<\/a><\/em> oder <em><a href=\"https:\/\/odettekocht.de\/de\/2020\/rezepte\/schoko-knuspermuesli\/\">M\u00fcsli<\/a><\/em> in zahlreichen Variationen. Ein bisschen was davon hab ich hier ja schon geteilt. Meine neueste Entdeckung ist dieses fast zuckerfreie Knusperm\u00fcsli, das einfach umwerfend lecker ist!<\/p>\n\n\n\n<!--more-->\n\n\n\n<p>Zuckerfrei ist es streng genommen nicht ganz; damit gemeint ist, dass es ohne zugesetzten Kristallzucker auskommt &#8211; egal, ob der nun als industriell hergestellter wei\u00dfer Haushaltszucker oder als brauner Rohrzucker daherkommt. Unterm Strich macht das n\u00e4mlich kaum einen Unterschied, auch wenn Rohrzucker oder Vollrohrzucker gerne als ges\u00fcndere Alternative betrachtet wird, da die anhaftende Melasse nicht nur die braune Farbe sondern auch noch ein paar Mineralstoffe mitbringt. Die muss man allerdings mit der Lupe suchen&#8230; Letztendlich ist beides Zucker und nicht gesund! Dieses Knusperm\u00fcsli hier ist aber nicht nur in diesem Sinne zuckerfrei, sondern es hat \u00fcberhaupt keinen zugesetzten Zucker. Weder Honig, noch Ahornsirup, noch sonst ein Sirup. Die S\u00fc\u00dfe kommt ausschlie\u00dflich von sehr reifen Bananen!<\/p>\n\n\n\n<p>Fruchtzucker aus frischen Fr\u00fcchten ist \u00fcbrigens v\u00f6llig in Ordnung &#8211; ganz im Gegensatz zu zugesetzten Fruchtzuckern in industriell hergestellten Produkten. Denn Fruchtzucker klingt erstmal gesund und wird deswegen Fertigprodukten so gerne zugesetzt. Aber isolierter Fruchtzucker geh\u00f6rt zu den schlimmsten \u00dcbelt\u00e4tern \u00fcberhaupt. Er bringt weder Vitamine noch Ballaststoffe mit (im Gegensatz zu Obst), hat aber eine enorme S\u00fc\u00dfkraft und sorgt daf\u00fcr, dass Dein Blutzuckerspiegel viel zu schnell steigt. Macht aber nicht satt. Es sind einfach nur leere Kalorien. Das \u00dcberma\u00df an Blutzucker kann vom K\u00f6rper gar nicht so schnell verarbeitet und abgebaut werden und wird daher in der Leber und in den Fettzellen in Form von Fett eingelagert. Das f\u00f6rdert logischerweise \u00dcbergewicht und verschiedene Krankheiten wie zum Beispiel eine Fettleber und\/oder Diabetes.<\/p>\n\n\n\n<p>Als Faustregel gilt: Alles mit einem Zuckergehalt \u00fcber 5 Gramm pro 100 Gramm gilt schon nicht mehr als zuckerarm. Wer das Kleingedruckte auf dem Etikett der Lebensmittel sorgf\u00e4ltig liest, wird schnell f\u00fcndig. Allergiker tun es routinem\u00e4\u00dfig und Du solltest es auch tun: Lies das Etikett auf der R\u00fcckseite jedes Produktes, das Du kaufst! <em>Jedes Produktes!<\/em> Und stell es im Zweifelsfall zur\u00fcck, wenn Dir irgendwas davon unerkl\u00e4rlich oder unsympathisch ist. Mit Zucker solltest Du \u00fcbrigens nicht nur bei erwartungsgem\u00e4\u00df s\u00fc\u00dfen Produkten rechnen! Zucker wird oft genug auch in herzhaften Fertigprodukten verwendet, um den Geschmack \u201eabzurunden\u201c und die Konsumenten zu veranlassen, mehr davon zu essen und zu kaufen. Denn Zucker macht s\u00fcchtig.<\/p>\n\n\n\n<p>Aber Achtung, oft wird Zucker nicht einfach beim Namen genannt, sondern versteckter und gesund klingend deklariert. Apfeldicksaft oder Fruchtsaftkonzentrat zum Beispiel klingt erstmal vergleichsweise gesund, sind sie aber leider beide nicht. Merke: Alles was auf \u201e-ose\u201c endet, ist eine Form von Zucker. Maltodextrin auch. Und dass alles, was auf -sirup endet zuckerhaltig ist, ist logisch, oder?<\/p>\n\n\n\n<p>Fertigm\u00fcsli geh\u00f6rt \u00fcbrigens zu den Produkten mit einem oft \u00fcberm\u00e4\u00dfig hohen Anteil an zugesetzten Zuckern. Ein guter Grund, hier anzusetzen und Dein Knusperm\u00fcsli selber zu machen. Es ist schnell zusammengeworfen und Du bestimmst die Zutaten nach Deinen eigenen Pr\u00e4ferenzen. Au\u00dferdem ist es die perfekte L\u00f6sung f\u00fcr \u00fcberreife und schon etwas unansehnliche Bananen.<\/p>\n\n\n\n<p>Das Rezept reicht f\u00fcr ein Blech.<\/p>\n\n\n\n<h4 class=\"wp-block-heading\">Man nehme<\/h4>\n\n\n\n<ul class=\"wp-block-list\"><li>350 g N\u00fcsse, Kerne und Saaten. Die kannst Du frei zusammenstellen, z.B. aus Sonnenblumen- und K\u00fcrbiskernen, Sesam, Leinsamen, Buchweizen, grob gehackten N\u00fcssen aller Art oder Mandeln (gehackt, gestiftelt oder als Bl\u00e4ttchen)<\/li><li>50 g Kokosflocken <\/li><li>100 g m\u00f6glichst grobe Vollkornflocken, z.B. Hafer, Dinkel oder vielleicht probierst Du mal ein Urgetreide wie Emmer oder Kamut<\/li><li>2 \u00fcberreife Bananen; am besten die, die au\u00dfen schon schwarz und unansehnlich werden<\/li><li>4 EL Kokos- oder Raps\u00f6l<\/li><li>1 TL Gew\u00fcrz nach Geschmack; hier bieten sich Zimt, Vanille, Ingwer oder eine Mischung an. Ich mag (auch im Sommer!) gerne weihnachtliche Gew\u00fcrzmischungen oder arabisches Kaffeegew\u00fcrz, das nat\u00fcrlich auch irgendwie ein bisschen an Weihnachten erinnert<\/li><li>1 Prise Salz<\/li><\/ul>\n\n\n\n<h4 class=\"wp-block-heading\">So geht\u2019s <\/h4>\n\n\n\n<p>Heize den Backofen auf 180 Grad Ober- und Unterhitze vor. Leg Dein Backblech mit einem Bogen Backpapier aus.<\/p>\n\n\n\n<p>P\u00fcriere die gesch\u00e4lten Bananen, das \u00d6l, das Gew\u00fcrz und die Prise Salz miteinander. Das kannst Du entweder in Deiner K\u00fcchenmaschine oder mit einem P\u00fcrierstab erledigen.<\/p>\n\n\n\n<p>Gib anschlie\u00dfend die \u00fcbrigen Zutaten hinzu und verr\u00fchre alles sorgf\u00e4ltig miteinander.<\/p>\n\n\n\n<p>Verteile die Masse auf dem Backblech und schieb es dann f\u00fcr 15 Minuten in den Ofen.<\/p>\n\n\n\n<figure class=\"wp-block-image size-large\"><img loading=\"lazy\" decoding=\"async\" width=\"1024\" height=\"1024\" src=\"https:\/\/odettekocht.de\/de\/wp-content\/uploads\/2020\/08\/6829EA8F-4590-49AA-AA27-3B89CFB538A1-1024x1024.jpeg\" alt=\"Ein Backblech voll mit einer rohen M\u00fcslimischung. Daneben eine hellblaue Serviette und ein Holzspatel.\" class=\"wp-image-550\" srcset=\"https:\/\/odettekocht.de\/de\/wp-content\/uploads\/2020\/08\/6829EA8F-4590-49AA-AA27-3B89CFB538A1-1024x1024.jpeg 1024w, https:\/\/odettekocht.de\/de\/wp-content\/uploads\/2020\/08\/6829EA8F-4590-49AA-AA27-3B89CFB538A1-300x300.jpeg 300w, https:\/\/odettekocht.de\/de\/wp-content\/uploads\/2020\/08\/6829EA8F-4590-49AA-AA27-3B89CFB538A1-150x150.jpeg 150w, https:\/\/odettekocht.de\/de\/wp-content\/uploads\/2020\/08\/6829EA8F-4590-49AA-AA27-3B89CFB538A1-768x768.jpeg 768w, https:\/\/odettekocht.de\/de\/wp-content\/uploads\/2020\/08\/6829EA8F-4590-49AA-AA27-3B89CFB538A1-1140x1140.jpeg 1140w, https:\/\/odettekocht.de\/de\/wp-content\/uploads\/2020\/08\/6829EA8F-4590-49AA-AA27-3B89CFB538A1-75x75.jpeg 75w, https:\/\/odettekocht.de\/de\/wp-content\/uploads\/2020\/08\/6829EA8F-4590-49AA-AA27-3B89CFB538A1.jpeg 1280w\" sizes=\"auto, (max-width: 1024px) 100vw, 1024px\" \/><\/figure>\n\n\n\n<p>Nach Ablauf der Zeit nimmst Du das Blech kurz aus dem Ofen, mischst alles gut durch, verteilst das M\u00fcsli neu und backst es weitere 15 Minuten.<\/p>\n\n\n\n<p>Wenn das Knusperm\u00fcsli fertig ist, l\u00e4sst Du es auf dem Blech ausk\u00fchlen und f\u00fcllst es anschlie\u00dfend in eine luftdichte Dose.<\/p>\n\n\n\n<p>Du kannst das M\u00fcsli klassisch mit Milch (von der Kuh oder Pflanze) und frischen Fr\u00fcchten genie\u00dfen. Ich pers\u00f6nlich mag es besonders gerne als knuspriges Topping auf Fr\u00fcchten mit veganem Kokosjoghurt.<\/p>\n","protected":false},"excerpt":{"rendered":"<p>Fr\u00fchst\u00fcck geh\u00f6rt ja zu meinen liebsten Mahlzeiten. Ich liebe es, das so richtig zu zelebrieren. Am Wochenende mit einem \u00fcppig gedeckten Tisch und von Montags bis Freitags nicht ganz so opulent, aber mindestens genauso lecker mit Porridge oder M\u00fcsli in zahlreichen Variationen. Ein bisschen was davon hab ich hier ja schon geteilt. Meine neueste Entdeckung ist dieses fast zuckerfreie Knusperm\u00fcsli, das einfach umwerfend lecker ist!<\/p>\n","protected":false},"author":1,"featured_media":0,"comment_status":"open","ping_status":"open","sticky":false,"template":"","format":"standard","meta":{"footnotes":""},"categories":[12,1],"tags":[179,6,13,171,176,174,173,169,172,175,177,99,170,7,178],"class_list":["post-541","post","type-post","status-publish","format-standard","hentry","category-fruehstueck-2","category-rezepte","tag-banane","tag-fruehstueck","tag-granola","tag-haferflocken","tag-kuerbiskerne","tag-leinsamen","tag-mandeln","tag-muesli","tag-nuesse","tag-saaten","tag-sesam","tag-sonnenblumenkerne","tag-vollkornflocken","tag-zuckerarm","tag-zuckerfrei"],"yoast_head":"<!-- This site is optimized with the Yoast SEO plugin v27.5 - https:\/\/yoast.com\/product\/yoast-seo-wordpress\/ -->\n<title>Fast zuckerfreies Knusperm\u00fcsli - ODETTE KOCHT<\/title>\n<meta name=\"description\" content=\"Wer seinen Zuckerkonsum einschr\u00e4nken m\u00f6chte, ist hier genau richtig! Denn dieses zuckerfreie Knusperm\u00fcsli ist schon mal ein richtig guter Start in den Tag!\" \/>\n<meta name=\"robots\" content=\"index, follow, max-snippet:-1, max-image-preview:large, max-video-preview:-1\" \/>\n<link rel=\"canonical\" href=\"https:\/\/odettekocht.de\/de\/2020\/rezepte\/fast-zuckerfreies-knuspermuesli\/\" \/>\n<meta property=\"og:locale\" content=\"de_DE\" \/>\n<meta property=\"og:type\" content=\"article\" \/>\n<meta property=\"og:title\" content=\"Fast zuckerfreies Knusperm\u00fcsli - ODETTE KOCHT\" \/>\n<meta property=\"og:description\" content=\"Wer seinen Zuckerkonsum einschr\u00e4nken m\u00f6chte, ist hier genau richtig! Denn dieses zuckerfreie Knusperm\u00fcsli ist schon mal ein richtig guter Start in den Tag!\" \/>\n<meta property=\"og:url\" content=\"https:\/\/odettekocht.de\/de\/2020\/rezepte\/fast-zuckerfreies-knuspermuesli\/\" \/>\n<meta property=\"og:site_name\" content=\"ODETTE KOCHT\" \/>\n<meta property=\"article:published_time\" content=\"2020-08-02T14:43:54+00:00\" \/>\n<meta property=\"article:modified_time\" content=\"2020-08-02T14:43:55+00:00\" \/>\n<meta property=\"og:image\" content=\"https:\/\/odettekocht.de\/de\/wp-content\/uploads\/2020\/07\/C7E588E5-F008-46F1-A5A6-5A8317C23656-1024x1024.jpeg\" \/>\n<meta name=\"author\" content=\"Odette\" \/>\n<meta name=\"twitter:card\" content=\"summary_large_image\" \/>\n<meta name=\"twitter:label1\" content=\"Verfasst von\" \/>\n\t<meta name=\"twitter:data1\" content=\"Odette\" \/>\n\t<meta name=\"twitter:label2\" content=\"Gesch\u00e4tzte Lesezeit\" \/>\n\t<meta name=\"twitter:data2\" content=\"4\u00a0Minuten\" \/>\n<script type=\"application\/ld+json\" class=\"yoast-schema-graph\">{\"@context\":\"https:\\\/\\\/schema.org\",\"@graph\":[{\"@type\":\"Article\",\"@id\":\"https:\\\/\\\/odettekocht.de\\\/de\\\/2020\\\/rezepte\\\/fast-zuckerfreies-knuspermuesli\\\/#article\",\"isPartOf\":{\"@id\":\"https:\\\/\\\/odettekocht.de\\\/de\\\/2020\\\/rezepte\\\/fast-zuckerfreies-knuspermuesli\\\/\"},\"author\":{\"name\":\"Odette\",\"@id\":\"https:\\\/\\\/odettekocht.de\\\/de\\\/#\\\/schema\\\/person\\\/a18de4234a9756c34375e14890d733f7\"},\"headline\":\"Fast zuckerfreies Knusperm\u00fcsli\",\"datePublished\":\"2020-08-02T14:43:54+00:00\",\"dateModified\":\"2020-08-02T14:43:55+00:00\",\"mainEntityOfPage\":{\"@id\":\"https:\\\/\\\/odettekocht.de\\\/de\\\/2020\\\/rezepte\\\/fast-zuckerfreies-knuspermuesli\\\/\"},\"wordCount\":847,\"commentCount\":4,\"publisher\":{\"@id\":\"https:\\\/\\\/odettekocht.de\\\/de\\\/#\\\/schema\\\/person\\\/a18de4234a9756c34375e14890d733f7\"},\"image\":{\"@id\":\"https:\\\/\\\/odettekocht.de\\\/de\\\/2020\\\/rezepte\\\/fast-zuckerfreies-knuspermuesli\\\/#primaryimage\"},\"thumbnailUrl\":\"https:\\\/\\\/odettekocht.de\\\/de\\\/wp-content\\\/uploads\\\/2020\\\/07\\\/C7E588E5-F008-46F1-A5A6-5A8317C23656-1024x1024.jpeg\",\"keywords\":[\"Banane\",\"Fr\u00fchst\u00fcck\",\"Granola\",\"Haferflocken\",\"K\u00fcrbiskerne\",\"Leinsamen\",\"Mandeln\",\"M\u00fcsli\",\"N\u00fcsse\",\"Saaten\",\"Sesam\",\"Sonnenblumenkerne\",\"Vollkornflocken\",\"zuckerarm\",\"zuckerfrei\"],\"articleSection\":[\"Fr\u00fchst\u00fcck\",\"Rezepte\"],\"inLanguage\":\"de\",\"potentialAction\":[{\"@type\":\"CommentAction\",\"name\":\"Comment\",\"target\":[\"https:\\\/\\\/odettekocht.de\\\/de\\\/2020\\\/rezepte\\\/fast-zuckerfreies-knuspermuesli\\\/#respond\"]}]},{\"@type\":\"WebPage\",\"@id\":\"https:\\\/\\\/odettekocht.de\\\/de\\\/2020\\\/rezepte\\\/fast-zuckerfreies-knuspermuesli\\\/\",\"url\":\"https:\\\/\\\/odettekocht.de\\\/de\\\/2020\\\/rezepte\\\/fast-zuckerfreies-knuspermuesli\\\/\",\"name\":\"Fast zuckerfreies Knusperm\u00fcsli - ODETTE KOCHT\",\"isPartOf\":{\"@id\":\"https:\\\/\\\/odettekocht.de\\\/de\\\/#website\"},\"primaryImageOfPage\":{\"@id\":\"https:\\\/\\\/odettekocht.de\\\/de\\\/2020\\\/rezepte\\\/fast-zuckerfreies-knuspermuesli\\\/#primaryimage\"},\"image\":{\"@id\":\"https:\\\/\\\/odettekocht.de\\\/de\\\/2020\\\/rezepte\\\/fast-zuckerfreies-knuspermuesli\\\/#primaryimage\"},\"thumbnailUrl\":\"https:\\\/\\\/odettekocht.de\\\/de\\\/wp-content\\\/uploads\\\/2020\\\/07\\\/C7E588E5-F008-46F1-A5A6-5A8317C23656-1024x1024.jpeg\",\"datePublished\":\"2020-08-02T14:43:54+00:00\",\"dateModified\":\"2020-08-02T14:43:55+00:00\",\"description\":\"Wer seinen Zuckerkonsum einschr\u00e4nken m\u00f6chte, ist hier genau richtig! Denn dieses zuckerfreie Knusperm\u00fcsli ist schon mal ein richtig guter Start in den Tag!\",\"breadcrumb\":{\"@id\":\"https:\\\/\\\/odettekocht.de\\\/de\\\/2020\\\/rezepte\\\/fast-zuckerfreies-knuspermuesli\\\/#breadcrumb\"},\"inLanguage\":\"de\",\"potentialAction\":[{\"@type\":\"ReadAction\",\"target\":[\"https:\\\/\\\/odettekocht.de\\\/de\\\/2020\\\/rezepte\\\/fast-zuckerfreies-knuspermuesli\\\/\"]}]},{\"@type\":\"ImageObject\",\"inLanguage\":\"de\",\"@id\":\"https:\\\/\\\/odettekocht.de\\\/de\\\/2020\\\/rezepte\\\/fast-zuckerfreies-knuspermuesli\\\/#primaryimage\",\"url\":\"https:\\\/\\\/odettekocht.de\\\/de\\\/wp-content\\\/uploads\\\/2020\\\/07\\\/C7E588E5-F008-46F1-A5A6-5A8317C23656-1024x1024.jpeg\",\"contentUrl\":\"https:\\\/\\\/odettekocht.de\\\/de\\\/wp-content\\\/uploads\\\/2020\\\/07\\\/C7E588E5-F008-46F1-A5A6-5A8317C23656-1024x1024.jpeg\"},{\"@type\":\"BreadcrumbList\",\"@id\":\"https:\\\/\\\/odettekocht.de\\\/de\\\/2020\\\/rezepte\\\/fast-zuckerfreies-knuspermuesli\\\/#breadcrumb\",\"itemListElement\":[{\"@type\":\"ListItem\",\"position\":1,\"name\":\"Startseite\",\"item\":\"https:\\\/\\\/odettekocht.de\\\/de\\\/\"},{\"@type\":\"ListItem\",\"position\":2,\"name\":\"Fast zuckerfreies Knusperm\u00fcsli\"}]},{\"@type\":\"WebSite\",\"@id\":\"https:\\\/\\\/odettekocht.de\\\/de\\\/#website\",\"url\":\"https:\\\/\\\/odettekocht.de\\\/de\\\/\",\"name\":\"ODETTE KOCHT\",\"description\":\"QUERBEET | KREATIV | NEUGIERIG\",\"publisher\":{\"@id\":\"https:\\\/\\\/odettekocht.de\\\/de\\\/#\\\/schema\\\/person\\\/a18de4234a9756c34375e14890d733f7\"},\"potentialAction\":[{\"@type\":\"SearchAction\",\"target\":{\"@type\":\"EntryPoint\",\"urlTemplate\":\"https:\\\/\\\/odettekocht.de\\\/de\\\/?s={search_term_string}\"},\"query-input\":{\"@type\":\"PropertyValueSpecification\",\"valueRequired\":true,\"valueName\":\"search_term_string\"}}],\"inLanguage\":\"de\"},{\"@type\":[\"Person\",\"Organization\"],\"@id\":\"https:\\\/\\\/odettekocht.de\\\/de\\\/#\\\/schema\\\/person\\\/a18de4234a9756c34375e14890d733f7\",\"name\":\"Odette\",\"logo\":{\"@id\":\"https:\\\/\\\/odettekocht.de\\\/de\\\/#\\\/schema\\\/person\\\/image\\\/\"}}]}<\/script>\n<!-- \/ Yoast SEO plugin. -->","yoast_head_json":{"title":"Fast zuckerfreies Knusperm\u00fcsli - ODETTE KOCHT","description":"Wer seinen Zuckerkonsum einschr\u00e4nken m\u00f6chte, ist hier genau richtig! Denn dieses zuckerfreie Knusperm\u00fcsli ist schon mal ein richtig guter Start in den Tag!","robots":{"index":"index","follow":"follow","max-snippet":"max-snippet:-1","max-image-preview":"max-image-preview:large","max-video-preview":"max-video-preview:-1"},"canonical":"https:\/\/odettekocht.de\/de\/2020\/rezepte\/fast-zuckerfreies-knuspermuesli\/","og_locale":"de_DE","og_type":"article","og_title":"Fast zuckerfreies Knusperm\u00fcsli - ODETTE KOCHT","og_description":"Wer seinen Zuckerkonsum einschr\u00e4nken m\u00f6chte, ist hier genau richtig! Denn dieses zuckerfreie Knusperm\u00fcsli ist schon mal ein richtig guter Start in den Tag!","og_url":"https:\/\/odettekocht.de\/de\/2020\/rezepte\/fast-zuckerfreies-knuspermuesli\/","og_site_name":"ODETTE KOCHT","article_published_time":"2020-08-02T14:43:54+00:00","article_modified_time":"2020-08-02T14:43:55+00:00","og_image":[{"url":"https:\/\/odettekocht.de\/de\/wp-content\/uploads\/2020\/07\/C7E588E5-F008-46F1-A5A6-5A8317C23656-1024x1024.jpeg","type":"","width":"","height":""}],"author":"Odette","twitter_card":"summary_large_image","twitter_misc":{"Verfasst von":"Odette","Gesch\u00e4tzte Lesezeit":"4\u00a0Minuten"},"schema":{"@context":"https:\/\/schema.org","@graph":[{"@type":"Article","@id":"https:\/\/odettekocht.de\/de\/2020\/rezepte\/fast-zuckerfreies-knuspermuesli\/#article","isPartOf":{"@id":"https:\/\/odettekocht.de\/de\/2020\/rezepte\/fast-zuckerfreies-knuspermuesli\/"},"author":{"name":"Odette","@id":"https:\/\/odettekocht.de\/de\/#\/schema\/person\/a18de4234a9756c34375e14890d733f7"},"headline":"Fast zuckerfreies Knusperm\u00fcsli","datePublished":"2020-08-02T14:43:54+00:00","dateModified":"2020-08-02T14:43:55+00:00","mainEntityOfPage":{"@id":"https:\/\/odettekocht.de\/de\/2020\/rezepte\/fast-zuckerfreies-knuspermuesli\/"},"wordCount":847,"commentCount":4,"publisher":{"@id":"https:\/\/odettekocht.de\/de\/#\/schema\/person\/a18de4234a9756c34375e14890d733f7"},"image":{"@id":"https:\/\/odettekocht.de\/de\/2020\/rezepte\/fast-zuckerfreies-knuspermuesli\/#primaryimage"},"thumbnailUrl":"https:\/\/odettekocht.de\/de\/wp-content\/uploads\/2020\/07\/C7E588E5-F008-46F1-A5A6-5A8317C23656-1024x1024.jpeg","keywords":["Banane","Fr\u00fchst\u00fcck","Granola","Haferflocken","K\u00fcrbiskerne","Leinsamen","Mandeln","M\u00fcsli","N\u00fcsse","Saaten","Sesam","Sonnenblumenkerne","Vollkornflocken","zuckerarm","zuckerfrei"],"articleSection":["Fr\u00fchst\u00fcck","Rezepte"],"inLanguage":"de","potentialAction":[{"@type":"CommentAction","name":"Comment","target":["https:\/\/odettekocht.de\/de\/2020\/rezepte\/fast-zuckerfreies-knuspermuesli\/#respond"]}]},{"@type":"WebPage","@id":"https:\/\/odettekocht.de\/de\/2020\/rezepte\/fast-zuckerfreies-knuspermuesli\/","url":"https:\/\/odettekocht.de\/de\/2020\/rezepte\/fast-zuckerfreies-knuspermuesli\/","name":"Fast zuckerfreies Knusperm\u00fcsli - ODETTE KOCHT","isPartOf":{"@id":"https:\/\/odettekocht.de\/de\/#website"},"primaryImageOfPage":{"@id":"https:\/\/odettekocht.de\/de\/2020\/rezepte\/fast-zuckerfreies-knuspermuesli\/#primaryimage"},"image":{"@id":"https:\/\/odettekocht.de\/de\/2020\/rezepte\/fast-zuckerfreies-knuspermuesli\/#primaryimage"},"thumbnailUrl":"https:\/\/odettekocht.de\/de\/wp-content\/uploads\/2020\/07\/C7E588E5-F008-46F1-A5A6-5A8317C23656-1024x1024.jpeg","datePublished":"2020-08-02T14:43:54+00:00","dateModified":"2020-08-02T14:43:55+00:00","description":"Wer seinen Zuckerkonsum einschr\u00e4nken m\u00f6chte, ist hier genau richtig! Denn dieses zuckerfreie Knusperm\u00fcsli ist schon mal ein richtig guter Start in den Tag!","breadcrumb":{"@id":"https:\/\/odettekocht.de\/de\/2020\/rezepte\/fast-zuckerfreies-knuspermuesli\/#breadcrumb"},"inLanguage":"de","potentialAction":[{"@type":"ReadAction","target":["https:\/\/odettekocht.de\/de\/2020\/rezepte\/fast-zuckerfreies-knuspermuesli\/"]}]},{"@type":"ImageObject","inLanguage":"de","@id":"https:\/\/odettekocht.de\/de\/2020\/rezepte\/fast-zuckerfreies-knuspermuesli\/#primaryimage","url":"https:\/\/odettekocht.de\/de\/wp-content\/uploads\/2020\/07\/C7E588E5-F008-46F1-A5A6-5A8317C23656-1024x1024.jpeg","contentUrl":"https:\/\/odettekocht.de\/de\/wp-content\/uploads\/2020\/07\/C7E588E5-F008-46F1-A5A6-5A8317C23656-1024x1024.jpeg"},{"@type":"BreadcrumbList","@id":"https:\/\/odettekocht.de\/de\/2020\/rezepte\/fast-zuckerfreies-knuspermuesli\/#breadcrumb","itemListElement":[{"@type":"ListItem","position":1,"name":"Startseite","item":"https:\/\/odettekocht.de\/de\/"},{"@type":"ListItem","position":2,"name":"Fast zuckerfreies Knusperm\u00fcsli"}]},{"@type":"WebSite","@id":"https:\/\/odettekocht.de\/de\/#website","url":"https:\/\/odettekocht.de\/de\/","name":"ODETTE KOCHT","description":"QUERBEET | KREATIV | NEUGIERIG","publisher":{"@id":"https:\/\/odettekocht.de\/de\/#\/schema\/person\/a18de4234a9756c34375e14890d733f7"},"potentialAction":[{"@type":"SearchAction","target":{"@type":"EntryPoint","urlTemplate":"https:\/\/odettekocht.de\/de\/?s={search_term_string}"},"query-input":{"@type":"PropertyValueSpecification","valueRequired":true,"valueName":"search_term_string"}}],"inLanguage":"de"},{"@type":["Person","Organization"],"@id":"https:\/\/odettekocht.de\/de\/#\/schema\/person\/a18de4234a9756c34375e14890d733f7","name":"Odette","logo":{"@id":"https:\/\/odettekocht.de\/de\/#\/schema\/person\/image\/"}}]}},"acf":[],"_links":{"self":[{"href":"https:\/\/odettekocht.de\/de\/wp-json\/wp\/v2\/posts\/541","targetHints":{"allow":["GET"]}}],"collection":[{"href":"https:\/\/odettekocht.de\/de\/wp-json\/wp\/v2\/posts"}],"about":[{"href":"https:\/\/odettekocht.de\/de\/wp-json\/wp\/v2\/types\/post"}],"author":[{"embeddable":true,"href":"https:\/\/odettekocht.de\/de\/wp-json\/wp\/v2\/users\/1"}],"replies":[{"embeddable":true,"href":"https:\/\/odettekocht.de\/de\/wp-json\/wp\/v2\/comments?post=541"}],"version-history":[{"count":12,"href":"https:\/\/odettekocht.de\/de\/wp-json\/wp\/v2\/posts\/541\/revisions"}],"predecessor-version":[{"id":555,"href":"https:\/\/odettekocht.de\/de\/wp-json\/wp\/v2\/posts\/541\/revisions\/555"}],"wp:attachment":[{"href":"https:\/\/odettekocht.de\/de\/wp-json\/wp\/v2\/media?parent=541"}],"wp:term":[{"taxonomy":"category","embeddable":true,"href":"https:\/\/odettekocht.de\/de\/wp-json\/wp\/v2\/categories?post=541"},{"taxonomy":"post_tag","embeddable":true,"href":"https:\/\/odettekocht.de\/de\/wp-json\/wp\/v2\/tags?post=541"}],"curies":[{"name":"wp","href":"https:\/\/api.w.org\/{rel}","templated":true}]}}