{"id":589,"date":"2020-09-13T10:53:27","date_gmt":"2020-09-13T08:53:27","guid":{"rendered":"https:\/\/odettekocht.de\/de\/?p=589"},"modified":"2020-09-15T18:15:14","modified_gmt":"2020-09-15T16:15:14","slug":"fruehstuecks-pancakes","status":"publish","type":"post","link":"https:\/\/odettekocht.de\/de\/2020\/rezepte\/fruehstuecks-pancakes\/","title":{"rendered":"Fr\u00fchst\u00fccks-Pancakes"},"content":{"rendered":"\n<figure class=\"wp-block-image size-large\"><img loading=\"lazy\" decoding=\"async\" width=\"1024\" height=\"1024\" src=\"https:\/\/odettekocht.de\/de\/wp-content\/uploads\/2020\/09\/C696BE03-0427-4661-9F78-48C5CBE68E93-1024x1024.jpeg\" alt=\"Auf einer von der Sonne beschienen Schieferplatte steht ein Teller mit kleinen Pancakes, bestreut mit Puderzucker und frischen gemischten Beeren. Eine kleine Sch\u00fcssel mit Beeren ragt oben ins Bild, links ein Sieb mit Puderzucker.\" class=\"wp-image-590\" srcset=\"https:\/\/odettekocht.de\/de\/wp-content\/uploads\/2020\/09\/C696BE03-0427-4661-9F78-48C5CBE68E93-1024x1024.jpeg 1024w, https:\/\/odettekocht.de\/de\/wp-content\/uploads\/2020\/09\/C696BE03-0427-4661-9F78-48C5CBE68E93-300x300.jpeg 300w, https:\/\/odettekocht.de\/de\/wp-content\/uploads\/2020\/09\/C696BE03-0427-4661-9F78-48C5CBE68E93-150x150.jpeg 150w, https:\/\/odettekocht.de\/de\/wp-content\/uploads\/2020\/09\/C696BE03-0427-4661-9F78-48C5CBE68E93-768x768.jpeg 768w, https:\/\/odettekocht.de\/de\/wp-content\/uploads\/2020\/09\/C696BE03-0427-4661-9F78-48C5CBE68E93-1140x1140.jpeg 1140w, https:\/\/odettekocht.de\/de\/wp-content\/uploads\/2020\/09\/C696BE03-0427-4661-9F78-48C5CBE68E93-75x75.jpeg 75w, https:\/\/odettekocht.de\/de\/wp-content\/uploads\/2020\/09\/C696BE03-0427-4661-9F78-48C5CBE68E93.jpeg 1280w\" sizes=\"auto, (max-width: 1024px) 100vw, 1024px\" \/><\/figure>\n\n\n\n<p>Guten Morgen! Hast Du mich vermisst? Hier war es eine Weile ruhig, denn auch eine vielbesch\u00e4ftigte Foodbloggerin muss mal Urlaub machen&#8230; Und wenn es nach mir gegangen w\u00e4re, h\u00e4tte ich auch gerne noch eine Woche drangeh\u00e4ngt! Aber ist Urlaub nicht immer zu kurz? Ich hatte ehrlich gesagt schon sehr lange nicht mehr dieses Boah-jetzt-reicht\u2018s-mir-aber,-ich-freu-mich-auf-mein-Zuhause-Gef\u00fchl. Wobei es zu Hause ja wirklich sch\u00f6n ist. Nur waren wir dieses Jahr sehr viel zu Hause&#8230;<\/p>\n\n\n\n<!--more-->\n\n\n\n<p>Unseren Urlaub haben wir diesmal &#8211; aufgrund der Corona-Pandemie, der steigenden Zahlen im benachbarten Ausland und Reisewarnungen f\u00fcr Frankreich &#8211; in Deutschland verbracht. Mal abgesehen von St\u00e4dtetrips ist das eigentlich ziemlich ungew\u00f6hnlich f\u00fcr uns, aus gutem Grund. Denn l\u00e4ngeren Urlaub verbringen wir normalerweise mit unserem Wohnwagen, der \u201eKuschelbude\u201c. Die Kuschelbude ist ein echter Oldtimer, Jahrgang 1980 (sorry an alle Mitlesenden mit Jahrgang vor 1990, Ihr seid &#8211; fahrzeugtechnisch betrachtet &#8211; alle Oldtimer!), und seit 16 Jahren in unserem Besitz.<\/p>\n\n\n\n<p>Der allererste Urlaub mit dem Wohnwagen f\u00fchrte uns, schissig wie wir waren, 2004 nach Fehmarn. Auf Nummer sicher, nicht ganz so weit weg, denn diese Art von Campingurlaub war v\u00f6llig neu f\u00fcr uns. Die Jahre zuvor waren wir mit Hauszelt unterwegs &#8211; was f\u00fcr ein unfassbarer Luxus ist da ein Wohnwagen?! Aber das Ding muss ja gefahren, rangiert, aufgestellt und angeschlossen werden. Hoffentlich klappt das alles!<\/p>\n\n\n\n<p>Nun, was soll ich sagen? Der Urlaub begann mit einer Reifenpanne auf halber Strecke, der Feststellung, dass der Ersatzreifen den Namen nicht verdient hatte, und dem Kauf neuer Reifen vor Ort. Der Campingplatz war unser pers\u00f6nlicher Alptraum, vermutlich Drehort schlimmer Serien wie \u201eDeutschland Deine Camper\u201c (ich wei\u00df nicht, ob es diese Serie gibt; falls nicht, darf RTL den Titel gerne verwenden. Gern geschehen.). Er erf\u00fcllte einfach jedes Klischee, das man sich so vorstellt. Danach hatten wir die Schnauze so gr\u00fcndlich voll von Camping in Deutschland, dass wir das bis an unser Lebensende nicht mehr in Betracht gezogen h\u00e4tten, wenn&#8230;<\/p>\n\n\n\n<p>&#8230;ja, wenn nicht Corona dazwischen gekommen w\u00e4re! So haben wir uns ein Herz gefasst und uns &#8211; nach eingehendem Studium der Wettervorhersagen &#8211; dazu entschlossen, nach Brandenburg ins Havelland zu fahren. Und haben es keine Minute bereut! Meine G\u00fcte, war das sch\u00f6n dort!<\/p>\n\n\n\n<figure class=\"wp-block-image size-large\"><img loading=\"lazy\" decoding=\"async\" width=\"958\" height=\"957\" src=\"https:\/\/odettekocht.de\/de\/wp-content\/uploads\/2020\/09\/E069639D-FEA5-4146-9D3A-FA4EF5CADF23-edited.jpeg\" alt=\"Sonnenuntergang an der Havel.\" class=\"wp-image-595\" srcset=\"https:\/\/odettekocht.de\/de\/wp-content\/uploads\/2020\/09\/E069639D-FEA5-4146-9D3A-FA4EF5CADF23-edited.jpeg 958w, https:\/\/odettekocht.de\/de\/wp-content\/uploads\/2020\/09\/E069639D-FEA5-4146-9D3A-FA4EF5CADF23-edited-300x300.jpeg 300w, https:\/\/odettekocht.de\/de\/wp-content\/uploads\/2020\/09\/E069639D-FEA5-4146-9D3A-FA4EF5CADF23-edited-150x150.jpeg 150w, https:\/\/odettekocht.de\/de\/wp-content\/uploads\/2020\/09\/E069639D-FEA5-4146-9D3A-FA4EF5CADF23-edited-768x767.jpeg 768w, https:\/\/odettekocht.de\/de\/wp-content\/uploads\/2020\/09\/E069639D-FEA5-4146-9D3A-FA4EF5CADF23-edited-75x75.jpeg 75w\" sizes=\"auto, (max-width: 958px) 100vw, 958px\" \/><\/figure>\n\n\n\n<p>\u00dcberall Wasser, die Havel und zahlreiche kleine Seen, sch\u00f6ne Landschaft, unz\u00e4hlige Alleen durch die man f\u00e4hrt, schnuckelige D\u00f6rfer, Kopfsteinpflasterstra\u00dfen &#8211; kurz: die Welt im D\u00f6schen. Und \u00fcberall gibt es Stellen, an denen die Zeit stehen geblieben ist. Wie toll das war, diese Stellen zu entdecken!<\/p>\n\n\n\n<figure class=\"wp-block-image size-large\"><img loading=\"lazy\" decoding=\"async\" width=\"1280\" height=\"1280\" src=\"https:\/\/odettekocht.de\/de\/wp-content\/uploads\/2020\/09\/1343167F-E13A-4EC8-A6BD-891F3DE4E663-edited.jpeg\" alt=\"Ein Doppelhaus in Brandenburg, rechte Seite top saniert, links v\u00f6llig unrenoviert, mit abbr\u00f6ckelndem Putz.\" class=\"wp-image-593\" srcset=\"https:\/\/odettekocht.de\/de\/wp-content\/uploads\/2020\/09\/1343167F-E13A-4EC8-A6BD-891F3DE4E663-edited.jpeg 1280w, https:\/\/odettekocht.de\/de\/wp-content\/uploads\/2020\/09\/1343167F-E13A-4EC8-A6BD-891F3DE4E663-edited-300x300.jpeg 300w, https:\/\/odettekocht.de\/de\/wp-content\/uploads\/2020\/09\/1343167F-E13A-4EC8-A6BD-891F3DE4E663-edited-1024x1024.jpeg 1024w, https:\/\/odettekocht.de\/de\/wp-content\/uploads\/2020\/09\/1343167F-E13A-4EC8-A6BD-891F3DE4E663-edited-150x150.jpeg 150w, https:\/\/odettekocht.de\/de\/wp-content\/uploads\/2020\/09\/1343167F-E13A-4EC8-A6BD-891F3DE4E663-edited-768x768.jpeg 768w, https:\/\/odettekocht.de\/de\/wp-content\/uploads\/2020\/09\/1343167F-E13A-4EC8-A6BD-891F3DE4E663-edited-1140x1140.jpeg 1140w, https:\/\/odettekocht.de\/de\/wp-content\/uploads\/2020\/09\/1343167F-E13A-4EC8-A6BD-891F3DE4E663-edited-75x75.jpeg 75w\" sizes=\"auto, (max-width: 1280px) 100vw, 1280px\" \/><\/figure>\n\n\n\n<p>Und wenn man mal Lust auf Stadt hat, sind Potsdam und Berlin um die Ecke.<\/p>\n\n\n\n<p>Der <strong><a href=\"https:\/\/www.havelcamping-ketzin.de\/\">Campingplatz<\/a><\/strong> war \u00fcbrigens prima, gut gelegen, saubere Sanit\u00e4ranlagen, freundliche Betreiber; ich h\u00e4tte mir vielleicht etwas gr\u00f6\u00dfere Stellpl\u00e4tze gew\u00fcnscht. Aber wir hatten vermutlich eh den besten Platz mit Blick auf Kalle\u2018s Garten. Kalle lebt das ganze Jahr auf dem Campingplatz und hat sich da seine eigene kleine Oase erschaffen.<\/p>\n\n\n\n<figure class=\"wp-block-image size-large\"><img loading=\"lazy\" decoding=\"async\" width=\"958\" height=\"1280\" src=\"https:\/\/odettekocht.de\/de\/wp-content\/uploads\/2020\/09\/719D8111-82E8-40E8-B1E5-733E79623777-edited.jpeg\" alt=\"Campingplatz an der Havel mit Blick in den Garten eines Dauercampers. Dahinter geht die Sonne unter.\" class=\"wp-image-599\" srcset=\"https:\/\/odettekocht.de\/de\/wp-content\/uploads\/2020\/09\/719D8111-82E8-40E8-B1E5-733E79623777-edited.jpeg 958w, https:\/\/odettekocht.de\/de\/wp-content\/uploads\/2020\/09\/719D8111-82E8-40E8-B1E5-733E79623777-edited-225x300.jpeg 225w, https:\/\/odettekocht.de\/de\/wp-content\/uploads\/2020\/09\/719D8111-82E8-40E8-B1E5-733E79623777-edited-766x1024.jpeg 766w, https:\/\/odettekocht.de\/de\/wp-content\/uploads\/2020\/09\/719D8111-82E8-40E8-B1E5-733E79623777-edited-768x1026.jpeg 768w\" sizes=\"auto, (max-width: 958px) 100vw, 958px\" \/><figcaption>Kalle\u2018s Garten<\/figcaption><\/figure>\n\n\n\n<h4 class=\"wp-block-heading\">Wollten wir nicht \u00fcber Pancakes sprechen?<\/h4>\n\n\n\n<p>So, wie finde ich nun den eleganten \u00dcbergang zu meinen Pancakes? Hm. Vielleicht: Yay, jetzt sind wir aus dem Urlaub zur\u00fcck und da mache ich uns gleich diese genialen Pancakes zum Fr\u00fchst\u00fcck? Ich f\u00fcrchte, nein. Denn daf\u00fcr fehlen mir definitiv die reifen Bananen, die zuletzt sowieso alle in das gro\u00dfartige <strong><a href=\"https:\/\/odettekocht.de\/de\/2020\/rezepte\/fast-zuckerfreies-knuspermuesli\/\">fast zuckerfreie Knusperm\u00fcsli<\/a><\/strong> gewandert sind. Ich kann im Moment gar nicht genug Bananen kaufen&#8230; Aber m\u00f6glicherweise hast Du noch welche da, dann w\u00e4re dieses Rezept, das mir \u00fcbrigens meine liebe Instagram-Freundin <strong><a href=\"https:\/\/www.instagram.com\/mothers_ad\">Cathrin<\/a><\/strong> gegeben hat, genau das Richtige f\u00fcr diesen Sonntagmorgen! Die Menge reicht f\u00fcr 4 kleine Pancakes.<\/p>\n\n\n\n<h4 class=\"wp-block-heading\">Man nehme<\/h4>\n\n\n\n<ul class=\"wp-block-list\"><li>1 Banane, zerdr\u00fcckt<\/li><li>1 EL Haferflocken (oder andere Flocken, Buchweizen ist z.B. auch sehr lecker)<\/li><li>1 EL Mehl, v\u00f6llig egal, welches. Es funktioniert mit Vollkornmehl genauso gut wie mit Wei\u00dfmehl<\/li><li>1 Ei<\/li><li>1 Messerspitze Backpulver<\/li><li>Kokos\u00f6l zum Braten<\/li><li>frische Fr\u00fcchte je nach Saison oder Kompott <\/li><li>Puderzucker oder Ahornsirup zum Servieren <\/li><\/ul>\n\n\n\n<h4 class=\"wp-block-heading\">So geht\u2019s <\/h4>\n\n\n\n<p>Vermische alle Zutaten und backe 4 kleine Pancakes in einer Pfanne in wenig Kokos\u00f6l aus. Mit frischen Fr\u00fcchten der Saison oder Kompott und nach Lust und Laune mit etwas Puderzucker oder Ahornsirup servieren.<\/p>\n\n\n\n<p>Es ist \u00fcbrigens korrekt, dass kein Zucker in den Teig kommt; die Banane ist ausreichend s\u00fc\u00df. Wer mehr Zucker will, darf den dann obendrauf geben.<\/p>\n\n\n\n<p>Flocken und Mehl kannst Du beliebig austauschen, ich hab schon alle m\u00f6glichen Varianten ausprobiert, die Pancakes werden immer lecker!<\/p>\n","protected":false},"excerpt":{"rendered":"<p>Guten Morgen! Hast Du mich vermisst? Hier war es eine Weile ruhig, denn auch eine vielbesch\u00e4ftigte Foodbloggerin muss mal Urlaub machen&#8230; Und wenn es nach mir gegangen w\u00e4re, h\u00e4tte ich auch gerne noch eine Woche drangeh\u00e4ngt! Aber ist Urlaub nicht immer zu kurz? Ich hatte ehrlich gesagt schon sehr lange nicht mehr dieses Boah-jetzt-reicht\u2018s-mir-aber,-ich-freu-mich-auf-mein-Zuhause-Gef\u00fchl. Wobei es zu Hause ja wirklich sch\u00f6n ist. Nur waren wir dieses Jahr sehr viel zu Hause&#8230;<\/p>\n","protected":false},"author":1,"featured_media":0,"comment_status":"open","ping_status":"open","sticky":false,"template":"","format":"standard","meta":{"footnotes":""},"categories":[1],"tags":[],"class_list":["post-589","post","type-post","status-publish","format-standard","hentry","category-rezepte"],"yoast_head":"<!-- This site is optimized with the Yoast SEO plugin v27.5 - https:\/\/yoast.com\/product\/yoast-seo-wordpress\/ -->\n<title>Fr\u00fchst\u00fccks-Pancakes - ODETTE KOCHT<\/title>\n<meta name=\"description\" content=\"Eigentlich geht es hier um super leckere Fr\u00fchst\u00fccks-Pancakes. Mit nur f\u00fcnf Zutaten. Im Handumdrehen fertig und ohne zugesetzten Zucker!\" \/>\n<meta name=\"robots\" content=\"index, follow, max-snippet:-1, max-image-preview:large, max-video-preview:-1\" \/>\n<link rel=\"canonical\" href=\"https:\/\/odettekocht.de\/de\/2020\/rezepte\/fruehstuecks-pancakes\/\" \/>\n<meta property=\"og:locale\" content=\"de_DE\" \/>\n<meta property=\"og:type\" content=\"article\" \/>\n<meta property=\"og:title\" content=\"Fr\u00fchst\u00fccks-Pancakes - ODETTE KOCHT\" \/>\n<meta property=\"og:description\" content=\"Eigentlich geht es hier um super leckere Fr\u00fchst\u00fccks-Pancakes. Mit nur f\u00fcnf Zutaten. Im Handumdrehen fertig und ohne zugesetzten Zucker!\" \/>\n<meta property=\"og:url\" content=\"https:\/\/odettekocht.de\/de\/2020\/rezepte\/fruehstuecks-pancakes\/\" \/>\n<meta property=\"og:site_name\" content=\"ODETTE KOCHT\" \/>\n<meta property=\"article:published_time\" content=\"2020-09-13T08:53:27+00:00\" \/>\n<meta property=\"article:modified_time\" content=\"2020-09-15T16:15:14+00:00\" \/>\n<meta property=\"og:image\" content=\"https:\/\/odettekocht.de\/de\/wp-content\/uploads\/2020\/09\/C696BE03-0427-4661-9F78-48C5CBE68E93-1024x1024.jpeg\" \/>\n<meta name=\"author\" content=\"Odette\" \/>\n<meta name=\"twitter:card\" content=\"summary_large_image\" \/>\n<meta name=\"twitter:label1\" content=\"Verfasst von\" \/>\n\t<meta name=\"twitter:data1\" content=\"Odette\" \/>\n\t<meta name=\"twitter:label2\" content=\"Gesch\u00e4tzte Lesezeit\" \/>\n\t<meta name=\"twitter:data2\" content=\"4\u00a0Minuten\" \/>\n<script type=\"application\/ld+json\" class=\"yoast-schema-graph\">{\"@context\":\"https:\\\/\\\/schema.org\",\"@graph\":[{\"@type\":\"Article\",\"@id\":\"https:\\\/\\\/odettekocht.de\\\/de\\\/2020\\\/rezepte\\\/fruehstuecks-pancakes\\\/#article\",\"isPartOf\":{\"@id\":\"https:\\\/\\\/odettekocht.de\\\/de\\\/2020\\\/rezepte\\\/fruehstuecks-pancakes\\\/\"},\"author\":{\"name\":\"Odette\",\"@id\":\"https:\\\/\\\/odettekocht.de\\\/de\\\/#\\\/schema\\\/person\\\/a18de4234a9756c34375e14890d733f7\"},\"headline\":\"Fr\u00fchst\u00fccks-Pancakes\",\"datePublished\":\"2020-09-13T08:53:27+00:00\",\"dateModified\":\"2020-09-15T16:15:14+00:00\",\"mainEntityOfPage\":{\"@id\":\"https:\\\/\\\/odettekocht.de\\\/de\\\/2020\\\/rezepte\\\/fruehstuecks-pancakes\\\/\"},\"wordCount\":753,\"commentCount\":4,\"publisher\":{\"@id\":\"https:\\\/\\\/odettekocht.de\\\/de\\\/#\\\/schema\\\/person\\\/a18de4234a9756c34375e14890d733f7\"},\"image\":{\"@id\":\"https:\\\/\\\/odettekocht.de\\\/de\\\/2020\\\/rezepte\\\/fruehstuecks-pancakes\\\/#primaryimage\"},\"thumbnailUrl\":\"https:\\\/\\\/odettekocht.de\\\/de\\\/wp-content\\\/uploads\\\/2020\\\/09\\\/C696BE03-0427-4661-9F78-48C5CBE68E93-1024x1024.jpeg\",\"articleSection\":[\"Rezepte\"],\"inLanguage\":\"de\",\"potentialAction\":[{\"@type\":\"CommentAction\",\"name\":\"Comment\",\"target\":[\"https:\\\/\\\/odettekocht.de\\\/de\\\/2020\\\/rezepte\\\/fruehstuecks-pancakes\\\/#respond\"]}]},{\"@type\":\"WebPage\",\"@id\":\"https:\\\/\\\/odettekocht.de\\\/de\\\/2020\\\/rezepte\\\/fruehstuecks-pancakes\\\/\",\"url\":\"https:\\\/\\\/odettekocht.de\\\/de\\\/2020\\\/rezepte\\\/fruehstuecks-pancakes\\\/\",\"name\":\"Fr\u00fchst\u00fccks-Pancakes - ODETTE KOCHT\",\"isPartOf\":{\"@id\":\"https:\\\/\\\/odettekocht.de\\\/de\\\/#website\"},\"primaryImageOfPage\":{\"@id\":\"https:\\\/\\\/odettekocht.de\\\/de\\\/2020\\\/rezepte\\\/fruehstuecks-pancakes\\\/#primaryimage\"},\"image\":{\"@id\":\"https:\\\/\\\/odettekocht.de\\\/de\\\/2020\\\/rezepte\\\/fruehstuecks-pancakes\\\/#primaryimage\"},\"thumbnailUrl\":\"https:\\\/\\\/odettekocht.de\\\/de\\\/wp-content\\\/uploads\\\/2020\\\/09\\\/C696BE03-0427-4661-9F78-48C5CBE68E93-1024x1024.jpeg\",\"datePublished\":\"2020-09-13T08:53:27+00:00\",\"dateModified\":\"2020-09-15T16:15:14+00:00\",\"description\":\"Eigentlich geht es hier um super leckere Fr\u00fchst\u00fccks-Pancakes. Mit nur f\u00fcnf Zutaten. Im Handumdrehen fertig und ohne zugesetzten Zucker!\",\"breadcrumb\":{\"@id\":\"https:\\\/\\\/odettekocht.de\\\/de\\\/2020\\\/rezepte\\\/fruehstuecks-pancakes\\\/#breadcrumb\"},\"inLanguage\":\"de\",\"potentialAction\":[{\"@type\":\"ReadAction\",\"target\":[\"https:\\\/\\\/odettekocht.de\\\/de\\\/2020\\\/rezepte\\\/fruehstuecks-pancakes\\\/\"]}]},{\"@type\":\"ImageObject\",\"inLanguage\":\"de\",\"@id\":\"https:\\\/\\\/odettekocht.de\\\/de\\\/2020\\\/rezepte\\\/fruehstuecks-pancakes\\\/#primaryimage\",\"url\":\"https:\\\/\\\/odettekocht.de\\\/de\\\/wp-content\\\/uploads\\\/2020\\\/09\\\/C696BE03-0427-4661-9F78-48C5CBE68E93-1024x1024.jpeg\",\"contentUrl\":\"https:\\\/\\\/odettekocht.de\\\/de\\\/wp-content\\\/uploads\\\/2020\\\/09\\\/C696BE03-0427-4661-9F78-48C5CBE68E93-1024x1024.jpeg\"},{\"@type\":\"BreadcrumbList\",\"@id\":\"https:\\\/\\\/odettekocht.de\\\/de\\\/2020\\\/rezepte\\\/fruehstuecks-pancakes\\\/#breadcrumb\",\"itemListElement\":[{\"@type\":\"ListItem\",\"position\":1,\"name\":\"Startseite\",\"item\":\"https:\\\/\\\/odettekocht.de\\\/de\\\/\"},{\"@type\":\"ListItem\",\"position\":2,\"name\":\"Fr\u00fchst\u00fccks-Pancakes\"}]},{\"@type\":\"WebSite\",\"@id\":\"https:\\\/\\\/odettekocht.de\\\/de\\\/#website\",\"url\":\"https:\\\/\\\/odettekocht.de\\\/de\\\/\",\"name\":\"ODETTE KOCHT\",\"description\":\"QUERBEET | KREATIV | NEUGIERIG\",\"publisher\":{\"@id\":\"https:\\\/\\\/odettekocht.de\\\/de\\\/#\\\/schema\\\/person\\\/a18de4234a9756c34375e14890d733f7\"},\"potentialAction\":[{\"@type\":\"SearchAction\",\"target\":{\"@type\":\"EntryPoint\",\"urlTemplate\":\"https:\\\/\\\/odettekocht.de\\\/de\\\/?s={search_term_string}\"},\"query-input\":{\"@type\":\"PropertyValueSpecification\",\"valueRequired\":true,\"valueName\":\"search_term_string\"}}],\"inLanguage\":\"de\"},{\"@type\":[\"Person\",\"Organization\"],\"@id\":\"https:\\\/\\\/odettekocht.de\\\/de\\\/#\\\/schema\\\/person\\\/a18de4234a9756c34375e14890d733f7\",\"name\":\"Odette\",\"logo\":{\"@id\":\"https:\\\/\\\/odettekocht.de\\\/de\\\/#\\\/schema\\\/person\\\/image\\\/\"}}]}<\/script>\n<!-- \/ Yoast SEO plugin. -->","yoast_head_json":{"title":"Fr\u00fchst\u00fccks-Pancakes - ODETTE KOCHT","description":"Eigentlich geht es hier um super leckere Fr\u00fchst\u00fccks-Pancakes. Mit nur f\u00fcnf Zutaten. Im Handumdrehen fertig und ohne zugesetzten Zucker!","robots":{"index":"index","follow":"follow","max-snippet":"max-snippet:-1","max-image-preview":"max-image-preview:large","max-video-preview":"max-video-preview:-1"},"canonical":"https:\/\/odettekocht.de\/de\/2020\/rezepte\/fruehstuecks-pancakes\/","og_locale":"de_DE","og_type":"article","og_title":"Fr\u00fchst\u00fccks-Pancakes - ODETTE KOCHT","og_description":"Eigentlich geht es hier um super leckere Fr\u00fchst\u00fccks-Pancakes. Mit nur f\u00fcnf Zutaten. Im Handumdrehen fertig und ohne zugesetzten Zucker!","og_url":"https:\/\/odettekocht.de\/de\/2020\/rezepte\/fruehstuecks-pancakes\/","og_site_name":"ODETTE KOCHT","article_published_time":"2020-09-13T08:53:27+00:00","article_modified_time":"2020-09-15T16:15:14+00:00","og_image":[{"url":"https:\/\/odettekocht.de\/de\/wp-content\/uploads\/2020\/09\/C696BE03-0427-4661-9F78-48C5CBE68E93-1024x1024.jpeg","type":"","width":"","height":""}],"author":"Odette","twitter_card":"summary_large_image","twitter_misc":{"Verfasst von":"Odette","Gesch\u00e4tzte Lesezeit":"4\u00a0Minuten"},"schema":{"@context":"https:\/\/schema.org","@graph":[{"@type":"Article","@id":"https:\/\/odettekocht.de\/de\/2020\/rezepte\/fruehstuecks-pancakes\/#article","isPartOf":{"@id":"https:\/\/odettekocht.de\/de\/2020\/rezepte\/fruehstuecks-pancakes\/"},"author":{"name":"Odette","@id":"https:\/\/odettekocht.de\/de\/#\/schema\/person\/a18de4234a9756c34375e14890d733f7"},"headline":"Fr\u00fchst\u00fccks-Pancakes","datePublished":"2020-09-13T08:53:27+00:00","dateModified":"2020-09-15T16:15:14+00:00","mainEntityOfPage":{"@id":"https:\/\/odettekocht.de\/de\/2020\/rezepte\/fruehstuecks-pancakes\/"},"wordCount":753,"commentCount":4,"publisher":{"@id":"https:\/\/odettekocht.de\/de\/#\/schema\/person\/a18de4234a9756c34375e14890d733f7"},"image":{"@id":"https:\/\/odettekocht.de\/de\/2020\/rezepte\/fruehstuecks-pancakes\/#primaryimage"},"thumbnailUrl":"https:\/\/odettekocht.de\/de\/wp-content\/uploads\/2020\/09\/C696BE03-0427-4661-9F78-48C5CBE68E93-1024x1024.jpeg","articleSection":["Rezepte"],"inLanguage":"de","potentialAction":[{"@type":"CommentAction","name":"Comment","target":["https:\/\/odettekocht.de\/de\/2020\/rezepte\/fruehstuecks-pancakes\/#respond"]}]},{"@type":"WebPage","@id":"https:\/\/odettekocht.de\/de\/2020\/rezepte\/fruehstuecks-pancakes\/","url":"https:\/\/odettekocht.de\/de\/2020\/rezepte\/fruehstuecks-pancakes\/","name":"Fr\u00fchst\u00fccks-Pancakes - ODETTE KOCHT","isPartOf":{"@id":"https:\/\/odettekocht.de\/de\/#website"},"primaryImageOfPage":{"@id":"https:\/\/odettekocht.de\/de\/2020\/rezepte\/fruehstuecks-pancakes\/#primaryimage"},"image":{"@id":"https:\/\/odettekocht.de\/de\/2020\/rezepte\/fruehstuecks-pancakes\/#primaryimage"},"thumbnailUrl":"https:\/\/odettekocht.de\/de\/wp-content\/uploads\/2020\/09\/C696BE03-0427-4661-9F78-48C5CBE68E93-1024x1024.jpeg","datePublished":"2020-09-13T08:53:27+00:00","dateModified":"2020-09-15T16:15:14+00:00","description":"Eigentlich geht es hier um super leckere Fr\u00fchst\u00fccks-Pancakes. Mit nur f\u00fcnf Zutaten. Im Handumdrehen fertig und ohne zugesetzten Zucker!","breadcrumb":{"@id":"https:\/\/odettekocht.de\/de\/2020\/rezepte\/fruehstuecks-pancakes\/#breadcrumb"},"inLanguage":"de","potentialAction":[{"@type":"ReadAction","target":["https:\/\/odettekocht.de\/de\/2020\/rezepte\/fruehstuecks-pancakes\/"]}]},{"@type":"ImageObject","inLanguage":"de","@id":"https:\/\/odettekocht.de\/de\/2020\/rezepte\/fruehstuecks-pancakes\/#primaryimage","url":"https:\/\/odettekocht.de\/de\/wp-content\/uploads\/2020\/09\/C696BE03-0427-4661-9F78-48C5CBE68E93-1024x1024.jpeg","contentUrl":"https:\/\/odettekocht.de\/de\/wp-content\/uploads\/2020\/09\/C696BE03-0427-4661-9F78-48C5CBE68E93-1024x1024.jpeg"},{"@type":"BreadcrumbList","@id":"https:\/\/odettekocht.de\/de\/2020\/rezepte\/fruehstuecks-pancakes\/#breadcrumb","itemListElement":[{"@type":"ListItem","position":1,"name":"Startseite","item":"https:\/\/odettekocht.de\/de\/"},{"@type":"ListItem","position":2,"name":"Fr\u00fchst\u00fccks-Pancakes"}]},{"@type":"WebSite","@id":"https:\/\/odettekocht.de\/de\/#website","url":"https:\/\/odettekocht.de\/de\/","name":"ODETTE KOCHT","description":"QUERBEET | KREATIV | NEUGIERIG","publisher":{"@id":"https:\/\/odettekocht.de\/de\/#\/schema\/person\/a18de4234a9756c34375e14890d733f7"},"potentialAction":[{"@type":"SearchAction","target":{"@type":"EntryPoint","urlTemplate":"https:\/\/odettekocht.de\/de\/?s={search_term_string}"},"query-input":{"@type":"PropertyValueSpecification","valueRequired":true,"valueName":"search_term_string"}}],"inLanguage":"de"},{"@type":["Person","Organization"],"@id":"https:\/\/odettekocht.de\/de\/#\/schema\/person\/a18de4234a9756c34375e14890d733f7","name":"Odette","logo":{"@id":"https:\/\/odettekocht.de\/de\/#\/schema\/person\/image\/"}}]}},"acf":[],"_links":{"self":[{"href":"https:\/\/odettekocht.de\/de\/wp-json\/wp\/v2\/posts\/589","targetHints":{"allow":["GET"]}}],"collection":[{"href":"https:\/\/odettekocht.de\/de\/wp-json\/wp\/v2\/posts"}],"about":[{"href":"https:\/\/odettekocht.de\/de\/wp-json\/wp\/v2\/types\/post"}],"author":[{"embeddable":true,"href":"https:\/\/odettekocht.de\/de\/wp-json\/wp\/v2\/users\/1"}],"replies":[{"embeddable":true,"href":"https:\/\/odettekocht.de\/de\/wp-json\/wp\/v2\/comments?post=589"}],"version-history":[{"count":12,"href":"https:\/\/odettekocht.de\/de\/wp-json\/wp\/v2\/posts\/589\/revisions"}],"predecessor-version":[{"id":611,"href":"https:\/\/odettekocht.de\/de\/wp-json\/wp\/v2\/posts\/589\/revisions\/611"}],"wp:attachment":[{"href":"https:\/\/odettekocht.de\/de\/wp-json\/wp\/v2\/media?parent=589"}],"wp:term":[{"taxonomy":"category","embeddable":true,"href":"https:\/\/odettekocht.de\/de\/wp-json\/wp\/v2\/categories?post=589"},{"taxonomy":"post_tag","embeddable":true,"href":"https:\/\/odettekocht.de\/de\/wp-json\/wp\/v2\/tags?post=589"}],"curies":[{"name":"wp","href":"https:\/\/api.w.org\/{rel}","templated":true}]}}