{"id":988,"date":"2021-06-01T17:08:45","date_gmt":"2021-06-01T15:08:45","guid":{"rendered":"https:\/\/odettekocht.de\/de\/?p=988"},"modified":"2021-12-18T14:59:51","modified_gmt":"2021-12-18T13:59:51","slug":"monatsrueckblick-bye-bye-mai","status":"publish","type":"post","link":"https:\/\/odettekocht.de\/de\/2021\/persoenliches\/monatsrueckblick\/monatsrueckblick-bye-bye-mai\/","title":{"rendered":"Monatsr\u00fcckblick: Bye bye Mai"},"content":{"rendered":"\n<figure class=\"wp-block-image size-large\"><img loading=\"lazy\" decoding=\"async\" width=\"1024\" height=\"1024\" src=\"https:\/\/odettekocht.de\/de\/wp-content\/uploads\/2021\/05\/02091406-3D17-4787-BBC8-F8BE72A79F9B-1024x1024.jpeg\" alt=\"Blick auf alte Neusser Stadtvillen, die hinter bl\u00fchenden B\u00fcschen und B\u00e4umen versteckt stehen. Die Morgensonne im Mai wirft Schatten.\" class=\"wp-image-1018\" srcset=\"https:\/\/odettekocht.de\/de\/wp-content\/uploads\/2021\/05\/02091406-3D17-4787-BBC8-F8BE72A79F9B-1024x1024.jpeg 1024w, https:\/\/odettekocht.de\/de\/wp-content\/uploads\/2021\/05\/02091406-3D17-4787-BBC8-F8BE72A79F9B-300x300.jpeg 300w, https:\/\/odettekocht.de\/de\/wp-content\/uploads\/2021\/05\/02091406-3D17-4787-BBC8-F8BE72A79F9B-150x150.jpeg 150w, https:\/\/odettekocht.de\/de\/wp-content\/uploads\/2021\/05\/02091406-3D17-4787-BBC8-F8BE72A79F9B-768x768.jpeg 768w, https:\/\/odettekocht.de\/de\/wp-content\/uploads\/2021\/05\/02091406-3D17-4787-BBC8-F8BE72A79F9B-1140x1140.jpeg 1140w, https:\/\/odettekocht.de\/de\/wp-content\/uploads\/2021\/05\/02091406-3D17-4787-BBC8-F8BE72A79F9B-75x75.jpeg 75w, https:\/\/odettekocht.de\/de\/wp-content\/uploads\/2021\/05\/02091406-3D17-4787-BBC8-F8BE72A79F9B.jpeg 1280w\" sizes=\"auto, (max-width: 1024px) 100vw, 1024px\" \/><\/figure>\n\n\n\n<p>Der Mai fing direkt mit einem Umzug an. Dem der Tochter. <strong><a href=\"https:\/\/odettekocht.de\/de\/2021\/rezepte\/monatsrueckblick-bye-bye-april\/\">Im April haben wir noch renoviert<\/a><\/strong>, Anfang Mai zog das Kind dann in ihr neues Schmuckk\u00e4stchen ein. Mit Hilfe der Familie, die einfach immer da ist, wenn man sie mal braucht. Und mit Hilfe von einigen wenigen guten Freunden, die auch da sind, wenn man sie braucht. So haben wir den kompletten Umzug in nur einem Tag geschafft, inklusive Aufbau von dr\u00f6lfzigtausend Ikea-Schr\u00e4nken und -Regalen. Um 18 Uhr waren alle Kartons ausgepackt und &#8211; bis auf Kleinigkeiten &#8211; alles fertig! Tiptop.<\/p>\n\n\n\n<!--more-->\n\n\n\n<p>Kurz darauf hatten der beste Mann von allen und ich unseren 30. Hochzeitstag. Auweia. 30 Jahre!!! Unfassbar! Ich f\u00fchle mich ein bisschen wie Methusalem, wenn ich das schreibe oder ausspreche. Aber so ist das. Und es ist gut so. Immer noch. Und immer wieder. Ich m\u00f6chte keinen Tag missen. Oder allerh\u00f6chstens sehr wenige Tage&#8230; *zwinker*. Auf jeden Fall sind die Jahre wie im Flug vergangen; verr\u00fcckt, wie einem das Leben um die Ohren fliegt.<\/p>\n\n\n\n<p>Dann habe ich im Mai endlich meinen neuen Job begonnen. Nach drei Monaten des s\u00fc\u00dfen Nichtstuns &#8211; und da kann man sich echt dran gew\u00f6hnen! Also nicht, dass ich Langeweile gehabt h\u00e4tte oder die Tage mit einem Buch in der Hand im Sessel verbracht h\u00e4tte. Nein, ich war ausreichend besch\u00e4ftigt und habe mich nach k\u00fcrzester Zeit schon gefragt, wie ich jemals wieder einen Beruf in meinen Alltag integrieren soll?! Tja, es geht. Aber das neue Timing ist eine Herausforderung. Pl\u00f6tzlich um acht Uhr im B\u00fcro sein zu m\u00fcssen wirft den ganzen morgendlichen Rhythmus durcheinander. Jetzt muss ich um kurz vor sieben den Mann aus dem Bett scheuchen (der um jede Minute k\u00e4mpft), damit wir wenigstens noch 15 Minuten Yoga zusammen machen k\u00f6nnen. <\/p>\n\n\n\n<p>Denn ein Tag, der mit Yoga anf\u00e4ngt, wird ein guter Tag. Vor zwei Jahren h\u00e4tte ich \u00fcber eine solche Aussage noch herzhaft gelacht; heute stehe ich extra fr\u00fcher auf und verzichte auf\u2018s Fr\u00fchst\u00fcck, damit ich noch ein bisschen Yoga machen kann. F\u00fcr das Fr\u00fchst\u00fcck m\u00fcsste ich <em>noch<\/em> eine halbe Stunde eher aufstehen und das geht auf gar keinen Fall. Au\u00dferdem habe ich in aller Herrgottsfr\u00fche noch gar keinen Hunger&#8230; Also nenne ich das Ganze jetzt Intervall-Fasten, 16:8, und liege damit total im Trend, hihi. Und irgendwie \u00fcberstehe ich die Zeit bis zum Mittagessen auch, ohne in Ohnmacht zu fallen.<\/p>\n\n\n\n<p>Aber hey, daf\u00fcr habe ich nat\u00fcrlich auch fr\u00fcher Feierabend, was auch seinen Charme hat. Uuund ich fahre jetzt mit der Stra\u00dfenbahn ins B\u00fcro, was super gut funktioniert und nat\u00fcrlich viel entspannter ist, als sich durch den morgendlichen Stau zu qu\u00e4len. So habe ich pl\u00f6tzlich extra Zeit zu lesen, etwas zu h\u00f6ren (Musik, Podcasts oder H\u00f6rb\u00fccher) und dabei aus dem Fenster zu schauen oder ein bisschen <strong><a href=\"https:\/\/odettekocht.de\/de\/\">Instagram<\/a><\/strong> zu machen. Au\u00dferdem arbeite ich jetzt in einem wirklich sch\u00f6nen Stadtteil von D\u00fcsseldorf, sodass ich nach der Arbeit noch ein bisschen bummeln gehen kann, wenn mir danach ist.<\/p>\n\n\n\n<p>Ach so, ja, und der Job selbst l\u00e4uft von Woche zu Woche besser und geschmeidiger. Nach 15 Jahren wieder \u201edie Neue\u201c irgendwo zu sein, ist ein komisches Gef\u00fchl und vor dem ersten Tag im B\u00fcro war ich dann doch ganz sch\u00f6n nerv\u00f6s. Aber ich wurde so nett empfangen und meine Kollegin, die mich einarbeitet, hat eine Engelsgeduld. Es gibt so viel Neues f\u00fcr mich zu lernen, aber so langsam groove ich mich ein und f\u00fchle mich nicht mehr ganz so ahnungslos.<\/p>\n\n\n\n<p>Einen Geburtstag haben wir im Mai auch noch gefeiert: Der Lieblingssohn wurde 27 Jahre alt. Ich k\u00f6nnte schw\u00f6ren, dass er noch vorgestern auf meinem Scho\u00df sitzen wollte und morgens ins Bett zum Kuscheln kam. Seufz. Ihm hast Du \u00fcbrigens den<strong> <a href=\"https:\/\/odettekocht.de\/de\/2021\/rezepte\/oktopus-stew\/\">Oktopus-Stew<\/a><\/strong> von letzter Woche zu verdanken! Er w\u00fcnschte sich n\u00e4mlich, von mir bekocht zu werden. Und weil er seit meinen ersten Versuchen genauso von geschmortem Oktopus schw\u00e4rmt wie ich, war es naheliegend, dieses Gericht f\u00fcr ihn zu kochen.<\/p>\n\n\n\n<h4 class=\"wp-block-heading\">Gesehen<\/h4>\n\n\n\n<p>Mit dem Mann: <strong>Dark<\/strong> angefangen und nach 4 Folgen abgebrochen. Eine deutsche Produktion, sehr gut besetzt. Aber irgendwie hat uns diese Mystery-Serie nicht abgeholt. Die ununterbrochen dramatisch-gef\u00e4hrliche Soundkulisse hat mich so genervt und die Story leider nicht spannender gemacht. Als ich dann h\u00f6rte, dass es mehr als eine Staffel davon gibt, war ich raus. (Netflix)<\/p>\n\n\n\n<p>Daf\u00fcr hab ich dann den Mann \u00fcberzeugt, <strong>This Is Us<\/strong> zusammen mit mir anzuschauen. Wie sehr mich (und die Lieblingstochter) diese Serie begeistert hat, habe ich hier schon mal geschrieben. Jede Folge haben wir mit Pipi in den Augen gesehen. Ich war mir so sicher, dass der beste Mann von allen diese Serie ebenfalls lieben w\u00fcrde. Und habe Recht behalten! Falls Du sie noch nicht kennst, kann ich sie Dir nur ganz unbedingt ans Herz legen &#8211; im wahrsten Sinne des Wortes. Wem die Geschichte von Jack und Rebecca und ihren drei Kindern nicht zu Herzen geht, mit dem stimmt einfach was nicht! (Amazon Prime)<\/p>\n\n\n\n<p>Mit der Lieblingstochter: <strong>Big Little Lies<\/strong>, Staffel 2 angefangen, aber noch nicht weit gekommen. Dazu im n\u00e4chsten R\u00fcckblick mehr. (Sky)<\/p>\n\n\n\n<p>Zwischendurch <strong>Kick It Like Beckham<\/strong> (DVD). Nat\u00fcrlich nur <strong><a href=\"https:\/\/odettekocht.de\/de\/2021\/rezepte\/aloo-gobi\/\">deswegen<\/a><\/strong>. <\/p>\n\n\n\n<p>Und endlich, endlich ist <strong>GNTM<\/strong> zu Ende. Gottseidank!<\/p>\n\n\n\n<h4 class=\"wp-block-heading\">Geh\u00f6rt<\/h4>\n\n\n\n<p><strong>M\u00e4ngelexemplar<\/strong> von Sarah Kuttner. Noch eine junge Frau, die den Boden unter den F\u00fc\u00dfen verliert. Es geht um das ernste Thema Depression und Panikattacken und wie immer schafft es Sarah Kuttner, das Ganze trotz aller Ernsthaftigkeit mit einer gewissen Leichtigkeit und einer Portion Humor zu erz\u00e4hlen. Ich wei\u00df aber noch nicht, wie\u2018s ausgeht.<\/p>\n\n\n\n<p>Dann h\u00f6re ich immer mal wieder den <strong>Nat\u00fcrlich Gesund<\/strong> Podcast. Wirklich interessant fand ich diese Folge hier <strong><a href=\"https:\/\/podcasts.apple.com\/de\/podcast\/nat%C3%BCrlich-gesund\/id1450750541?i=1000516702177\">Gesundheit beginnt im Mund<\/a><\/strong>. Ein Interview mit der Zahn\u00e4rztin Dr. Sandra Weber, die sich in ihrer Arbeit auch auf den Darm spezialisiert hat, seit ihr klar wurde, dass Mund- und Darmgesundheit unmittelbar zusammenh\u00e4ngen. Echt spannend.<\/p>\n\n\n\n<h4 class=\"wp-block-heading\">Gelesen<\/h4>\n\n\n\n<p><strong>Die Harpyie<\/strong> von Megan Hunter. Lucy erf\u00e4hrt, dass ihr Mann sie betrogen hat und ist zutiefst verletzt. Sie schlie\u00dft mit ihm einen Pakt, dass sie ihn ebenfalls verletzen darf. Dreimal, dann sind sie quitt. &#8211; Was f\u00fcr eine b\u00f6se Geschichte! Und ich hab erst die erste Verletzung hinter mir, zwei kommen also noch.<\/p>\n\n\n\n<h4 class=\"wp-block-heading\">Neue Kochb\u00fccher<\/h4>\n\n\n\n<p>Der Mai war mein Gl\u00fccksmonat, denn die beiden Kochb\u00fccher, die neu im Regal stehen, habe ich tats\u00e4chlich beide bei Gewinnspielen gewonnen! Und das mir, die ich jahrelang behauptet habe, dass ich nie etwas bei Gewinnspielen gewinne! Das konnte nat\u00fcrlich auch daran gelegen haben, dass ich kaum an welchen teilnehme&#8230;<\/p>\n\n\n\n<p>Neu sind also <strong>Verliebt in Paris &#8211; Rezepte &amp; Geschichten<\/strong> und <strong>Meine italienische Reise &#8211; oder wie ich mir in Sizilien einen uralten Cinquecento kaufte und einfach nach Hause fuhr<\/strong>. Das eine Buch entf\u00fchrt also nach Italien (seufz) und das andere nach Paris (seeeuuufzzz). Und beide B\u00fccher vereinen Geschichten mit Rezepten und sch\u00f6nen Bildern, wobei die italienische Reise den Schwerpunkt auf der Geschichte hat. Muss ich aber noch in Ruhe lesen!<\/p>\n\n\n\n<div style=\"height:100px\" aria-hidden=\"true\" class=\"wp-block-spacer\"><\/div>\n\n\n\n<p><em>Dieser Beitrag enth\u00e4lt Marken-, Menschen- und Produktnennungen sowie Verlinkungen. Dies gilt nach derzeitiger Rechtslage als Werbung und somit kennzeichne ich diesen Beitrag als WERBUNG. Dennoch gilt: Alle hier genannten Produkte, Marken, Menschen oder Orte sind als pers\u00f6nliche und unentgeltliche Empfehlung zu betrachten! Jede bezahlte Kooperation wird immer als solche gekennzeichnet.<\/em><\/p>\n","protected":false},"excerpt":{"rendered":"<p>Der Mai fing direkt mit einem Umzug an. Dem der Tochter. Im April haben wir noch renoviert, Anfang Mai zog das Kind dann in ihr neues Schmuckk\u00e4stchen ein. Mit Hilfe der Familie, die einfach immer da ist, wenn man sie mal braucht. Und mit Hilfe von einigen wenigen guten Freunden, die auch da sind, wenn man sie braucht. So haben wir den kompletten Umzug in nur einem Tag geschafft, inklusive Aufbau von dr\u00f6lfzigtausend Ikea-Schr\u00e4nken und -Regalen. Um 18 Uhr waren alle Kartons ausgepackt und &#8211; bis auf Kleinigkeiten &#8211; alles fertig! Tiptop.<\/p>\n","protected":false},"author":1,"featured_media":0,"comment_status":"open","ping_status":"open","sticky":false,"template":"","format":"standard","meta":{"footnotes":""},"categories":[301],"tags":[300],"class_list":["post-988","post","type-post","status-publish","format-standard","hentry","category-monatsrueckblick","tag-monatsrueckblick"],"yoast_head":"<!-- This site is optimized with the Yoast SEO plugin v27.5 - https:\/\/yoast.com\/product\/yoast-seo-wordpress\/ -->\n<title>Monatsr\u00fcckblick: Bye bye Mai - ODETTE KOCHT<\/title>\n<meta name=\"description\" content=\"Mein pers\u00f6nlicher R\u00fcckblick auf den Mai. Was alles so passiert ist und warum der Mai ein guter Monat f\u00fcr mich war...\" \/>\n<meta name=\"robots\" content=\"index, follow, max-snippet:-1, max-image-preview:large, max-video-preview:-1\" \/>\n<link rel=\"canonical\" href=\"https:\/\/odettekocht.de\/de\/2021\/persoenliches\/monatsrueckblick\/monatsrueckblick-bye-bye-mai\/\" \/>\n<meta property=\"og:locale\" content=\"de_DE\" \/>\n<meta property=\"og:type\" content=\"article\" \/>\n<meta property=\"og:title\" content=\"Monatsr\u00fcckblick: Bye bye Mai - ODETTE KOCHT\" \/>\n<meta property=\"og:description\" content=\"Mein pers\u00f6nlicher R\u00fcckblick auf den Mai. Was alles so passiert ist und warum der Mai ein guter Monat f\u00fcr mich war...\" \/>\n<meta property=\"og:url\" content=\"https:\/\/odettekocht.de\/de\/2021\/persoenliches\/monatsrueckblick\/monatsrueckblick-bye-bye-mai\/\" \/>\n<meta property=\"og:site_name\" content=\"ODETTE KOCHT\" \/>\n<meta property=\"article:published_time\" content=\"2021-06-01T15:08:45+00:00\" \/>\n<meta property=\"article:modified_time\" content=\"2021-12-18T13:59:51+00:00\" \/>\n<meta property=\"og:image\" content=\"https:\/\/odettekocht.de\/de\/wp-content\/uploads\/2021\/05\/02091406-3D17-4787-BBC8-F8BE72A79F9B-1024x1024.jpeg\" \/>\n<meta name=\"author\" content=\"Odette\" \/>\n<meta name=\"twitter:card\" content=\"summary_large_image\" \/>\n<meta name=\"twitter:label1\" content=\"Verfasst von\" \/>\n\t<meta name=\"twitter:data1\" content=\"Odette\" \/>\n\t<meta name=\"twitter:label2\" content=\"Gesch\u00e4tzte Lesezeit\" \/>\n\t<meta name=\"twitter:data2\" content=\"7\u00a0Minuten\" \/>\n<script type=\"application\/ld+json\" class=\"yoast-schema-graph\">{\"@context\":\"https:\\\/\\\/schema.org\",\"@graph\":[{\"@type\":\"Article\",\"@id\":\"https:\\\/\\\/odettekocht.de\\\/de\\\/2021\\\/persoenliches\\\/monatsrueckblick\\\/monatsrueckblick-bye-bye-mai\\\/#article\",\"isPartOf\":{\"@id\":\"https:\\\/\\\/odettekocht.de\\\/de\\\/2021\\\/persoenliches\\\/monatsrueckblick\\\/monatsrueckblick-bye-bye-mai\\\/\"},\"author\":{\"name\":\"Odette\",\"@id\":\"https:\\\/\\\/odettekocht.de\\\/de\\\/#\\\/schema\\\/person\\\/a18de4234a9756c34375e14890d733f7\"},\"headline\":\"Monatsr\u00fcckblick: Bye bye Mai\",\"datePublished\":\"2021-06-01T15:08:45+00:00\",\"dateModified\":\"2021-12-18T13:59:51+00:00\",\"mainEntityOfPage\":{\"@id\":\"https:\\\/\\\/odettekocht.de\\\/de\\\/2021\\\/persoenliches\\\/monatsrueckblick\\\/monatsrueckblick-bye-bye-mai\\\/\"},\"wordCount\":1253,\"commentCount\":3,\"publisher\":{\"@id\":\"https:\\\/\\\/odettekocht.de\\\/de\\\/#\\\/schema\\\/person\\\/a18de4234a9756c34375e14890d733f7\"},\"image\":{\"@id\":\"https:\\\/\\\/odettekocht.de\\\/de\\\/2021\\\/persoenliches\\\/monatsrueckblick\\\/monatsrueckblick-bye-bye-mai\\\/#primaryimage\"},\"thumbnailUrl\":\"https:\\\/\\\/odettekocht.de\\\/de\\\/wp-content\\\/uploads\\\/2021\\\/05\\\/02091406-3D17-4787-BBC8-F8BE72A79F9B-1024x1024.jpeg\",\"keywords\":[\"Monatsr\u00fcckblick\"],\"articleSection\":[\"Monatsr\u00fcckblick\"],\"inLanguage\":\"de\",\"potentialAction\":[{\"@type\":\"CommentAction\",\"name\":\"Comment\",\"target\":[\"https:\\\/\\\/odettekocht.de\\\/de\\\/2021\\\/persoenliches\\\/monatsrueckblick\\\/monatsrueckblick-bye-bye-mai\\\/#respond\"]}]},{\"@type\":\"WebPage\",\"@id\":\"https:\\\/\\\/odettekocht.de\\\/de\\\/2021\\\/persoenliches\\\/monatsrueckblick\\\/monatsrueckblick-bye-bye-mai\\\/\",\"url\":\"https:\\\/\\\/odettekocht.de\\\/de\\\/2021\\\/persoenliches\\\/monatsrueckblick\\\/monatsrueckblick-bye-bye-mai\\\/\",\"name\":\"Monatsr\u00fcckblick: Bye bye Mai - ODETTE KOCHT\",\"isPartOf\":{\"@id\":\"https:\\\/\\\/odettekocht.de\\\/de\\\/#website\"},\"primaryImageOfPage\":{\"@id\":\"https:\\\/\\\/odettekocht.de\\\/de\\\/2021\\\/persoenliches\\\/monatsrueckblick\\\/monatsrueckblick-bye-bye-mai\\\/#primaryimage\"},\"image\":{\"@id\":\"https:\\\/\\\/odettekocht.de\\\/de\\\/2021\\\/persoenliches\\\/monatsrueckblick\\\/monatsrueckblick-bye-bye-mai\\\/#primaryimage\"},\"thumbnailUrl\":\"https:\\\/\\\/odettekocht.de\\\/de\\\/wp-content\\\/uploads\\\/2021\\\/05\\\/02091406-3D17-4787-BBC8-F8BE72A79F9B-1024x1024.jpeg\",\"datePublished\":\"2021-06-01T15:08:45+00:00\",\"dateModified\":\"2021-12-18T13:59:51+00:00\",\"description\":\"Mein pers\u00f6nlicher R\u00fcckblick auf den Mai. Was alles so passiert ist und warum der Mai ein guter Monat f\u00fcr mich war...\",\"breadcrumb\":{\"@id\":\"https:\\\/\\\/odettekocht.de\\\/de\\\/2021\\\/persoenliches\\\/monatsrueckblick\\\/monatsrueckblick-bye-bye-mai\\\/#breadcrumb\"},\"inLanguage\":\"de\",\"potentialAction\":[{\"@type\":\"ReadAction\",\"target\":[\"https:\\\/\\\/odettekocht.de\\\/de\\\/2021\\\/persoenliches\\\/monatsrueckblick\\\/monatsrueckblick-bye-bye-mai\\\/\"]}]},{\"@type\":\"ImageObject\",\"inLanguage\":\"de\",\"@id\":\"https:\\\/\\\/odettekocht.de\\\/de\\\/2021\\\/persoenliches\\\/monatsrueckblick\\\/monatsrueckblick-bye-bye-mai\\\/#primaryimage\",\"url\":\"https:\\\/\\\/odettekocht.de\\\/de\\\/wp-content\\\/uploads\\\/2021\\\/05\\\/02091406-3D17-4787-BBC8-F8BE72A79F9B.jpeg\",\"contentUrl\":\"https:\\\/\\\/odettekocht.de\\\/de\\\/wp-content\\\/uploads\\\/2021\\\/05\\\/02091406-3D17-4787-BBC8-F8BE72A79F9B.jpeg\",\"width\":1280,\"height\":1280},{\"@type\":\"BreadcrumbList\",\"@id\":\"https:\\\/\\\/odettekocht.de\\\/de\\\/2021\\\/persoenliches\\\/monatsrueckblick\\\/monatsrueckblick-bye-bye-mai\\\/#breadcrumb\",\"itemListElement\":[{\"@type\":\"ListItem\",\"position\":1,\"name\":\"Startseite\",\"item\":\"https:\\\/\\\/odettekocht.de\\\/de\\\/\"},{\"@type\":\"ListItem\",\"position\":2,\"name\":\"Monatsr\u00fcckblick: Bye bye Mai\"}]},{\"@type\":\"WebSite\",\"@id\":\"https:\\\/\\\/odettekocht.de\\\/de\\\/#website\",\"url\":\"https:\\\/\\\/odettekocht.de\\\/de\\\/\",\"name\":\"ODETTE KOCHT\",\"description\":\"QUERBEET | KREATIV | NEUGIERIG\",\"publisher\":{\"@id\":\"https:\\\/\\\/odettekocht.de\\\/de\\\/#\\\/schema\\\/person\\\/a18de4234a9756c34375e14890d733f7\"},\"potentialAction\":[{\"@type\":\"SearchAction\",\"target\":{\"@type\":\"EntryPoint\",\"urlTemplate\":\"https:\\\/\\\/odettekocht.de\\\/de\\\/?s={search_term_string}\"},\"query-input\":{\"@type\":\"PropertyValueSpecification\",\"valueRequired\":true,\"valueName\":\"search_term_string\"}}],\"inLanguage\":\"de\"},{\"@type\":[\"Person\",\"Organization\"],\"@id\":\"https:\\\/\\\/odettekocht.de\\\/de\\\/#\\\/schema\\\/person\\\/a18de4234a9756c34375e14890d733f7\",\"name\":\"Odette\",\"logo\":{\"@id\":\"https:\\\/\\\/odettekocht.de\\\/de\\\/#\\\/schema\\\/person\\\/image\\\/\"}}]}<\/script>\n<!-- \/ Yoast SEO plugin. -->","yoast_head_json":{"title":"Monatsr\u00fcckblick: Bye bye Mai - ODETTE KOCHT","description":"Mein pers\u00f6nlicher R\u00fcckblick auf den Mai. Was alles so passiert ist und warum der Mai ein guter Monat f\u00fcr mich war...","robots":{"index":"index","follow":"follow","max-snippet":"max-snippet:-1","max-image-preview":"max-image-preview:large","max-video-preview":"max-video-preview:-1"},"canonical":"https:\/\/odettekocht.de\/de\/2021\/persoenliches\/monatsrueckblick\/monatsrueckblick-bye-bye-mai\/","og_locale":"de_DE","og_type":"article","og_title":"Monatsr\u00fcckblick: Bye bye Mai - ODETTE KOCHT","og_description":"Mein pers\u00f6nlicher R\u00fcckblick auf den Mai. Was alles so passiert ist und warum der Mai ein guter Monat f\u00fcr mich war...","og_url":"https:\/\/odettekocht.de\/de\/2021\/persoenliches\/monatsrueckblick\/monatsrueckblick-bye-bye-mai\/","og_site_name":"ODETTE KOCHT","article_published_time":"2021-06-01T15:08:45+00:00","article_modified_time":"2021-12-18T13:59:51+00:00","og_image":[{"url":"https:\/\/odettekocht.de\/de\/wp-content\/uploads\/2021\/05\/02091406-3D17-4787-BBC8-F8BE72A79F9B-1024x1024.jpeg","type":"","width":"","height":""}],"author":"Odette","twitter_card":"summary_large_image","twitter_misc":{"Verfasst von":"Odette","Gesch\u00e4tzte Lesezeit":"7\u00a0Minuten"},"schema":{"@context":"https:\/\/schema.org","@graph":[{"@type":"Article","@id":"https:\/\/odettekocht.de\/de\/2021\/persoenliches\/monatsrueckblick\/monatsrueckblick-bye-bye-mai\/#article","isPartOf":{"@id":"https:\/\/odettekocht.de\/de\/2021\/persoenliches\/monatsrueckblick\/monatsrueckblick-bye-bye-mai\/"},"author":{"name":"Odette","@id":"https:\/\/odettekocht.de\/de\/#\/schema\/person\/a18de4234a9756c34375e14890d733f7"},"headline":"Monatsr\u00fcckblick: Bye bye Mai","datePublished":"2021-06-01T15:08:45+00:00","dateModified":"2021-12-18T13:59:51+00:00","mainEntityOfPage":{"@id":"https:\/\/odettekocht.de\/de\/2021\/persoenliches\/monatsrueckblick\/monatsrueckblick-bye-bye-mai\/"},"wordCount":1253,"commentCount":3,"publisher":{"@id":"https:\/\/odettekocht.de\/de\/#\/schema\/person\/a18de4234a9756c34375e14890d733f7"},"image":{"@id":"https:\/\/odettekocht.de\/de\/2021\/persoenliches\/monatsrueckblick\/monatsrueckblick-bye-bye-mai\/#primaryimage"},"thumbnailUrl":"https:\/\/odettekocht.de\/de\/wp-content\/uploads\/2021\/05\/02091406-3D17-4787-BBC8-F8BE72A79F9B-1024x1024.jpeg","keywords":["Monatsr\u00fcckblick"],"articleSection":["Monatsr\u00fcckblick"],"inLanguage":"de","potentialAction":[{"@type":"CommentAction","name":"Comment","target":["https:\/\/odettekocht.de\/de\/2021\/persoenliches\/monatsrueckblick\/monatsrueckblick-bye-bye-mai\/#respond"]}]},{"@type":"WebPage","@id":"https:\/\/odettekocht.de\/de\/2021\/persoenliches\/monatsrueckblick\/monatsrueckblick-bye-bye-mai\/","url":"https:\/\/odettekocht.de\/de\/2021\/persoenliches\/monatsrueckblick\/monatsrueckblick-bye-bye-mai\/","name":"Monatsr\u00fcckblick: Bye bye Mai - ODETTE KOCHT","isPartOf":{"@id":"https:\/\/odettekocht.de\/de\/#website"},"primaryImageOfPage":{"@id":"https:\/\/odettekocht.de\/de\/2021\/persoenliches\/monatsrueckblick\/monatsrueckblick-bye-bye-mai\/#primaryimage"},"image":{"@id":"https:\/\/odettekocht.de\/de\/2021\/persoenliches\/monatsrueckblick\/monatsrueckblick-bye-bye-mai\/#primaryimage"},"thumbnailUrl":"https:\/\/odettekocht.de\/de\/wp-content\/uploads\/2021\/05\/02091406-3D17-4787-BBC8-F8BE72A79F9B-1024x1024.jpeg","datePublished":"2021-06-01T15:08:45+00:00","dateModified":"2021-12-18T13:59:51+00:00","description":"Mein pers\u00f6nlicher R\u00fcckblick auf den Mai. Was alles so passiert ist und warum der Mai ein guter Monat f\u00fcr mich war...","breadcrumb":{"@id":"https:\/\/odettekocht.de\/de\/2021\/persoenliches\/monatsrueckblick\/monatsrueckblick-bye-bye-mai\/#breadcrumb"},"inLanguage":"de","potentialAction":[{"@type":"ReadAction","target":["https:\/\/odettekocht.de\/de\/2021\/persoenliches\/monatsrueckblick\/monatsrueckblick-bye-bye-mai\/"]}]},{"@type":"ImageObject","inLanguage":"de","@id":"https:\/\/odettekocht.de\/de\/2021\/persoenliches\/monatsrueckblick\/monatsrueckblick-bye-bye-mai\/#primaryimage","url":"https:\/\/odettekocht.de\/de\/wp-content\/uploads\/2021\/05\/02091406-3D17-4787-BBC8-F8BE72A79F9B.jpeg","contentUrl":"https:\/\/odettekocht.de\/de\/wp-content\/uploads\/2021\/05\/02091406-3D17-4787-BBC8-F8BE72A79F9B.jpeg","width":1280,"height":1280},{"@type":"BreadcrumbList","@id":"https:\/\/odettekocht.de\/de\/2021\/persoenliches\/monatsrueckblick\/monatsrueckblick-bye-bye-mai\/#breadcrumb","itemListElement":[{"@type":"ListItem","position":1,"name":"Startseite","item":"https:\/\/odettekocht.de\/de\/"},{"@type":"ListItem","position":2,"name":"Monatsr\u00fcckblick: Bye bye Mai"}]},{"@type":"WebSite","@id":"https:\/\/odettekocht.de\/de\/#website","url":"https:\/\/odettekocht.de\/de\/","name":"ODETTE KOCHT","description":"QUERBEET | KREATIV | NEUGIERIG","publisher":{"@id":"https:\/\/odettekocht.de\/de\/#\/schema\/person\/a18de4234a9756c34375e14890d733f7"},"potentialAction":[{"@type":"SearchAction","target":{"@type":"EntryPoint","urlTemplate":"https:\/\/odettekocht.de\/de\/?s={search_term_string}"},"query-input":{"@type":"PropertyValueSpecification","valueRequired":true,"valueName":"search_term_string"}}],"inLanguage":"de"},{"@type":["Person","Organization"],"@id":"https:\/\/odettekocht.de\/de\/#\/schema\/person\/a18de4234a9756c34375e14890d733f7","name":"Odette","logo":{"@id":"https:\/\/odettekocht.de\/de\/#\/schema\/person\/image\/"}}]}},"acf":[],"_links":{"self":[{"href":"https:\/\/odettekocht.de\/de\/wp-json\/wp\/v2\/posts\/988","targetHints":{"allow":["GET"]}}],"collection":[{"href":"https:\/\/odettekocht.de\/de\/wp-json\/wp\/v2\/posts"}],"about":[{"href":"https:\/\/odettekocht.de\/de\/wp-json\/wp\/v2\/types\/post"}],"author":[{"embeddable":true,"href":"https:\/\/odettekocht.de\/de\/wp-json\/wp\/v2\/users\/1"}],"replies":[{"embeddable":true,"href":"https:\/\/odettekocht.de\/de\/wp-json\/wp\/v2\/comments?post=988"}],"version-history":[{"count":9,"href":"https:\/\/odettekocht.de\/de\/wp-json\/wp\/v2\/posts\/988\/revisions"}],"predecessor-version":[{"id":1268,"href":"https:\/\/odettekocht.de\/de\/wp-json\/wp\/v2\/posts\/988\/revisions\/1268"}],"wp:attachment":[{"href":"https:\/\/odettekocht.de\/de\/wp-json\/wp\/v2\/media?parent=988"}],"wp:term":[{"taxonomy":"category","embeddable":true,"href":"https:\/\/odettekocht.de\/de\/wp-json\/wp\/v2\/categories?post=988"},{"taxonomy":"post_tag","embeddable":true,"href":"https:\/\/odettekocht.de\/de\/wp-json\/wp\/v2\/tags?post=988"}],"curies":[{"name":"wp","href":"https:\/\/api.w.org\/{rel}","templated":true}]}}